{"id":385123,"date":"2022-09-24T00:07:02","date_gmt":"2022-09-24T04:07:02","guid":{"rendered":"http:\/\/diariodominicano.com\/?p=385123"},"modified":"2022-09-24T08:21:39","modified_gmt":"2022-09-24T12:21:39","slug":"un-agente-de-la-pn-asesina-a-amin-abel-hasbum","status":"publish","type":"post","link":"https:\/\/diariodominicano.com\/?p=385123","title":{"rendered":"Un agente de patrulla PN asesina a Am\u00edn Abel Hasbum"},"content":{"rendered":"\n<p>SANTO DOMINGO,&nbsp; el&nbsp; 24 de septiembre de 1970, fue asesinado el l\u00edder del Movimiento Popular Dominicano (MPD) Am\u00edn Abel Hasbum.<\/p>\n\n\n\n<p>&nbsp;&nbsp;&nbsp; Am\u00edn Abel Hasbum, naci\u00f3 en ciudad Santo Domingo el 12 de octubre 1941.<\/p>\n\n\n\n<p>Am\u00edn fue asesinado por un agente de la Polic\u00eda Nacional en la escalera de su residencia en la calle Francisco Henr\u00edquez y Carvajal n\u00famero 283, cuando era conducido detenido por agentes policiales que allanaron la vivienda.<\/p>\n\n\n\n<p>&nbsp;&nbsp; La esposa de Am\u00edn Abel Hasbum, Mirna Santos, dijo que su c\u00f3nyuge fue ultimado por el cabo de la Polic\u00eda Luis Herm\u00f3genes&nbsp; L\u00f3pez Acosta. Cuando el agente le dispar\u00f3, el ayudante del Fiscal del Distrito Nacional, doctor Tucidides Mart\u00ednez Howley, se encontraba fuera, lo que provoc\u00f3 un movimiento de protesta.<\/p>\n\n\n\n<p>&nbsp;&nbsp;&nbsp;&nbsp; La familia y varios periodistas expresaron el criterio de que la patrulla de la Polic\u00eda cometi\u00f3 el crimen porque el funcionario del Ministerio P\u00fablico&nbsp; dej\u00f3 solo al detenido.<\/p>\n\n\n\n<p>&nbsp;&nbsp;&nbsp; Am\u00edn Abel Hasbum desde muy joven se destac\u00f3 por su lucha en el movimiento estudiantil y la izquierda. Por sus actividades pol\u00edticas era objeto de persecuci\u00f3n de parte de agentes de los organismos de seguridad del Gobierno del Presidente Joaqu\u00edn Balaguer.<\/p>\n\n\n\n<p><strong>En el 52 aniversario del asesinato, Narciso Isa Conde en nombre de la COORDINACI\u00d3N CENTRAL DEL MOVIMIENTO CAAMA\u00d1ISTA-MC   recuerda:<\/strong><\/p>\n\n\n\n<p>Recordamos su valent\u00eda, su moral, su talento, su &nbsp;sobresaliente dedicaci\u00f3n al estudio, su humildad, su sensibilidad humana y social.<\/p>\n\n\n\n<p>Recordamos con dolor y rabia la villan\u00eda de su asesinato.<\/p>\n\n\n\n<p>Am\u00edn ten\u00eda el temple del acero y la ternura del clavel.<\/p>\n\n\n\n<p>Estudi\u00f3 y luch\u00f3 para servir a su pueblo.<\/p>\n\n\n\n<p>Por eso exhortamos a las nuevas generaciones a conocer su vida, su lucha, su condici\u00f3n humana, su ejemplo como profesional brillante y militante de las mejores causas.<\/p>\n\n\n\n<p>Sus&nbsp; ideas &nbsp;y sus acciones &nbsp;deben perdurar en la memoria colectiva para contribuir a contrarrestar y derrotar los antivalores predominantes en esta sociedad capitalista decadente y degradante, apunt\u00f3 Narciso Isa Conde.<\/p>\n\n\n\n<p>&nbsp;&nbsp;&nbsp;&nbsp; Lo acusaban de promover el comunismo y participar en actividades terroristas.<\/p>\n\n\n\n<p>&nbsp;&nbsp;&nbsp;&nbsp;&nbsp; En 1964, fue electo secretario general de la Federaci\u00f3n de Estudiantes Dominicanos (FED) y se gradu\u00f3 Magna Cum Laude de ingenier\u00eda civil.<\/p>\n\n\n\n<p>destacado papel en lucha universitaria y popular contra el Golpe de Estado del 63, su participaci\u00f3n&nbsp; en insurrecci\u00f3n de abril 1965, &nbsp;su militancia en FRAGUA, la FED, el IJ4 y el MPD. Sus audaces combates contra el r\u00e9gimen de Balaguer.<\/p>\n\n\n\n<p>Recordamos su valent\u00eda, su moral, su talento, su &nbsp;sobresaliente dedicaci\u00f3n al estudio, su humildad, su sensibilidad humana y social.<\/p>\n\n\n\n<p>&nbsp;&nbsp;&nbsp; En marzo de 1970, Am\u00edn Abel Hasbum&nbsp; fue acusado junto a varios miembros del MPD, incluidos Rafael \u2013Fafa- Taveras y&nbsp; Otto Morales, de participar en secuestro del agregado militar de Estados Unidos, Donald Jersey Crowly.<\/p>\n","protected":false},"excerpt":{"rendered":"<p>SANTO DOMINGO,&nbsp; el&nbsp; 24 de septiembre de 1970, fue asesinado el l\u00edder del Movimiento Popular Dominicano (MPD) Am\u00edn Abel Hasbum. &nbsp;&nbsp;&nbsp; Am\u00edn Abel Hasbum, naci\u00f3 en ciudad Santo Domingo el 12 de octubre 1941. Am\u00edn fue asesinado por un agente de la Polic\u00eda Nacional en la escalera de su residencia en la calle Francisco Henr\u00edquez [&hellip;]<\/p>\n","protected":false},"author":28,"featured_media":299007,"comment_status":"closed","ping_status":"","sticky":true,"template":"","format":"standard","meta":{"footnotes":""},"categories":[26,27],"tags":[],"class_list":["post-385123","post","type-post","status-publish","format-standard","has-post-thumbnail","hentry","category-efemerides","category-portada"],"_links":{"self":[{"href":"https:\/\/diariodominicano.com\/index.php?rest_route=\/wp\/v2\/posts\/385123","targetHints":{"allow":["GET"]}}],"collection":[{"href":"https:\/\/diariodominicano.com\/index.php?rest_route=\/wp\/v2\/posts"}],"about":[{"href":"https:\/\/diariodominicano.com\/index.php?rest_route=\/wp\/v2\/types\/post"}],"author":[{"embeddable":true,"href":"https:\/\/diariodominicano.com\/index.php?rest_route=\/wp\/v2\/users\/28"}],"replies":[{"embeddable":true,"href":"https:\/\/diariodominicano.com\/index.php?rest_route=%2Fwp%2Fv2%2Fcomments&post=385123"}],"version-history":[{"count":5,"href":"https:\/\/diariodominicano.com\/index.php?rest_route=\/wp\/v2\/posts\/385123\/revisions"}],"predecessor-version":[{"id":385157,"href":"https:\/\/diariodominicano.com\/index.php?rest_route=\/wp\/v2\/posts\/385123\/revisions\/385157"}],"wp:featuredmedia":[{"embeddable":true,"href":"https:\/\/diariodominicano.com\/index.php?rest_route=\/wp\/v2\/media\/299007"}],"wp:attachment":[{"href":"https:\/\/diariodominicano.com\/index.php?rest_route=%2Fwp%2Fv2%2Fmedia&parent=385123"}],"wp:term":[{"taxonomy":"category","embeddable":true,"href":"https:\/\/diariodominicano.com\/index.php?rest_route=%2Fwp%2Fv2%2Fcategories&post=385123"},{"taxonomy":"post_tag","embeddable":true,"href":"https:\/\/diariodominicano.com\/index.php?rest_route=%2Fwp%2Fv2%2Ftags&post=385123"}],"curies":[{"name":"wp","href":"https:\/\/api.w.org\/{rel}","templated":true}]}}