{"id":385101,"date":"2022-09-23T23:57:09","date_gmt":"2022-09-24T03:57:09","guid":{"rendered":"http:\/\/diariodominicano.com\/?p=385101"},"modified":"2022-09-23T23:57:09","modified_gmt":"2022-09-24T03:57:09","slug":"el-dia-que-nacio-maximo-cabral-2","status":"publish","type":"post","link":"https:\/\/diariodominicano.com\/?p=385101","title":{"rendered":"El d\u00eda que naci\u00f3 M\u00e1ximo Cabral"},"content":{"rendered":"\n<p>Por HTN<\/p>\n\n\n\n<p>Diariodominicano.com<\/p>\n\n\n\n<p>MAO, Valverde, el\u00a0 24 de septiembre de 1889, naci\u00f3 en Mao, M\u00e1ximo A. Cabral, hijo\u00a0 de M\u00e1ximo Cabral y Eudoxia Reyes.<\/p>\n\n\n\n<p>&nbsp;&nbsp;&nbsp;&nbsp; Entre sus formadores se encuentra la educadora Ercilia Pep\u00edn.<\/p>\n\n\n\n<p>&nbsp;&nbsp;&nbsp;&nbsp; M\u00e1ximo Cabral desde muy joven particip\u00f3 en actividades pol\u00edticas&nbsp; y fue un colaborador del general Desiderio Arias.<\/p>\n\n\n\n<p>&nbsp;&nbsp;&nbsp;&nbsp; Muri\u00f3 el 3 de julio de 1916, cuando un grupo de dominicanos se enfrentaron a tropas de Estados Unidos, que extend\u00edan la ocupaci\u00f3n militar a la&nbsp; L\u00ednea&nbsp; Noroeste.<\/p>\n\n\n\n<p>&nbsp;&nbsp;&nbsp; El combate se produjo en la Barranquita, cerca del municipio de Esperanza.<\/p>\n\n\n\n<p>&nbsp;&nbsp;&nbsp; Los dominicanos que se enfrentaron a los militares estadounidenses eran&nbsp; comandados por el general&nbsp; Carlos Daniel Grull\u00f3n.<\/p>\n\n\n\n<p>&nbsp;&nbsp;&nbsp; En el enfrentamiento, que permiti\u00f3 detener el avance de los invasores, murieron&nbsp; varios dominicanos, entre los que se encontraban M\u00e1ximo Cabral Reyes, Francisco Pe\u00f1a, Carlos Guti\u00e9rrez&nbsp; Jim\u00e9nez, Magdaleno Zapata y Agust\u00edin Cabral hijo.<\/p>\n\n\n\n<p>&nbsp;&nbsp;&nbsp;&nbsp; Los militares estadounidenses comandados por el almirante John H. Pendleton, hab\u00edan desembarcado por&nbsp; Montecristi.<\/p>\n\n\n\n<p>&nbsp;&nbsp;&nbsp; La batalla de la Barranquita simboliza el hero\u00edsmo de los dominicanos en la lucha contra la intervenci\u00f3n militar de Estados Unidos, en el a\u00f1o 1916.<\/p>\n","protected":false},"excerpt":{"rendered":"<p>Por HTN Diariodominicano.com MAO, Valverde, el\u00a0 24 de septiembre de 1889, naci\u00f3 en Mao, M\u00e1ximo A. Cabral, hijo\u00a0 de M\u00e1ximo Cabral y Eudoxia Reyes. &nbsp;&nbsp;&nbsp;&nbsp; Entre sus formadores se encuentra la educadora Ercilia Pep\u00edn. &nbsp;&nbsp;&nbsp;&nbsp; M\u00e1ximo Cabral desde muy joven particip\u00f3 en actividades pol\u00edticas&nbsp; y fue un colaborador del general Desiderio Arias. &nbsp;&nbsp;&nbsp;&nbsp; Muri\u00f3 el [&hellip;]<\/p>\n","protected":false},"author":28,"featured_media":0,"comment_status":"closed","ping_status":"","sticky":true,"template":"","format":"standard","meta":{"footnotes":""},"categories":[26,27],"tags":[],"class_list":["post-385101","post","type-post","status-publish","format-standard","hentry","category-efemerides","category-portada"],"_links":{"self":[{"href":"https:\/\/diariodominicano.com\/index.php?rest_route=\/wp\/v2\/posts\/385101","targetHints":{"allow":["GET"]}}],"collection":[{"href":"https:\/\/diariodominicano.com\/index.php?rest_route=\/wp\/v2\/posts"}],"about":[{"href":"https:\/\/diariodominicano.com\/index.php?rest_route=\/wp\/v2\/types\/post"}],"author":[{"embeddable":true,"href":"https:\/\/diariodominicano.com\/index.php?rest_route=\/wp\/v2\/users\/28"}],"replies":[{"embeddable":true,"href":"https:\/\/diariodominicano.com\/index.php?rest_route=%2Fwp%2Fv2%2Fcomments&post=385101"}],"version-history":[{"count":1,"href":"https:\/\/diariodominicano.com\/index.php?rest_route=\/wp\/v2\/posts\/385101\/revisions"}],"predecessor-version":[{"id":385102,"href":"https:\/\/diariodominicano.com\/index.php?rest_route=\/wp\/v2\/posts\/385101\/revisions\/385102"}],"wp:attachment":[{"href":"https:\/\/diariodominicano.com\/index.php?rest_route=%2Fwp%2Fv2%2Fmedia&parent=385101"}],"wp:term":[{"taxonomy":"category","embeddable":true,"href":"https:\/\/diariodominicano.com\/index.php?rest_route=%2Fwp%2Fv2%2Fcategories&post=385101"},{"taxonomy":"post_tag","embeddable":true,"href":"https:\/\/diariodominicano.com\/index.php?rest_route=%2Fwp%2Fv2%2Ftags&post=385101"}],"curies":[{"name":"wp","href":"https:\/\/api.w.org\/{rel}","templated":true}]}}