{"id":385087,"date":"2022-09-23T23:26:56","date_gmt":"2022-09-24T03:26:56","guid":{"rendered":"http:\/\/diariodominicano.com\/?p=385087"},"modified":"2022-09-23T23:26:56","modified_gmt":"2022-09-24T03:26:56","slug":"recordando-a-amin-abel-y-rindiendole-el-tributo-merecido","status":"publish","type":"post","link":"https:\/\/diariodominicano.com\/?p=385087","title":{"rendered":"RECORDANDO A AM\u00cdN ABEL Y RINDI\u00c9NDOLE EL TRIBUTO MERECIDO"},"content":{"rendered":"\n<p>Am\u00edn Abel <\/p>\n\n\n\n<figure class=\"wp-block-image size-large\"><img decoding=\"async\" src=\"https:\/\/diariodominicano.com\/wp-content\/uploads\/2021\/06\/Narciso-Isa-Conde-1024x526.jpg\" alt=\"\" class=\"wp-image-281196\"\/><figcaption>Narciso Isa Conde<\/figcaption><\/figure>\n\n\n\n<p>Narciso Isa Conde<\/p>\n\n\n\n<p>En el 52 aniversario de su asesinato recordamos su estirpe como ser humano y luchador por la libertad y el socialismo,<\/p>\n\n\n\n<p>Recordamos su hero\u00edsmo\u2026 &nbsp;su liderazgo estudiantil, destacado papel en lucha universitaria y popular contra el Golpe de Estado del 63, su participaci\u00f3n&nbsp; en insurrecci\u00f3n de abril 1965, &nbsp;su militancia en FRAGUA, la FED, el IJ4 y el MPD. Sus audaces combates contra el r\u00e9gimen de Balaguer.<\/p>\n\n\n\n<p>Recordamos su valent\u00eda, su moral, su talento, su &nbsp;sobresaliente dedicaci\u00f3n al estudio, su humildad, su sensibilidad humana y social.<\/p>\n\n\n\n<p>Recordamos con dolor y rabia la villan\u00eda de su asesinato.<\/p>\n\n\n\n<p>Am\u00edn ten\u00eda el temple del acero y la ternura del clavel.<\/p>\n\n\n\n<p>Estudi\u00f3 y luch\u00f3 para servir a su pueblo.<\/p>\n\n\n\n<p>Por eso exhortamos a las nuevas generaciones a conocer su vida, su lucha, su condici\u00f3n humana, su ejemplo como profesional brillante y militante de las mejores causas.<\/p>\n\n\n\n<p>Sus&nbsp; ideas &nbsp;y sus acciones &nbsp;deben perdurar en la memoria colectiva para contribuir a contrarrestar y derrotar los antivalores predominantes en esta sociedad capitalista decadente y degradante.<\/p>\n\n\n\n<p>Rind\u00e1mosle honores a su trascendencia este s\u00e1bado 24 de septiembre a las 9:30 a.m. en el Cementerio de la M\u00e1ximo G\u00f3mez, en el acto convocado por nuestros\/sa camaradas del MPD.<\/p>\n\n\n\n<p>\u00a0\u00a0\u00a0\u00a0\u00a0\u00a0\u00a0\u00a0\u00a0\u00a0\u00a0\u00a0\u00a0\u00a0\u00a0\u00a0\u00a0\u00a0\u00a0\u00a0\u00a0\u00a0\u00a0\u00a0\u00a0\u00a0 COORDINACI\u00d3N CENTRAL DEL MOVIMIENTO CAAMA\u00d1ISTA-MC<\/p>\n\n\n\n<p>Narciso Isa Conde<a target=\"_blank\" href=\"mailto:narsoisa@gmail.com\" rel=\"noreferrer noopener\">narsoisa@gmail.com<\/a><\/p>\n\n\n\n<p>23-09-2022 Santo Domingo, RD.<\/p>\n","protected":false},"excerpt":{"rendered":"<p>Am\u00edn Abel Narciso Isa Conde En el 52 aniversario de su asesinato recordamos su estirpe como ser humano y luchador por la libertad y el socialismo, Recordamos su hero\u00edsmo\u2026 &nbsp;su liderazgo estudiantil, destacado papel en lucha universitaria y popular contra el Golpe de Estado del 63, su participaci\u00f3n&nbsp; en insurrecci\u00f3n de abril 1965, &nbsp;su militancia [&hellip;]<\/p>\n","protected":false},"author":28,"featured_media":299007,"comment_status":"closed","ping_status":"","sticky":true,"template":"","format":"standard","meta":{"footnotes":""},"categories":[26,27],"tags":[],"class_list":["post-385087","post","type-post","status-publish","format-standard","has-post-thumbnail","hentry","category-efemerides","category-portada"],"_links":{"self":[{"href":"https:\/\/diariodominicano.com\/index.php?rest_route=\/wp\/v2\/posts\/385087","targetHints":{"allow":["GET"]}}],"collection":[{"href":"https:\/\/diariodominicano.com\/index.php?rest_route=\/wp\/v2\/posts"}],"about":[{"href":"https:\/\/diariodominicano.com\/index.php?rest_route=\/wp\/v2\/types\/post"}],"author":[{"embeddable":true,"href":"https:\/\/diariodominicano.com\/index.php?rest_route=\/wp\/v2\/users\/28"}],"replies":[{"embeddable":true,"href":"https:\/\/diariodominicano.com\/index.php?rest_route=%2Fwp%2Fv2%2Fcomments&post=385087"}],"version-history":[{"count":1,"href":"https:\/\/diariodominicano.com\/index.php?rest_route=\/wp\/v2\/posts\/385087\/revisions"}],"predecessor-version":[{"id":385088,"href":"https:\/\/diariodominicano.com\/index.php?rest_route=\/wp\/v2\/posts\/385087\/revisions\/385088"}],"wp:featuredmedia":[{"embeddable":true,"href":"https:\/\/diariodominicano.com\/index.php?rest_route=\/wp\/v2\/media\/299007"}],"wp:attachment":[{"href":"https:\/\/diariodominicano.com\/index.php?rest_route=%2Fwp%2Fv2%2Fmedia&parent=385087"}],"wp:term":[{"taxonomy":"category","embeddable":true,"href":"https:\/\/diariodominicano.com\/index.php?rest_route=%2Fwp%2Fv2%2Fcategories&post=385087"},{"taxonomy":"post_tag","embeddable":true,"href":"https:\/\/diariodominicano.com\/index.php?rest_route=%2Fwp%2Fv2%2Ftags&post=385087"}],"curies":[{"name":"wp","href":"https:\/\/api.w.org\/{rel}","templated":true}]}}