{"id":385039,"date":"2022-09-23T21:47:24","date_gmt":"2022-09-24T01:47:24","guid":{"rendered":"http:\/\/diariodominicano.com\/?p=385039"},"modified":"2022-09-23T21:47:24","modified_gmt":"2022-09-24T01:47:24","slug":"world-vision-fe-y-alegria-servicio-jesuita-y-pucmm-lanzan-diplomado-sobre-interculturalidad-derechos-humanos-y-relaciones-binacionales","status":"publish","type":"post","link":"https:\/\/diariodominicano.com\/?p=385039","title":{"rendered":"World Vision, Fe y Alegr\u00eda, Servicio Jesuita y PUCMM lanzan diplomado sobre Interculturalidad, Derechos Humanos y Relaciones Binacionales"},"content":{"rendered":"\n<p><\/p>\n\n\n\n<p><em>Este diplomado se desarrolla en el marco del Programa Cooperaci\u00f3n Binacional&nbsp;<strong>Convivencia<\/strong>&nbsp;en favor de las relaciones entre Rep\u00fablica Dominicana y Hait\u00ed, con el apoyo y financiamiento de la Uni\u00f3n Europea<\/em><\/p>\n\n\n\n<p><strong>Santo Domingo, RD.-\u00a0<\/strong>La organizaci\u00f3n internacional\u00a0<strong><em>World Vision<\/em>\u00a0Rep\u00fablica Dominicana<\/strong>, Fe y Alegr\u00eda Hait\u00ed, y el Servicio Jesuita a Refugiados y Migrantes en Hait\u00ed dieron apertura al Diplomado \u201cInterculturalidad, Derechos Humanos y Relaciones Binacionales\u201d,\u00a0<strong>con el financiamiento de la Uni\u00f3n Europea (UE)<\/strong>, que ser\u00e1 impartido por personal de la Pontificia Universidad Cat\u00f3lica Madre y Maestra (PUCMM).<\/p>\n\n\n\n<p>Esta actividad se desarrolla en el marco del proyecto&nbsp;<em>\u201cDominicana y Hait\u00ed en buena vecindad\u201d<\/em>, que se implementa en las provincias fronterizas dominicanas de Jiman\u00ed, Dajab\u00f3n y Montecristi; y en la comuna fronteriza de&nbsp;<em>Ouanaminthe&nbsp;<\/em>y el departamento noreste de&nbsp;Hait\u00ed, como parte del&nbsp;<strong>Programa de Cooperaci\u00f3n Binacional<\/strong><strong>&nbsp;Convivencia<\/strong>, financiado por la&nbsp;Uni\u00f3n Europea.<\/p>\n\n\n\n<p>Con la implementaci\u00f3n de este diplomado se busca mejorar los conocimientos de actores clave para las relaciones dominico-haitianas; analizar y promover relaciones binacionales interculturales fundamentadas en los derechos humanos, di\u00e1logo entre la sociedad civil de ambos pa\u00edses, estrategias de negociaci\u00f3n bilaterales, comercio binacional y cuidado del medio ambiente.<\/p>\n\n\n\n<p>En ese sentido, el diplomado va dirigido a representantes del Comit\u00e9 de Mediadores de Conflictos Binacionales, organizaciones de la sociedad civil, as\u00ed como tambi\u00e9n representantes de instituciones gubernamentales de ambos pa\u00edses.<\/p>\n\n\n\n<p>Las instituciones coordinadoras del presente diplomado han considerado la necesidad de contribuir al desarrollo de las capacidades locales en la frontera para incidir en las relaciones dom\u00ednico-haitianas, a trav\u00e9s de la aplicaci\u00f3n de los conocimientos adquiridos.<\/p>\n\n\n\n<p>Igualmente, la actividad formativa tendr\u00e1 una duraci\u00f3n de 120 horas. Al final de esta, los participantes recibir\u00e1n un certificado avalado por la PUCMM, con el apoyo World Vision, Fe y Alegr\u00eda Hait\u00ed, Servicio Jesuita a Refugiados y Migrantes de Hait\u00ed y la Uni\u00f3n Europea.<\/p>\n\n\n\n<p>Entre los asistentes a la inauguraci\u00f3n estuvieron Fedorah Pierre-Louis, directora de Compromiso P\u00fablico World Vision Hait\u00ed; Herv\u00e9 Phillipe, consejero t\u00e9cnico del Ordenador Nacional de los Fondos Europeos para el Desarrollo en Hait\u00ed (BONFED); Lidia Encarnaci\u00f3n, directora de Cooperaci\u00f3n Regional del Ministerio de Econom\u00eda Planificaci\u00f3n y Desarrollo de la Rep\u00fablica Dominicana; Sarah Soriano, oficial de Programas de la Delegaci\u00f3n de la Uni\u00f3n Europea; Sara Guilamo, coordinadora pedag\u00f3gica del Diplomado y miembro del Consorcio de Educaci\u00f3n C\u00edvica de PUCMM; Mar\u00eda Gonz\u00e1lez Mata, Jefe de Cooperaci\u00f3n de la Uni\u00f3n Europea en Rep\u00fablica Dominicana y Juan Carlo Ram\u00edrez, director nacional de&nbsp;<strong><em>World Vision<\/em>&nbsp;Rep\u00fablica Dominicana.<\/strong><\/p>\n\n\n\n<p><strong>Palabras de participantes en la inauguraci\u00f3n<\/strong><\/p>\n\n\n\n<p>\u201cEsta inversi\u00f3n en capital humano es altamente rentable y sostenible, ya que se fortalecer\u00e1n recursos humanos en el conocimiento de las relaciones binacionales en asuntos de historia, medio ambiente y desarrollo en actores del sector educativo y comunitario de la frontera dominico-haitiana. Agradezco el apoyo de la Uni\u00f3n Europea en pro del desarrollo de nuestros pa\u00edses y de las relaciones binacionales.&nbsp; Deseo felicitar adem\u00e1s a&nbsp;<em>World Vision<\/em>&nbsp;y a la PUCMM, por el desarrollo de este diplomado, elaborando un programa con calidad y a ser impartido por facilitadores con las competencias requeridas\u00b4\u00b4, expres\u00f3 Lidia Encarnaci\u00f3n.&nbsp;<\/p>\n\n\n\n<p>Mientras que Herv\u00e9 Phillippe, de BONFED, alent\u00f3 a los y las estudiantes a dar lo mejor de s\u00ed y a aprovechar los conocimientos que se ofrecer\u00e1n en este diplomado, y que servir\u00e1n para cumplir con los objetivos del Programa de Cooperaci\u00f3n Binacional.<\/p>\n\n\n\n<p>Por otro lado, Alan Fern\u00e1ndez, oficial de la Uni\u00f3n Europea en Rep\u00fablica Dominicana, sostuvo:\u00a0 \u201cEl programa de cooperaci\u00f3n binacional en curso, con m\u00e1s de \u20ac19.5 millones, contin\u00faa promoviendo la cooperaci\u00f3n entre ambos pa\u00edses. Bas\u00e1ndonos en nuestra propia experiencia, queremos brindar un aprovechamiento rec\u00edproco de sus ventajas competitivas a nivel regional e internacional; y as\u00ed conseguir el desarrollo sostenible de ambas naciones. Con esta cooperaci\u00f3n, hemos contribuido de manera significativa a fortalecer y a crear los canales de comunicaci\u00f3n y di\u00e1logo necesarios entre ambos pa\u00edses. Adem\u00e1s, la Uni\u00f3n Europea tiene un s\u00f3lido compromiso de promover y proteger los derechos humanos, la democracia y el Estado de Derecho en todo el mundo. Con su pol\u00edtica de derechos humanos, la UE promueve los derechos de las mujeres, los ni\u00f1os, las minor\u00edas y las personas desplazadas\u201d.<\/p>\n\n\n\n<p>Juan Carlo Ram\u00edrez, director nacional de\u00a0<strong>World Vision Rep\u00fablica Dominicana,<\/strong>\u00a0concluy\u00f3 se\u00f1alando que \u201cestamos totalmente respaldados, much\u00edsimas gracias por la solidaridad, creo que es un momento hist\u00f3rico que nos toca realmente resolver paradigmas, la organizaci\u00f3n viene trabajando en 100 pa\u00edses con diferentes fronteras, es interesante la frontera que tenemos con Hait\u00ed de 380 kil\u00f3metros que nos dividen, las personas que se formen y se capaciten se van a entrenar para comprender, es importante este paso que se est\u00e1 dando. Nuevamente, agradecer la Uni\u00f3n Europea por este esfuerzo que est\u00e1 haciendo continuamente, como organizaci\u00f3n nos sentimos responsables, con experiencia de 30 a\u00f1os en la frontera y s\u00ed se puede resolver\u00b4\u00b4.<\/p>\n\n\n\n<p>Adem\u00e1s, asistieron representantes del Consejo Nacional de Frontera de la Rep\u00fablica Dominicana, de la Comisi\u00f3n Mixta Bilateral, autoridades gubernamentales, autoridades municipales, acad\u00e9micos de la PUCMM, representante de organizaciones de sociedad civil de las provincias fronteriza donde se ejecuta el proyecto y miembros de\u00a0<strong>World Vision Hait\u00ed.<\/strong><\/p>\n\n\n\n<p><\/p>\n\n\n\n<p><\/p>\n\n\n\n<p><strong>Abraham M\u00e9ndez Rosario<\/strong><\/p>\n\n\n\n<p>Coordinador de Comunicaciones y Relaciones P\u00fablicas<\/p>\n\n\n\n<p>Angel Abraham Mendez<a rel=\"noreferrer noopener\" target=\"_blank\" href=\"mailto:angel_mendez@wvi.org\">angel_mendez@wvi.org<\/a><\/p>\n","protected":false},"excerpt":{"rendered":"<p>Este diplomado se desarrolla en el marco del Programa Cooperaci\u00f3n Binacional&nbsp;Convivencia&nbsp;en favor de las relaciones entre Rep\u00fablica Dominicana y Hait\u00ed, con el apoyo y financiamiento de la Uni\u00f3n Europea Santo Domingo, RD.-\u00a0La organizaci\u00f3n internacional\u00a0World Vision\u00a0Rep\u00fablica Dominicana, Fe y Alegr\u00eda Hait\u00ed, y el Servicio Jesuita a Refugiados y Migrantes en Hait\u00ed dieron apertura al Diplomado \u201cInterculturalidad, [&hellip;]<\/p>\n","protected":false},"author":28,"featured_media":385040,"comment_status":"closed","ping_status":"","sticky":true,"template":"","format":"standard","meta":{"footnotes":""},"categories":[36,20,27],"tags":[],"class_list":["post-385039","post","type-post","status-publish","format-standard","has-post-thumbnail","hentry","category-hombresmujeresycosas","category-dominicana-hoy","category-portada"],"_links":{"self":[{"href":"https:\/\/diariodominicano.com\/index.php?rest_route=\/wp\/v2\/posts\/385039","targetHints":{"allow":["GET"]}}],"collection":[{"href":"https:\/\/diariodominicano.com\/index.php?rest_route=\/wp\/v2\/posts"}],"about":[{"href":"https:\/\/diariodominicano.com\/index.php?rest_route=\/wp\/v2\/types\/post"}],"author":[{"embeddable":true,"href":"https:\/\/diariodominicano.com\/index.php?rest_route=\/wp\/v2\/users\/28"}],"replies":[{"embeddable":true,"href":"https:\/\/diariodominicano.com\/index.php?rest_route=%2Fwp%2Fv2%2Fcomments&post=385039"}],"version-history":[{"count":1,"href":"https:\/\/diariodominicano.com\/index.php?rest_route=\/wp\/v2\/posts\/385039\/revisions"}],"predecessor-version":[{"id":385041,"href":"https:\/\/diariodominicano.com\/index.php?rest_route=\/wp\/v2\/posts\/385039\/revisions\/385041"}],"wp:featuredmedia":[{"embeddable":true,"href":"https:\/\/diariodominicano.com\/index.php?rest_route=\/wp\/v2\/media\/385040"}],"wp:attachment":[{"href":"https:\/\/diariodominicano.com\/index.php?rest_route=%2Fwp%2Fv2%2Fmedia&parent=385039"}],"wp:term":[{"taxonomy":"category","embeddable":true,"href":"https:\/\/diariodominicano.com\/index.php?rest_route=%2Fwp%2Fv2%2Fcategories&post=385039"},{"taxonomy":"post_tag","embeddable":true,"href":"https:\/\/diariodominicano.com\/index.php?rest_route=%2Fwp%2Fv2%2Ftags&post=385039"}],"curies":[{"name":"wp","href":"https:\/\/api.w.org\/{rel}","templated":true}]}}