{"id":384968,"date":"2022-09-23T13:22:58","date_gmt":"2022-09-23T17:22:58","guid":{"rendered":"http:\/\/diariodominicano.com\/?p=384968"},"modified":"2022-09-23T13:23:58","modified_gmt":"2022-09-23T17:23:58","slug":"en-52-aniversario-de-su-asesinato-la-uasd-recuerda-a-amin-abel-hasbun","status":"publish","type":"post","link":"https:\/\/diariodominicano.com\/?p=384968","title":{"rendered":"En 52 aniversario de su asesinato la UASD recuerda a Am\u00edn Abel Hasbun"},"content":{"rendered":"\n<p> La vicerrectora de Extensi\u00f3n de la UASD, Rosal\u00eda Sosa, se dirige a los presentes en la ofrenda floral en el busto de  Am\u00edn Abel Hasb\u00fan \u00a0al conmemorarse \u00a0el 52 aniversario de su asesinato en el  gobierno de los doce a\u00f1os del presidente Joaqu\u00edn Balaguer. \u00a0 <\/p>\n\n\n\n<figure class=\"wp-block-image size-large\"><img loading=\"lazy\" decoding=\"async\" width=\"1024\" height=\"683\" src=\"https:\/\/diariodominicano.com\/wp-content\/uploads\/2022\/09\/Amin-Abel-Hasbun-familiares-23092-1024x683.jpg\" alt=\"\" class=\"wp-image-384973\" srcset=\"https:\/\/diariodominicano.com\/wp-content\/uploads\/2022\/09\/Amin-Abel-Hasbun-familiares-23092-1024x683.jpg 1024w, https:\/\/diariodominicano.com\/wp-content\/uploads\/2022\/09\/Amin-Abel-Hasbun-familiares-23092-300x200.jpg 300w, https:\/\/diariodominicano.com\/wp-content\/uploads\/2022\/09\/Amin-Abel-Hasbun-familiares-23092-768x512.jpg 768w, https:\/\/diariodominicano.com\/wp-content\/uploads\/2022\/09\/Amin-Abel-Hasbun-familiares-23092-1536x1025.jpg 1536w, https:\/\/diariodominicano.com\/wp-content\/uploads\/2022\/09\/Amin-Abel-Hasbun-familiares-23092-2048x1367.jpg 2048w, https:\/\/diariodominicano.com\/wp-content\/uploads\/2022\/09\/Amin-Abel-Hasbun-familiares-23092-816x544.jpg 816w\" sizes=\"auto, (max-width: 1024px) 100vw, 1024px\" \/><\/figure>\n\n\n\n<p>  Mirna Mirna Santos y su hijo, Am\u00edn Abel Hasb\u00fan  hijo, familiares y amigo  del extinto dirigente asesinado en el r\u00e9gimen de los doce a\u00f1os que presidi\u00f3 Joaqu\u00edn Balague, durante la ofrenda floral en el busto de Am\u00edn Abel Hasb\u00fan en la Facultad de Ingenier\u00eda y Arquitectura de la UASD. <\/p>\n\n\n\n<figure class=\"wp-block-image size-large\"><img loading=\"lazy\" decoding=\"async\" width=\"1024\" height=\"683\" src=\"https:\/\/diariodominicano.com\/wp-content\/uploads\/2022\/09\/Omar-Segura-decano000-1024x683.jpg\" alt=\"\" class=\"wp-image-384972\" srcset=\"https:\/\/diariodominicano.com\/wp-content\/uploads\/2022\/09\/Omar-Segura-decano000-1024x683.jpg 1024w, https:\/\/diariodominicano.com\/wp-content\/uploads\/2022\/09\/Omar-Segura-decano000-300x200.jpg 300w, https:\/\/diariodominicano.com\/wp-content\/uploads\/2022\/09\/Omar-Segura-decano000-768x512.jpg 768w, https:\/\/diariodominicano.com\/wp-content\/uploads\/2022\/09\/Omar-Segura-decano000-1536x1025.jpg 1536w, https:\/\/diariodominicano.com\/wp-content\/uploads\/2022\/09\/Omar-Segura-decano000-2048x1367.jpg 2048w, https:\/\/diariodominicano.com\/wp-content\/uploads\/2022\/09\/Omar-Segura-decano000-816x544.jpg 816w\" sizes=\"auto, (max-width: 1024px) 100vw, 1024px\" \/><\/figure>\n\n\n\n<p> El decano de la Facultad de Ingenier\u00eda y Arquitectura de la UASD, Omar Segura durante su disertaci\u00f3n sobre la vida de Am\u00edn Abel Hasb\u00fan en el dep\u00f3sito de la ofrenda floral. <\/p>\n\n\n\n<p>La Universidad Aut\u00f3noma de Santo Domingo (UASD) record\u00f3 este viernes al  l\u00edder estudiantil y pol\u00edtico Am\u00edn Abel Hasb\u00fan, con una ofrenda floral en el busto que lleva su nombre en la Facultad de Ingenier\u00eda y Arquitectura, al conmemorarse el 52 aniversario de su asesinato durante el r\u00e9gimen de los doce a\u00f1os\u00a0 del presidente  Joaqu\u00edn Balaguer en el 1970.<\/p>\n\n\n\n<p>Al referirse a quien\u00a0 se gradu\u00f3 con lauros acad\u00e9micos de ingeniero civil, la vicerrectora de extensi\u00f3n de la academia, maestra Rosal\u00eda Sosa dijo que\u00a0 Am\u00edn particip\u00f3 de manera activa en las luchas a favor de la autonom\u00eda de la UASD, y por el fuero universitario, para que la universidad  fuese abierta, democr\u00e1tica y popular.<\/p>\n\n\n\n<p>Sosa dijo que por ser un estudiante que luch\u00f3 por los mejores intereses, Am\u00edn Abel Hasb\u00fan &nbsp;fue declarado \u201cHijo Ejemplar\u201d&nbsp; por el Consejo Universitario, ya que fue un paradigma a seguir por toda la comunidad estudiantil.<\/p>\n\n\n\n<p>Asegur\u00f3 que Abel Hasb\u00fan \u201cnos dej\u00f3 \u00a0como legado un comportamiento firme pero mesurado y sin estridencia\u201d, al jugar un papel importante para lograr la ley de la autonom\u00eda de la UASD, as\u00ed como para que\u00a0 fuera una instituci\u00f3n de ense\u00f1anza del pueblo, y no de una \u00e9lite.<\/p>\n\n\n\n<p>Record\u00f3 que Am\u00edn Abel dej\u00f3 varios art\u00edculos pol\u00edticos escritos,&nbsp; y dej\u00f3 inconcluso su libro titulado \u201cAm\u00e9rica Latina Busca su Camino\u201d, en el<a><\/a>&nbsp;que puntualiza&nbsp; su tesis de que cada pa\u00eds debe elaborar su propia l\u00ednea pol\u00edtica a fin de buscar su propio camino.<\/p>\n\n\n\n<p>\u00a0En su discurso central, Sosa reiter\u00f3 el llamado a transformar a la Universidad Aut\u00f3noma de Santo Domingo, UASD, para que el saber que se promueve se traduzca en un impacto cada vez mayor sobre los estudiantes con responsabilidad social.<\/p>\n\n\n\n<p>En el acto de recordaci\u00f3n, el decano de la Facultad de Ingenier\u00eda y Arquitectura, ingeniero&nbsp; Omar Segura ofreci\u00f3 las palabras de bienvenida; las que aprovech\u00f3 para narrar la historia del homenajeado y su participaci\u00f3n en los grupos sociales.<\/p>\n\n\n\n<figure class=\"wp-block-image size-large\"><img loading=\"lazy\" decoding=\"async\" width=\"1024\" height=\"683\" src=\"https:\/\/diariodominicano.com\/wp-content\/uploads\/2022\/09\/TOM_5231-DIRIGENTE-DEL-FELABEL--1024x683.jpg\" alt=\"\" class=\"wp-image-384974\" srcset=\"https:\/\/diariodominicano.com\/wp-content\/uploads\/2022\/09\/TOM_5231-DIRIGENTE-DEL-FELABEL--1024x683.jpg 1024w, https:\/\/diariodominicano.com\/wp-content\/uploads\/2022\/09\/TOM_5231-DIRIGENTE-DEL-FELABEL--300x200.jpg 300w, https:\/\/diariodominicano.com\/wp-content\/uploads\/2022\/09\/TOM_5231-DIRIGENTE-DEL-FELABEL--768x512.jpg 768w, https:\/\/diariodominicano.com\/wp-content\/uploads\/2022\/09\/TOM_5231-DIRIGENTE-DEL-FELABEL--1536x1025.jpg 1536w, https:\/\/diariodominicano.com\/wp-content\/uploads\/2022\/09\/TOM_5231-DIRIGENTE-DEL-FELABEL--2048x1367.jpg 2048w, https:\/\/diariodominicano.com\/wp-content\/uploads\/2022\/09\/TOM_5231-DIRIGENTE-DEL-FELABEL--816x544.jpg 816w\" sizes=\"auto, (max-width: 1024px) 100vw, 1024px\" \/><figcaption> Carl Luis \u00c1lvarez <\/figcaption><\/figure>\n\n\n\n<p>En el acto tambi\u00e9n particip\u00f3 el bachiller Carl Luis \u00c1lvarez en representaci\u00f3n del Frente de Estudiantes de Liberaci\u00f3n Am\u00edn Abel, FELABEL, quien asegur\u00f3 que Am\u00edn en su lucha lo dio todo para que hoy la universidad sea abierta para todo el pueblo.<\/p>\n\n\n\n<p>Al acto asistieron adem\u00e1s, la esposa del homenajeado, Mirna Santos; su hijo, Am\u00edn Abel; el decano de la Facultad de Humanidades, maestro Gerardo Roa; el doctor Ciriaco Cruz, decano de la Facultad de Ciencias Econ\u00f3micas y Sociales; el bachiller Yimi Zapata, Presidente de la Federaci\u00f3n de Estudiantes Dominicanos, as\u00ed como una delegaci\u00f3n de estudiantes del Grupo FELABEL.<\/p>\n\n\n\n<p>Relaciones P\u00fablicas<a target=\"_blank\" href=\"mailto:relacionespublicas@uasd.edu.do\" rel=\"noreferrer noopener\">relacionespublicas@uasd.edu.do<\/a><\/p>\n","protected":false},"excerpt":{"rendered":"<p>La vicerrectora de Extensi\u00f3n de la UASD, Rosal\u00eda Sosa, se dirige a los presentes en la ofrenda floral en el busto de Am\u00edn Abel Hasb\u00fan \u00a0al conmemorarse \u00a0el 52 aniversario de su asesinato en el gobierno de los doce a\u00f1os del presidente Joaqu\u00edn Balaguer. \u00a0 Mirna Mirna Santos y su hijo, Am\u00edn Abel Hasb\u00fan hijo, [&hellip;]<\/p>\n","protected":false},"author":2,"featured_media":384971,"comment_status":"closed","ping_status":"","sticky":true,"template":"","format":"standard","meta":{"footnotes":""},"categories":[36,20,27],"tags":[],"class_list":["post-384968","post","type-post","status-publish","format-standard","has-post-thumbnail","hentry","category-hombresmujeresycosas","category-dominicana-hoy","category-portada"],"_links":{"self":[{"href":"https:\/\/diariodominicano.com\/index.php?rest_route=\/wp\/v2\/posts\/384968","targetHints":{"allow":["GET"]}}],"collection":[{"href":"https:\/\/diariodominicano.com\/index.php?rest_route=\/wp\/v2\/posts"}],"about":[{"href":"https:\/\/diariodominicano.com\/index.php?rest_route=\/wp\/v2\/types\/post"}],"author":[{"embeddable":true,"href":"https:\/\/diariodominicano.com\/index.php?rest_route=\/wp\/v2\/users\/2"}],"replies":[{"embeddable":true,"href":"https:\/\/diariodominicano.com\/index.php?rest_route=%2Fwp%2Fv2%2Fcomments&post=384968"}],"version-history":[{"count":3,"href":"https:\/\/diariodominicano.com\/index.php?rest_route=\/wp\/v2\/posts\/384968\/revisions"}],"predecessor-version":[{"id":384979,"href":"https:\/\/diariodominicano.com\/index.php?rest_route=\/wp\/v2\/posts\/384968\/revisions\/384979"}],"wp:featuredmedia":[{"embeddable":true,"href":"https:\/\/diariodominicano.com\/index.php?rest_route=\/wp\/v2\/media\/384971"}],"wp:attachment":[{"href":"https:\/\/diariodominicano.com\/index.php?rest_route=%2Fwp%2Fv2%2Fmedia&parent=384968"}],"wp:term":[{"taxonomy":"category","embeddable":true,"href":"https:\/\/diariodominicano.com\/index.php?rest_route=%2Fwp%2Fv2%2Fcategories&post=384968"},{"taxonomy":"post_tag","embeddable":true,"href":"https:\/\/diariodominicano.com\/index.php?rest_route=%2Fwp%2Fv2%2Ftags&post=384968"}],"curies":[{"name":"wp","href":"https:\/\/api.w.org\/{rel}","templated":true}]}}