{"id":38493,"date":"2020-06-16T08:02:04","date_gmt":"2020-06-16T08:02:04","guid":{"rendered":"http:\/\/diariodominicano.ddns.net\/?p=38493"},"modified":"2020-06-16T08:02:04","modified_gmt":"2020-06-16T08:02:04","slug":"se-puede-enganar-la-inteligencia-colectiva","status":"publish","type":"post","link":"https:\/\/diariodominicano.com\/?p=38493","title":{"rendered":"\u00bfSe puede enga\u00f1ar la inteligencia colectiva?"},"content":{"rendered":"<p><body><\/p>\n<p><strong>Diariodominicano.com<\/strong><\/p>\n<p><strong>\u00bfSe puede enga\u00f1ar la inteligencia colectiva?<\/strong><\/p>\n<p><strong>Franklin Almeyda Rancier  <\/strong><\/p>\n<p>La respuesta est\u00e1 dicha en una resumida expresi\u00f3n de Abraham Lincoln (1809), decimosexto presidente estadounidense (1861-1865), quien en una Orden Ejecutiva produjo la Proclama de Emancipaci\u00f3n para liberar a los esclavos de ese pa\u00eds. Esa Orden Ejecutiva fue seguida de la adopci\u00f3n de las XIII y XIV enmiendas constitucionales aboli\u00e9ndola definitivamente y estableciendo los derechos civiles.<\/p>\n<p>Abraham Lincoln fue asesinado en ejercicio de la presidencia el 15 de abril de 1865. Era gran orador con capacidad de s\u00edntesis; es muy conocida su expresi\u00f3n referida a la inteligencia colectiva, al afirmar:<\/p>\n<\/p>\n<p>\u00abSe puede enga\u00f1ar a todo el mundo alg\u00fan tiempo&#8230; se puede enga\u00f1ar a algunos todo el tiempo&#8230; pero no se puede enga\u00f1ar a todo el mundo todo el tiempo\u00bb.<\/p>\n<\/p>\n<p>Durante varias d\u00e9cadas hubo una lucha interna en el PLD que no trascend\u00eda en toda la organizaci\u00f3n, que se fue profundizando con la salida gradual del profesor Bosch ante su natural envejecimiento. Cuando se lleg\u00f3 al poder en el 1996, Danilo hab\u00eda logrado controles sobre la estructura partidaria.<\/p>\n<\/p>\n<p>Leonel fue posicion\u00e1ndose, sin propon\u00e9rselo, porque con el PLD ocurri\u00f3 lo propio de otros pa\u00edses del continente, de que los partidos gobernantes por la carencia de empleos, sus militantes pasan a ser empleados p\u00fablicos. Soci\u00f3logos y polit\u00f3logos definen a esas organizaciones pol\u00edticas como \u00abpartidos ocultos en el Estado\u00bb.<\/p>\n<\/p>\n<p>Ese fen\u00f3meno pol\u00edtico-social le concede al que a nombre del partido gobierna, una gran influencia sobre la organizaci\u00f3n. De ah\u00ed que cuando Leonel tuvo que salir del poder en el 2012, a quien \u00e9l apoyar\u00eda ganar\u00eda con relativa facilidad; apoy\u00f3 a Danilo y \u00e9ste gan\u00f3.<\/p>\n<\/p>\n<p>Para el 2016 Danilo necesit\u00f3 de Leonel para reelegirse. Sin Leonel no hubiera obtenido el 62%; hubiera sido 42%, algo m\u00e1s o algo menos; hubiese habido segunda vuelta. Es que la estructura partidaria se balanceaba entre los dos liderazgos. Danilo gobernando en vez de restarle liderato a Leonel en un terreno decente, recurri\u00f3 al enga\u00f1o y a la perversa pr\u00e1ctica de campa\u00f1as sucias y de descredito.<\/p>\n<\/p>\n<p>El partido lo observ\u00f3 y el pa\u00eds lo fue recibiendo con desagrado. Leonel en ocasiones call\u00f3 y cuando hubo de hablar fue prudente. Pero lleg\u00f3 el momento que ante un fraude electoral inaceptable tuvo que romper y fundar el partido Fuerza del Pueblo.<\/p>\n<\/p>\n<p>Al momento de romper el posicionamiento del PLD era un poco m\u00e1s de un 54%. Salir desde dentro de un partido gobernante es todo un proceso; no todos lo hacen de golpe y arriesgarse a perder el empleo.<\/p>\n<\/p>\n<p>Resulta sorprendente, sin embargo, que de aquel 54%, hoy, m\u00e1s de la mitad (33%) est\u00e1 con Leonel y, apenas, 21% con el PLD.<\/p>\n<p>\u00bfPor qu\u00e9 si Danilo gobierna, no Leonel, salen progresivamente del PLD? La respuesta est\u00e1 a la vista, no es Danilo el candidato. Algo m\u00e1s, Danilo busc\u00f3 el peor candidato dejando a un lado a otros con m\u00e1s condiciones.<\/p>\n<\/p>\n<p>Resulta que esa membres\u00eda pelede\u00edsta experimenta otra reacci\u00f3n y es que aborrece a la c\u00fapula partidaria porque se dedic\u00f3 a hacerse rica desnaturalizando los objetivos fundacionales de esa organizaci\u00f3n.<\/p>\n<\/p>\n<p>El PRM no podr\u00e1 crecer m\u00e1s de un 46%. Eso significa que Leonel clasifica para la segunda vuelta y desde ese momento se recompone el voto pelede\u00edsta, no pudiendo el Palacio perturbar, llevando indefectiblemente a Leonel a ser el pr\u00f3ximo presidente.<\/p>\n<h6> 2020-06-16 08:02:04 <\/h6>\n<p><!--\n<link rel=\"stylesheet\" href=\"css\/bootstrap.min.css\">\n\n\n<ul class=\"pagination\">\n\t    \n\t\n\n<li >\n\t<a href='?page_no=189'>Previous<\/a>\n\t<\/li>\n\n\n       \n    \n\n<li><a href='?page_no=1'>1<\/a><\/li>\n\n\n\n<li><a href='?page_no=2'>2<\/a><\/li>\n\n\n\n<li><a>...<\/a><\/li>\n\n\n\n<li><a href='?page_no=188'>188<\/a><\/li>\n\n\n\n<li><a href='?page_no=189'>189<\/a><\/li>\n\n\n\n<li class='active'><a>190<\/a><\/li>\n\n\n\n<li><a href='?page_no=191'>191<\/a><\/li>\n\n\n\n<li><a href='?page_no=192'>192<\/a><\/li>\n\n\n\n<li><a>...<\/a><\/li>\n\n\n\n<li><a href='?page_no=13611'>13611<\/a><\/li>\n\n\n\n<li><a href='?page_no=13612'>13612<\/a><\/li>\n\n    \n\t\n\n<li >\n\t<a href='?page_no=191'>Next<\/a>\n\t<\/li>\n\n\n    \n\n<li><a href='?page_no=13612'>Last &rsaquo;&rsaquo;<\/a><\/li>\n\n<\/ul>\n\n\n--><br \/>\n<\/body><\/p>\n","protected":false},"excerpt":{"rendered":"<p>Diariodominicano.com \u00bfSe puede enga\u00f1ar la inteligencia colectiva? Franklin Almeyda Rancier La respuesta est\u00e1 dicha en una resumida expresi\u00f3n de Abraham Lincoln (1809), decimosexto presidente estadounidense (1861-1865), quien en una Orden Ejecutiva produjo la Proclama de Emancipaci\u00f3n para liberar a los esclavos de ese pa\u00eds. Esa Orden Ejecutiva fue seguida de la adopci\u00f3n de las XIII [&hellip;]<\/p>\n","protected":false},"author":3,"featured_media":0,"comment_status":"open","ping_status":"open","sticky":false,"template":"","format":"standard","meta":{"footnotes":""},"categories":[16],"tags":[],"class_list":["post-38493","post","type-post","status-publish","format-standard","hentry","category-opiniones"],"_links":{"self":[{"href":"https:\/\/diariodominicano.com\/index.php?rest_route=\/wp\/v2\/posts\/38493","targetHints":{"allow":["GET"]}}],"collection":[{"href":"https:\/\/diariodominicano.com\/index.php?rest_route=\/wp\/v2\/posts"}],"about":[{"href":"https:\/\/diariodominicano.com\/index.php?rest_route=\/wp\/v2\/types\/post"}],"author":[{"embeddable":true,"href":"https:\/\/diariodominicano.com\/index.php?rest_route=\/wp\/v2\/users\/3"}],"replies":[{"embeddable":true,"href":"https:\/\/diariodominicano.com\/index.php?rest_route=%2Fwp%2Fv2%2Fcomments&post=38493"}],"version-history":[{"count":0,"href":"https:\/\/diariodominicano.com\/index.php?rest_route=\/wp\/v2\/posts\/38493\/revisions"}],"wp:attachment":[{"href":"https:\/\/diariodominicano.com\/index.php?rest_route=%2Fwp%2Fv2%2Fmedia&parent=38493"}],"wp:term":[{"taxonomy":"category","embeddable":true,"href":"https:\/\/diariodominicano.com\/index.php?rest_route=%2Fwp%2Fv2%2Fcategories&post=38493"},{"taxonomy":"post_tag","embeddable":true,"href":"https:\/\/diariodominicano.com\/index.php?rest_route=%2Fwp%2Fv2%2Ftags&post=38493"}],"curies":[{"name":"wp","href":"https:\/\/api.w.org\/{rel}","templated":true}]}}