{"id":384894,"date":"2022-09-22T23:55:52","date_gmt":"2022-09-23T03:55:52","guid":{"rendered":"http:\/\/diariodominicano.com\/?p=384894"},"modified":"2022-09-22T23:55:52","modified_gmt":"2022-09-23T03:55:52","slug":"por-que-cuba-necesita-un-nuevo-codigo-de-las-familias-fotos","status":"publish","type":"post","link":"https:\/\/diariodominicano.com\/?p=384894","title":{"rendered":"\u00bfPor qu\u00e9 Cuba necesita un nuevo C\u00f3digo de las Familias? (+Fotos)"},"content":{"rendered":"\n<p>La Habana, 22 sep (Prensa Latina) La sociedad cubana visibiliza hoy los cambios producidos en las \u00faltimas d\u00e9cadas, a partir de la evoluci\u00f3n de la estructura tradicional de la familia y la existencia de v\u00ednculos m\u00e1s all\u00e1 del heterosexual, monog\u00e1mico y con fines reproductivos.&nbsp;&nbsp;&nbsp;&nbsp;<\/p>\n\n\n\n<ul class=\"wp-block-list\"><li>septiembre 22, 2022<\/li><li>CDT00:03 (GMT) -0400<\/li><\/ul>\n\n\n\n<ul class=\"wp-block-list\"><li><a href=\"https:\/\/www.prensa-latina.cu\/author\/dgh\">Por:&nbsp;Danay Galletti Hernandez<\/a><\/li><\/ul>\n\n\n\n<ul class=\"wp-block-list\"><li>Fotos: Danay Galletti Hern\u00e1ndez<\/li><\/ul>\n\n\n\n<p>Por esa raz\u00f3n, entre otras muchas, Yuliesky Amador Echevarr\u00eda, profesor de la Universidad de Artemisa, asegur\u00f3 a Prensa Latina la pertinencia del nuevo C\u00f3digo de las Familias, instrumento que responde, en su totalidad, al mandato contenido en la Constituci\u00f3n de 2019.<\/p>\n\n\n\n<figure class=\"wp-block-image\"><img decoding=\"async\" src=\"https:\/\/www.prensa-latina.cu\/wp-content\/uploads\/2022\/09\/Codigo2.jpg\" alt=\"por-que-cuba-necesita-un-nuevo-codigo-de-las-familias\" class=\"wp-image-325827\"\/><\/figure>\n\n\n\n<p>El tambi\u00e9n m\u00e1ster en Derecho Constitucional y Administrativo explic\u00f3 que la norma garantiza un marco regulatorio en correspondencia con la pluralidad presente en la sociedad cubana contempor\u00e1nea, sin entrar en contradicci\u00f3n con las regulaciones internacionales refrendadas por la isla.<\/p>\n\n\n\n<p>Adem\u00e1s de la identificaci\u00f3n de la multiplicidad de tipolog\u00edas y el aporte de soluciones a sus problem\u00e1ticas, la ley defiende el principio de justicia social, uno de los ejes centrales de la Revoluci\u00f3n, desde su triunfo el 1 de enero de 1959, y resulta expresi\u00f3n del papel de la familia en la transmisi\u00f3n de valores.<\/p>\n\n\n\n<p>De acuerdo con el experto, el C\u00f3digo, tras a\u00f1os de investigaci\u00f3n, define principios jur\u00eddicos destinados al fortalecimiento de esas relaciones consangu\u00edneas o no, respeto a la dignidad humana, igualdad de todos sus miembros y protecci\u00f3n a los m\u00e1s vulnerables.<\/p>\n\n\n\n<p>En este sentido, el orden vigente, implementado desde el 21 de agosto de 1976, no comprende las herramientas legales, desde la visibilidad, reconocimiento y garant\u00eda de derechos y deberes de los integrantes de la variada genealog\u00eda presente en la naci\u00f3n caribe\u00f1a.<\/p>\n\n\n\n<p>\u00abEntender la necesidad de esta ley, implica adem\u00e1s de su estudio, que todos, desde los medios, espacios acad\u00e9micos y cotidianidad contribuyan a la divulgaci\u00f3n objetiva de su contenido, sin caer en repeticiones de verdades a medias o tergiversaciones de ideas sobre el mismo\u00bb, indic\u00f3.<\/p>\n\n\n\n<p>CAMPA\u00d1A CONTRA LA LEY<\/p>\n\n\n\n<p>El miembro del Proyecto Justicia en Clave de G\u00e9nero y de la Uni\u00f3n Nacional de Juristas de Cuba (UNJC) mencion\u00f3 entre las novedades del C\u00f3digo la apuesta por el matrimonio igualitario, el derecho a una vida familiar sin violencias y la gestaci\u00f3n solidaria.<\/p>\n\n\n\n<p>Pese a la valorizaci\u00f3n de estos aspectos por varios grupos del activismo feminista, antirracista y a favor de la diversidad, la isla a\u00fan muestra rezagos de una cultura tradicional, advirti\u00f3 Amador Echevarr\u00eda, en la generalidad de los casos con enfoque patriarcal y machista.<\/p>\n\n\n\n<p>Asimismo, subray\u00f3 \u00abla existencia de prejuicios que afectan la comprensi\u00f3n y aceptaci\u00f3n de muchos t\u00f3picos; as\u00ed como, el desconocimiento de la proyecci\u00f3n constitucional de igualdad y no discriminaci\u00f3n\u00bb.<\/p>\n\n\n\n<p>De ah\u00ed que, enfatiz\u00f3, algunos ciudadanos, bajo ese \u00e1ngulo de visi\u00f3n, prefieran sacrificar el contenido de este decreto, solo porque no est\u00e1n de acuerdo o poseen insuficiente informaci\u00f3n respecto a determinado art\u00edculo; sumado a la variedad de miradas de los grupos generacionales y las denominaciones religiosas.<\/p>\n\n\n\n<p>\u00abSoy un convencido que la reticencia viene a partir de posiciones fundamentalistas de no todos los miembros de estas organizaciones y de una parte de la sociedad que, aunque no profesa alg\u00fan credo, est\u00e1 en desacuerdo con la normativa. No es un C\u00f3digo s\u00f3lo para un sector, sino de aplicabilidad general\u00bb, explic\u00f3.<\/p>\n\n\n\n<p>Luego del cierre del proceso de consulta, los impulsores de la campa\u00f1a a favor de la no aprobaci\u00f3n arguyeron sinn\u00famero de mentiras como un supuesto adoctrinamiento de ni\u00f1os y adolescentes o la eliminaci\u00f3n de la Patria Potestad, denominada en el nuevo texto como Responsabilidad Parental.<\/p>\n\n\n\n<p>\u00abAdem\u00e1s de cuestionar la legitimidad del C\u00f3digo y sus contenidos, tratan de atacar la figura de los principales l\u00edderes y autoridades de la naci\u00f3n caribe\u00f1a, cuando a diario somos part\u00edcipes del esfuerzo y voluntad pol\u00edtica de hacer prevalecer los derechos de todos en igualdad de condiciones\u00bb, sentenci\u00f3.<\/p>\n\n\n\n<p>El ensayista y doctor en Ciencias Hist\u00f3ricas Julio C\u00e9sar Gonz\u00e1lez Pag\u00e9s se\u00f1al\u00f3 que, una vez m\u00e1s, el enfrentamiento pol\u00edtico pone en peligro la garant\u00eda de derechos y la desaprobaci\u00f3n implicar\u00eda la demora de la uni\u00f3n legal de las personas del mismo sexo de manera leg\u00edtima.<\/p>\n\n\n\n<p>El especialista rese\u00f1\u00f3 cap\u00edtulos del pasado cubano como la aceptaci\u00f3n del sufragio femenino, que transit\u00f3 desde la Constituyente de 1991 hasta su consentimiento por decreto presidencial en enero de 1934 y la expulsi\u00f3n, hace 200 a\u00f1os, de la suiza Enriqueta Favez, por casarse vestida de hombre con otra mujer.<\/p>\n\n\n\n<figure class=\"wp-block-image\"><img decoding=\"async\" src=\"https:\/\/www.prensa-latina.cu\/wp-content\/uploads\/2022\/09\/Codigo3.jpg\" alt=\"por-que-cuba-necesita-un-nuevo-codigo-de-las-familias\" class=\"wp-image-325828\"\/><\/figure>\n\n\n\n<p>\u00abSu vida, prestigio y profesi\u00f3n se fueron junto con ella al destierro. Los derechos civiles para todas las personas no deben ser moneda de cambio a favor o en contra de una ideolog\u00eda, demasiadas v\u00edctimas de esta pr\u00e1ctica machista, heteronormativa y patriarcal tiene nuestra historia\u00bb, record\u00f3.<\/p>\n\n\n\n<p>jf\/dgh<\/p>\n","protected":false},"excerpt":{"rendered":"<p>La Habana, 22 sep (Prensa Latina) La sociedad cubana visibiliza hoy los cambios producidos en las \u00faltimas d\u00e9cadas, a partir de la evoluci\u00f3n de la estructura tradicional de la familia y la existencia de v\u00ednculos m\u00e1s all\u00e1 del heterosexual, monog\u00e1mico y con fines reproductivos.&nbsp;&nbsp;&nbsp;&nbsp; septiembre 22, 2022 CDT00:03 (GMT) -0400 Por:&nbsp;Danay Galletti Hernandez Fotos: Danay [&hellip;]<\/p>\n","protected":false},"author":28,"featured_media":384895,"comment_status":"closed","ping_status":"","sticky":false,"template":"","format":"standard","meta":{"footnotes":""},"categories":[36,23],"tags":[],"class_list":["post-384894","post","type-post","status-publish","format-standard","has-post-thumbnail","hentry","category-hombresmujeresycosas","category-internacional"],"_links":{"self":[{"href":"https:\/\/diariodominicano.com\/index.php?rest_route=\/wp\/v2\/posts\/384894","targetHints":{"allow":["GET"]}}],"collection":[{"href":"https:\/\/diariodominicano.com\/index.php?rest_route=\/wp\/v2\/posts"}],"about":[{"href":"https:\/\/diariodominicano.com\/index.php?rest_route=\/wp\/v2\/types\/post"}],"author":[{"embeddable":true,"href":"https:\/\/diariodominicano.com\/index.php?rest_route=\/wp\/v2\/users\/28"}],"replies":[{"embeddable":true,"href":"https:\/\/diariodominicano.com\/index.php?rest_route=%2Fwp%2Fv2%2Fcomments&post=384894"}],"version-history":[{"count":1,"href":"https:\/\/diariodominicano.com\/index.php?rest_route=\/wp\/v2\/posts\/384894\/revisions"}],"predecessor-version":[{"id":384896,"href":"https:\/\/diariodominicano.com\/index.php?rest_route=\/wp\/v2\/posts\/384894\/revisions\/384896"}],"wp:featuredmedia":[{"embeddable":true,"href":"https:\/\/diariodominicano.com\/index.php?rest_route=\/wp\/v2\/media\/384895"}],"wp:attachment":[{"href":"https:\/\/diariodominicano.com\/index.php?rest_route=%2Fwp%2Fv2%2Fmedia&parent=384894"}],"wp:term":[{"taxonomy":"category","embeddable":true,"href":"https:\/\/diariodominicano.com\/index.php?rest_route=%2Fwp%2Fv2%2Fcategories&post=384894"},{"taxonomy":"post_tag","embeddable":true,"href":"https:\/\/diariodominicano.com\/index.php?rest_route=%2Fwp%2Fv2%2Ftags&post=384894"}],"curies":[{"name":"wp","href":"https:\/\/api.w.org\/{rel}","templated":true}]}}