{"id":384800,"date":"2022-09-22T17:11:23","date_gmt":"2022-09-22T21:11:23","guid":{"rendered":"http:\/\/diariodominicano.com\/?p=384800"},"modified":"2022-09-22T17:13:57","modified_gmt":"2022-09-22T21:13:57","slug":"el-empresario-juan-bautista-vicini-lluberes-donara-50-millones-de-pesos-para-reconstruccion-de-viviendas-afectadas-por-fiona","status":"publish","type":"post","link":"https:\/\/diariodominicano.com\/?p=384800","title":{"rendered":"El empresario Juan Bautista Vicini Lluberes donar\u00e1 50 millones de pesos para reconstrucci\u00f3n de viviendas afectadas por Fiona"},"content":{"rendered":"\n<p><strong>Juan Bautista Vicini Lluberes <\/strong><\/p>\n\n\n\n<p><strong><em>Santo Domingo, 22 de septiembre 2022<\/em><\/strong>.&nbsp;El empresario Juan Bautista Vicini Lluberes donar\u00e1 una ayuda de 50 millones de pesos para la reconstrucci\u00f3n de viviendas&nbsp;de las personas m\u00e1s necesitadas en&nbsp;las comunidades&nbsp;que est\u00e1n en condiciones&nbsp;vulnerables luego del paso del Hurac\u00e1n Fiona por Rep\u00fablica Dominicana.&nbsp;&nbsp;<\/p>\n\n\n\n<p><strong>Vicini Lluberes  explic\u00f3  que la asistencia la brindar\u00e1 a trav\u00e9s de la empresa Ferreter\u00eda Ochoa, de la cual es miembro del Consejo de Directores y que los aportes ser\u00e1n materiales de construcci\u00f3n que permitan poder reconstruir o rehabilitar las viviendas\u00a0que se encuentran en condici\u00f3n vulnerable por el fen\u00f3meno.\u00a0<\/strong><\/p>\n\n\n\n<p>Dichos materiales se destinar\u00e1n al programa de reconstrucci\u00f3n&nbsp;de viviendas&nbsp;anunciado por el presidente de la Rep\u00fablica, Luis Abinader Corona, as\u00ed como a las organizaciones sociales de esas comunidades que acuden en asistencia de los damnificados.&nbsp;&nbsp;<\/p>\n\n\n\n<p>El empresario consider\u00f3 que en momentos como estos&nbsp;se&nbsp;debe de imponer la solidaridad,&nbsp;y detall\u00f3 que a trav\u00e9s de esta ayuda se aportar\u00e1n&nbsp;materiales tales como hojas de zinc para techos, blocks, varillas de acero, cemento entre otros,&nbsp;&nbsp;ya que Ferreter\u00eda Ochoa cuenta con toda la gama de materiales de construcci\u00f3n necesarias.&nbsp;&nbsp;<\/p>\n\n\n\n<p>\u201cDurante a\u00f1os hemos tenido un compromiso con el pa\u00eds y m\u00e1s en momentos especiales como este; hoy m\u00e1s que nunca&nbsp;se&nbsp;requiere que toda la sociedad trabaje de manera unida para superar los retos que&nbsp;este&nbsp;tiene por delante\u201d expres\u00f3 Vicini Lluberes.&nbsp;&nbsp;<\/p>\n\n\n\n<figure class=\"wp-block-image size-large\"><img loading=\"lazy\" decoding=\"async\" width=\"1024\" height=\"677\" src=\"https:\/\/diariodominicano.com\/wp-content\/uploads\/2022\/09\/Juan-Vicini-Lluberes-1-1024x677.jpeg\" alt=\"\" class=\"wp-image-384807\" srcset=\"https:\/\/diariodominicano.com\/wp-content\/uploads\/2022\/09\/Juan-Vicini-Lluberes-1-1024x677.jpeg 1024w, https:\/\/diariodominicano.com\/wp-content\/uploads\/2022\/09\/Juan-Vicini-Lluberes-1-300x198.jpeg 300w, https:\/\/diariodominicano.com\/wp-content\/uploads\/2022\/09\/Juan-Vicini-Lluberes-1-768x508.jpeg 768w, https:\/\/diariodominicano.com\/wp-content\/uploads\/2022\/09\/Juan-Vicini-Lluberes-1-1536x1016.jpeg 1536w, https:\/\/diariodominicano.com\/wp-content\/uploads\/2022\/09\/Juan-Vicini-Lluberes-1-816x540.jpeg 816w, https:\/\/diariodominicano.com\/wp-content\/uploads\/2022\/09\/Juan-Vicini-Lluberes-1.jpeg 1600w\" sizes=\"auto, (max-width: 1024px) 100vw, 1024px\" \/><figcaption> <strong>Juan Bautista Vicini Lluberes <\/strong> <\/figcaption><\/figure>\n\n\n\n<p>Agreg\u00f3 que la ayuda ir\u00e1 principalmente a la reconstrucci\u00f3n de viviendas en las provincias m\u00e1s afectadas como La Altagracia, Hato Mayor, El Seibo y Saman\u00e1 y se canalizar\u00e1n a trav\u00e9s de iglesias y fundaciones de la sociedad civil, para a trav\u00e9s de estas asistir a las instituciones del Estado que est\u00e9n a cargo de las obras de reconstrucci\u00f3n.\u00a0<\/p>\n\n\n\n<p>Ibelca Mencia<a target=\"_blank\" href=\"mailto:ibelca@timmrd.com\" rel=\"noreferrer noopener\">ibelca@timmrd.com<\/a><\/p>\n","protected":false},"excerpt":{"rendered":"<p>Juan Bautista Vicini Lluberes Santo Domingo, 22 de septiembre 2022.&nbsp;El empresario Juan Bautista Vicini Lluberes donar\u00e1 una ayuda de 50 millones de pesos para la reconstrucci\u00f3n de viviendas&nbsp;de las personas m\u00e1s necesitadas en&nbsp;las comunidades&nbsp;que est\u00e1n en condiciones&nbsp;vulnerables luego del paso del Hurac\u00e1n Fiona por Rep\u00fablica Dominicana.&nbsp;&nbsp; Vicini Lluberes explic\u00f3 que la asistencia la brindar\u00e1 a [&hellip;]<\/p>\n","protected":false},"author":28,"featured_media":384803,"comment_status":"closed","ping_status":"","sticky":true,"template":"","format":"standard","meta":{"footnotes":""},"categories":[36,20,27],"tags":[],"class_list":["post-384800","post","type-post","status-publish","format-standard","has-post-thumbnail","hentry","category-hombresmujeresycosas","category-dominicana-hoy","category-portada"],"_links":{"self":[{"href":"https:\/\/diariodominicano.com\/index.php?rest_route=\/wp\/v2\/posts\/384800","targetHints":{"allow":["GET"]}}],"collection":[{"href":"https:\/\/diariodominicano.com\/index.php?rest_route=\/wp\/v2\/posts"}],"about":[{"href":"https:\/\/diariodominicano.com\/index.php?rest_route=\/wp\/v2\/types\/post"}],"author":[{"embeddable":true,"href":"https:\/\/diariodominicano.com\/index.php?rest_route=\/wp\/v2\/users\/28"}],"replies":[{"embeddable":true,"href":"https:\/\/diariodominicano.com\/index.php?rest_route=%2Fwp%2Fv2%2Fcomments&post=384800"}],"version-history":[{"count":5,"href":"https:\/\/diariodominicano.com\/index.php?rest_route=\/wp\/v2\/posts\/384800\/revisions"}],"predecessor-version":[{"id":384810,"href":"https:\/\/diariodominicano.com\/index.php?rest_route=\/wp\/v2\/posts\/384800\/revisions\/384810"}],"wp:featuredmedia":[{"embeddable":true,"href":"https:\/\/diariodominicano.com\/index.php?rest_route=\/wp\/v2\/media\/384803"}],"wp:attachment":[{"href":"https:\/\/diariodominicano.com\/index.php?rest_route=%2Fwp%2Fv2%2Fmedia&parent=384800"}],"wp:term":[{"taxonomy":"category","embeddable":true,"href":"https:\/\/diariodominicano.com\/index.php?rest_route=%2Fwp%2Fv2%2Fcategories&post=384800"},{"taxonomy":"post_tag","embeddable":true,"href":"https:\/\/diariodominicano.com\/index.php?rest_route=%2Fwp%2Fv2%2Ftags&post=384800"}],"curies":[{"name":"wp","href":"https:\/\/api.w.org\/{rel}","templated":true}]}}