{"id":384770,"date":"2022-09-22T15:22:58","date_gmt":"2022-09-22T19:22:58","guid":{"rendered":"http:\/\/diariodominicano.com\/?p=384770"},"modified":"2022-09-22T16:02:15","modified_gmt":"2022-09-22T20:02:15","slug":"gobiernos-y-sector-privado-buscaran-soluciones-al-deficit-habitacional-en-la-region","status":"publish","type":"post","link":"https:\/\/diariodominicano.com\/?p=384770","title":{"rendered":"Gobiernos y sector privado buscar\u00e1n soluciones al d\u00e9ficit habitacional en la regi\u00f3n"},"content":{"rendered":"\n<p> El presidente del BID, Mauricio Claver Carone  (externa)<\/p>\n\n\n\n<p><strong><br><\/strong><\/p>\n\n\n\n<p><em>El Foro de Vivienda 2022 re\u00fane a m\u00e1ximas autoridades de los Ministerios de Vivienda y Desarrollo Urbano para superar el rezago habitacional en Am\u00e9rica Latina y el Caribe<\/em><\/p>\n\n\n\n<figure class=\"wp-block-image size-full\"><img loading=\"lazy\" decoding=\"async\" width=\"284\" height=\"177\" src=\"https:\/\/diariodominicano.com\/wp-content\/uploads\/2022\/08\/BID-Santo-Domingo31-8-22.jpg\" alt=\"\" class=\"wp-image-379914\"\/><\/figure>\n\n\n\n<p>El 45% de la poblaci\u00f3n de Am\u00e9rica Latina y el Caribe (ALC) no tiene un hogar digno en el que residir, lo que significa que habita en viviendas inadecuadas, construidas con materiales precarios o carentes de servicios b\u00e1sicos. Ni el elevado ritmo de migraci\u00f3n a la ciudad ni la constante formaci\u00f3n de nuevos hogares han ido acompa\u00f1ados de la necesaria oferta de soluciones de vivienda vinculadas a la ciudad. Este hecho ha dejado a un porcentaje significativo de la poblaci\u00f3n de la regi\u00f3n residiendo en \u00e1reas perif\u00e9ricas, asentamientos informales y de alto riesgo clim\u00e1tico.<\/p>\n\n\n\n<p>Para buscar soluciones a esta problem\u00e1tica, el Grupo BID organiza los d\u00edas 29 y 30 de septiembre el Foro de Vivienda 2022: Soluciones resilientes para la reducci\u00f3n del d\u00e9ficit habitacional en Am\u00e9rica Latina y el Caribe. Se trata de un evento de alto nivel que re\u00fane a los referentes de este sector para abordar un complejo problema con m\u00faltiples propuestas innovadoras.<\/p>\n\n\n\n<p>El presidente del BID, Mauricio Claver- Carone se\u00f1ala que \u201cel gran d\u00e9ficit habitacional de la regi\u00f3n representa una enorme oportunidad para impulsar la construcci\u00f3n de vivienda verde y resiliente a los desastres naturales y con la mejor propuesta de valor. Trabajando juntos con los sectores p\u00fablico y privado podemos desarrollar incentivos e instrumentos financieros que permitan ofrecer viviendas dignas y asequibles a nuestra gente, aprovechando el apetito de los inversores\u201d.<\/p>\n\n\n\n<p>El evento contar\u00e1 con la presencia de las m\u00e1ximas autoridades de los Ministerios de vivienda y desarrollo urbano de la regi\u00f3n, directivos de instituciones financieras, constructores de vivienda y expertos de instituciones acad\u00e9micas y organismos internacionales como la Universidad de Harvard, el Lincoln Institute y la Uni\u00f3n Internacional para la Financiaci\u00f3n de la Vivienda, entre otros.<\/p>\n\n\n\n<p>Durante el Foro se har\u00e1 un diagn\u00f3stico del d\u00e9ficit habitacional de los pa\u00edses de la regi\u00f3n y se presentar\u00e1n las \u00faltimas innovaciones en productos de financiamiento y subsidio para su atenci\u00f3n. Adem\u00e1s, se estudiar\u00e1 c\u00f3mo promover la participaci\u00f3n del sector privado en coordinaci\u00f3n con el sector p\u00fablico y social en soluciones de vivienda resilientes y bajas en carbono con \u00e9nfasis en equidad de g\u00e9nero y diversidad.<\/p>\n\n\n\n<p>El Grupo BID apoya al sector p\u00fablico y privado con financiaci\u00f3n y soluciones de vivienda sostenibles y resilientes en la regi\u00f3n. Este respaldo va en l\u00ednea con los objetivos de adaptaci\u00f3n y mitigaci\u00f3n del cambio clim\u00e1tico de su Visi\u00f3n 2025, la hoja de ruta del Banco para la reactivaci\u00f3n econ\u00f3mica y el desarrollo sostenible de Am\u00e9rica Latina y el Caribe tras la pandemia.<\/p>\n\n\n\n<p>Los medios de comunicaci\u00f3n y personas interesados en este evento pueden inscribirse&nbsp;<a href=\"https:\/\/cloud.mail.iadb.org\/Foro_Vivienda_2022\" target=\"_blank\" rel=\"noreferrer noopener\">aqu\u00ed<\/a>.<\/p>\n\n\n\n<p><strong>Acerca del BID<\/strong><\/p>\n\n\n\n<p>El Banco Interamericano de Desarrollo tiene como misi\u00f3n mejorar vidas. Fundado en 1959, el BID es una de las principales fuentes de financiamiento a largo plazo para el desarrollo econ\u00f3mico, social e institucional de Am\u00e9rica Latina y el Caribe. El BID tambi\u00e9n realiza proyectos de investigaci\u00f3n de vanguardia y ofrece asesor\u00eda sobre pol\u00edticas, asistencia t\u00e9cnica y capacitaci\u00f3n a clientes p\u00fablicos y privados en toda la regi\u00f3n.<\/p>\n\n\n\n<p><strong>Acerca de BID Invest<\/strong><\/p>\n\n\n\n<p>BID Invest, miembro del Grupo BID, es un banco multilateral de desarrollo comprometido a promover el desarrollo econ\u00f3mico de sus pa\u00edses miembros en Am\u00e9rica Latina y el Caribe a trav\u00e9s del sector privado. BID Invest financia empresas y proyectos sostenibles para que alcancen resultados financieros y maximicen el desarrollo econ\u00f3mico, social y medio ambiental en la regi\u00f3n. Con una cartera de US$14.800 millones en activos bajo administraci\u00f3n y 376 clientes en 25 pa\u00edses, BID Invest provee soluciones financieras innovadoras y servicios de asesor\u00eda que responden a las necesidades de sus clientes en una variedad de sectores.<\/p>\n\n\n\n<p><strong>Acerca de BID Lab<\/strong><\/p>\n\n\n\n<p>BID Lab es el laboratorio de innovaci\u00f3n del Grupo Banco Interamericano de Desarrollo, la principal fuente de financiamiento y conocimiento para el desarrollo enfocada en mejorar vidas en Am\u00e9rica Latina y el Caribe. El prop\u00f3sito de BID Lab es impulsar innovaci\u00f3n para la inclusi\u00f3n en la regi\u00f3n, movilizando&nbsp;&nbsp; financiamiento, conocimiento y conexiones para probar soluciones del sector privado en etapas tempranas con potencial de transformar la vida de poblaciones vulnerables por condiciones econ\u00f3micas, sociales y ambientales. Desde 1993 BID Lab ha aprobado m\u00e1s de US$ 2 mil millones en proyectos desplegados en 26 pa\u00edses de Am\u00e9rica Latina y el Caribe.<\/p>\n\n\n\n<p>Reinoso Nunez, Patricia<a target=\"_blank\" href=\"mailto:PATRICIAREI@iadb.org\" rel=\"noreferrer noopener\">PATRICIAREI@iadb.org<\/a><\/p>\n","protected":false},"excerpt":{"rendered":"<p>El presidente del BID, Mauricio Claver Carone (externa) El Foro de Vivienda 2022 re\u00fane a m\u00e1ximas autoridades de los Ministerios de Vivienda y Desarrollo Urbano para superar el rezago habitacional en Am\u00e9rica Latina y el Caribe El 45% de la poblaci\u00f3n de Am\u00e9rica Latina y el Caribe (ALC) no tiene un hogar digno en el [&hellip;]<\/p>\n","protected":false},"author":2,"featured_media":356881,"comment_status":"closed","ping_status":"","sticky":true,"template":"","format":"standard","meta":{"footnotes":""},"categories":[36,18,27],"tags":[],"class_list":["post-384770","post","type-post","status-publish","format-standard","has-post-thumbnail","hentry","category-hombresmujeresycosas","category-economia","category-portada"],"_links":{"self":[{"href":"https:\/\/diariodominicano.com\/index.php?rest_route=\/wp\/v2\/posts\/384770","targetHints":{"allow":["GET"]}}],"collection":[{"href":"https:\/\/diariodominicano.com\/index.php?rest_route=\/wp\/v2\/posts"}],"about":[{"href":"https:\/\/diariodominicano.com\/index.php?rest_route=\/wp\/v2\/types\/post"}],"author":[{"embeddable":true,"href":"https:\/\/diariodominicano.com\/index.php?rest_route=\/wp\/v2\/users\/2"}],"replies":[{"embeddable":true,"href":"https:\/\/diariodominicano.com\/index.php?rest_route=%2Fwp%2Fv2%2Fcomments&post=384770"}],"version-history":[{"count":4,"href":"https:\/\/diariodominicano.com\/index.php?rest_route=\/wp\/v2\/posts\/384770\/revisions"}],"predecessor-version":[{"id":384782,"href":"https:\/\/diariodominicano.com\/index.php?rest_route=\/wp\/v2\/posts\/384770\/revisions\/384782"}],"wp:featuredmedia":[{"embeddable":true,"href":"https:\/\/diariodominicano.com\/index.php?rest_route=\/wp\/v2\/media\/356881"}],"wp:attachment":[{"href":"https:\/\/diariodominicano.com\/index.php?rest_route=%2Fwp%2Fv2%2Fmedia&parent=384770"}],"wp:term":[{"taxonomy":"category","embeddable":true,"href":"https:\/\/diariodominicano.com\/index.php?rest_route=%2Fwp%2Fv2%2Fcategories&post=384770"},{"taxonomy":"post_tag","embeddable":true,"href":"https:\/\/diariodominicano.com\/index.php?rest_route=%2Fwp%2Fv2%2Ftags&post=384770"}],"curies":[{"name":"wp","href":"https:\/\/api.w.org\/{rel}","templated":true}]}}