{"id":384730,"date":"2022-09-22T12:59:51","date_gmt":"2022-09-22T16:59:51","guid":{"rendered":"http:\/\/diariodominicano.com\/?p=384730"},"modified":"2022-09-22T13:18:12","modified_gmt":"2022-09-22T17:18:12","slug":"instituto-nacional-de-migracion-inaugura-seminario-internacional-sobre-migracion-laboral-con-conferencia-magistral-sobre-los-efectos-de-la-pandemia-del-covid-19-en-los-mercados-de-trabajo-a","status":"publish","type":"post","link":"https:\/\/diariodominicano.com\/?p=384730","title":{"rendered":"INM RD, inaugura seminario internacional sobre migraci\u00f3n laboral con conferencia magistral\u00a0sobre los efectos de la pandemia del COVID-19 en los mercados de trabajo,\u00a0a cargo del economista y polit\u00f3logo J\u00fcrgen Weller"},"content":{"rendered":"\n<p> En el discurso de apertura, el Dr. Wilfredo Lozano, director ejecutivo del INM RD, expres\u00f3 la importancia del seminario para los pa\u00edses de la regi\u00f3n latinoamericana y caribe\u00f1a.  <\/p>\n\n\n\n<figure class=\"wp-block-image size-large\"><img loading=\"lazy\" decoding=\"async\" width=\"1024\" height=\"682\" src=\"https:\/\/diariodominicano.com\/wp-content\/uploads\/2022\/09\/Seminario-Migracio\u0301n-Laboral-1024x682.jpeg\" alt=\"\" class=\"wp-image-384733\" srcset=\"https:\/\/diariodominicano.com\/wp-content\/uploads\/2022\/09\/Seminario-Migracio\u0301n-Laboral-1024x682.jpeg 1024w, https:\/\/diariodominicano.com\/wp-content\/uploads\/2022\/09\/Seminario-Migracio\u0301n-Laboral-300x200.jpeg 300w, https:\/\/diariodominicano.com\/wp-content\/uploads\/2022\/09\/Seminario-Migracio\u0301n-Laboral-768x512.jpeg 768w, https:\/\/diariodominicano.com\/wp-content\/uploads\/2022\/09\/Seminario-Migracio\u0301n-Laboral-816x544.jpeg 816w, https:\/\/diariodominicano.com\/wp-content\/uploads\/2022\/09\/Seminario-Migracio\u0301n-Laboral.jpeg 1280w\" sizes=\"auto, (max-width: 1024px) 100vw, 1024px\" \/><figcaption>Participantes<\/figcaption><\/figure>\n\n\n\n<p><strong>El evento cuenta con el auspicio del&nbsp;Programa Regional sobre Migraci\u00f3n de la Organizaci\u00f3n Internacional para las Migraciones, financiado por la Oficina de Poblaci\u00f3n, Refugiados y Migraci\u00f3n del Departamento de Estado de los Estados Unidos, y la Organizaci\u00f3n Internacional del Trabajo&nbsp;en el marco de su Proyecto Lazos, financiado por la Agencia Sueca de Cooperaci\u00f3n Internacional para el Desarrollo<\/strong><\/p>\n\n\n\n<p><strong>Santo Domingo, RD, jueves, 22 de septiembre de 2022.<\/strong>&nbsp;\u2013 El Instituto Nacional de Migraci\u00f3n inaugur\u00f3 el Seminario Internacional: Migraci\u00f3n Laboral en Am\u00e9rica Latina y el Caribe con la presencia de importantes actores que contribuyen a la modernizaci\u00f3n de la gobernanza migratoria en la regi\u00f3n.<\/p>\n\n\n\n<figure class=\"wp-block-image size-large\"><img loading=\"lazy\" decoding=\"async\" width=\"1024\" height=\"682\" src=\"https:\/\/diariodominicano.com\/wp-content\/uploads\/2022\/09\/Germania-Este\u0301vez-1024x682.jpeg\" alt=\"\" class=\"wp-image-384738\" srcset=\"https:\/\/diariodominicano.com\/wp-content\/uploads\/2022\/09\/Germania-Este\u0301vez-1024x682.jpeg 1024w, https:\/\/diariodominicano.com\/wp-content\/uploads\/2022\/09\/Germania-Este\u0301vez-300x200.jpeg 300w, https:\/\/diariodominicano.com\/wp-content\/uploads\/2022\/09\/Germania-Este\u0301vez-768x512.jpeg 768w, https:\/\/diariodominicano.com\/wp-content\/uploads\/2022\/09\/Germania-Este\u0301vez-816x544.jpeg 816w, https:\/\/diariodominicano.com\/wp-content\/uploads\/2022\/09\/Germania-Este\u0301vez.jpeg 1280w\" sizes=\"auto, (max-width: 1024px) 100vw, 1024px\" \/><figcaption>Germania Est\u00e9vez<\/figcaption><\/figure>\n\n\n\n<p>El acto, realizado el mi\u00e9rcoles 21 de septiembre, cont\u00f3 con las palabras de bienvenida de Germania Est\u00e9vez, encargada del Departamento de Investigaci\u00f3n y Estudios Migratorios del Instituto Nacional de Migraci\u00f3n, quien se\u00f1al\u00f3 que el prop\u00f3sito del seminario es \u201carticular espacios de reflexi\u00f3n orientados, fundamentalmente, a discutir las din\u00e1micas actuales y los modelos de buenas pr\u00e1cticas a nivel global, regional y local sobre migraci\u00f3n laboral, as\u00ed como propiciar discusiones que permitan identificar necesidades de conocimiento en torno al tema migratorio y alimenten un programa de investigaci\u00f3n que impulse pol\u00edticas orientadas al desarrollo nacional\u201d.<\/p>\n\n\n\n<p>Josu\u00e9 Gastelbondo, jefe de misi\u00f3n de la Organizaci\u00f3n Internacional para las Migraciones (OIM), a\u00f1adi\u00f3 que \u201cla migraci\u00f3n laboral es un consenso entre todos. Es la principal causa de la migraci\u00f3n en el mundo y puede ser una herramienta clave para varios temas, entre estos, combatir el tr\u00e1fico il\u00edcito de migrantes y fortalecer el v\u00ednculo esencial entre migraci\u00f3n laboral y regularizaci\u00f3n migratoria\u201d.<\/p>\n\n\n\n<figure class=\"wp-block-image size-large\"><img loading=\"lazy\" decoding=\"async\" width=\"1024\" height=\"682\" src=\"https:\/\/diariodominicano.com\/wp-content\/uploads\/2022\/09\/Noor-1024x682.jpeg\" alt=\"\" class=\"wp-image-384735\" srcset=\"https:\/\/diariodominicano.com\/wp-content\/uploads\/2022\/09\/Noor-1024x682.jpeg 1024w, https:\/\/diariodominicano.com\/wp-content\/uploads\/2022\/09\/Noor-300x200.jpeg 300w, https:\/\/diariodominicano.com\/wp-content\/uploads\/2022\/09\/Noor-768x512.jpeg 768w, https:\/\/diariodominicano.com\/wp-content\/uploads\/2022\/09\/Noor-816x544.jpeg 816w, https:\/\/diariodominicano.com\/wp-content\/uploads\/2022\/09\/Noor.jpeg 1280w\" sizes=\"auto, (max-width: 1024px) 100vw, 1024px\" \/><figcaption> &nbsp;Noortje Denkers, <\/figcaption><\/figure>\n\n\n\n<p>Por su parte,&nbsp;Noortje Denkers, especialista en Migraci\u00f3n Laboral y Movilidad de la Organizaci\u00f3n Internacional del Trabajo (OIT), manifest\u00f3 que \u201cLa migraci\u00f3n laboral internacional, ese desplazamiento de personas de un pa\u00eds a otro motivado, inspirado&nbsp;e&nbsp;impulsado por la obtenci\u00f3n de un trabajo y el acceso a mejores oportunidades de ingreso, es una caracter\u00edstica de los mercados laborales contempor\u00e1neos y una clave para entender el futuro del trabajo\u201d. En ese sentido, resalt\u00f3 que, seg\u00fan&nbsp;las \u00faltimas estimaciones de la OIT, en el mundo hay 272 millones de migrantes internacionales, de los cuales 169 millones (62 %) son personas trabajadoras migrantes. Asimismo, apunt\u00f3 que:<\/p>\n\n\n\n<p>De ellas el 58 % son hombres y el 42 % mujeres. Otra clave para entender la acci\u00f3n: el importante n\u00famero de mujeres en esa fuerza trabajadora migrante internacional, que tiene demandas espec\u00edficas y requiere respuestas diferenciadas. Esos 169 millones de personas trabajadoras migrantes representan el 5 % de la mano de obra mundial. Es decir, son parte activa de la econom\u00eda mundial. En nuestra regi\u00f3n de Am\u00e9rica Latina y el Caribe, se encuentran 5,9 millones, mientras que en Estados Unidos y Canad\u00e1 se concentran 37,4 millones.<\/p>\n\n\n\n<p>En el discurso de apertura, el Dr. Wilfredo Lozano, director ejecutivo del INM RD, expres\u00f3 la particular importancia del seminario para los pa\u00edses de la regi\u00f3n latinoamericana y caribe\u00f1a. \u201cEl fen\u00f3meno migratorio indudablemente constituye uno de los componentes esenciales de la realidad internacional actual. Ahora mismo, para casi todos nuestros pa\u00edses las migraciones son doblemente relevantes, puesto que est\u00e1 sucediendo una acelerada inmigraci\u00f3n, pero tambi\u00e9n se aprecia un alto componente emigratorio en la mayor\u00eda de ellos\u201d.<\/p>\n\n\n\n<p>La conferencia magistral del acto inaugural estuvo a cargo del economista y polit\u00f3logo alem\u00e1n Dr. J\u00fcrgen Weller, quien disert\u00f3 sobre los efectos de la pandemia del COVID-19 en los mercados de trabajo en los pa\u00edses de Latinoam\u00e9rica, con atenci\u00f3n al conglomerado de trabajadores migrantes. El Dr. Weller concluy\u00f3 que, durante la pandemia, hubo una fuerte retirada de trabajadores del mercado laboral, aument\u00f3 la desocupaci\u00f3n abierta, se redujeron horas laborales y la ca\u00edda del empleo afect\u00f3, principalmente, a mujeres, j\u00f3venes y migrantes. De igual forma, destac\u00f3 que \u201cLa migraci\u00f3n internacional se vio afectada por el cierre de las fronteras, la crisis social, la experiencia de p\u00e9rdida de empleo, menos opciones de trabajo remoto, as\u00ed como la necesidad de trabajar lo que sea, por debajo del nivel calificado, y exponerse a los riesgos de salud por tomar trabajos de primera l\u00ednea sin acceso a las instituciones de salubridad\u201d.&nbsp;<\/p>\n\n\n\n<p>El Dr. J\u00fcrgen Weller es investigador independiente. Exjefe de la Unidad de Estudios del Empleo, Divisi\u00f3n de Desarrollo Econ\u00f3mico de la Comisi\u00f3n Econ\u00f3mica para Am\u00e9rica Latina y el Caribe (CEPAL). M\u00e1ster en Ciencias Pol\u00edticas y doctor en Econom\u00eda de la Universidad Libre de Berl\u00edn, Alemania. Es especialista en temas del mercado laboral latinoamericano y ha realizado estudios sobre el impacto del cambio tecnol\u00f3gico en el empleo, las implicaciones laborales del COVID-19, el empleo informal, la inserci\u00f3n laboral juvenil, la calidad del empleo y las pol\u00edticas e instituciones del mercado de trabajo.<\/p>\n\n\n\n<p>El Seminario Internacional: Migraci\u00f3n Laboral en Am\u00e9rica Latina y el Caribe contin\u00faa hoy jueves 22 y el viernes 23 de septiembre.&nbsp;La transmisi\u00f3n del evento est\u00e1 disponible en el enlace con previo registro:&nbsp;<a rel=\"noreferrer noopener\" href=\"https:\/\/bit.ly\/SeminarioInternacionalMigracionLaboral\" target=\"_blank\">https:\/\/bit.ly\/SeminarioInternacionalMigracionLaboral<\/a><\/p>\n\n\n\n<p>Jessica Mordechay<a rel=\"noreferrer noopener\" target=\"_blank\" href=\"mailto:jmordechay02@gmail.com\">jmordechay02@gmail.com<\/a><\/p>\n\n\n\n<p>&nbsp;<\/p>\n\n\n\n<p><strong>JESSICA MORDECHAY<\/strong><\/p>\n\n\n\n<p>Encargada de Comunicaci\u00f3n<\/p>\n","protected":false},"excerpt":{"rendered":"<p>En el discurso de apertura, el Dr. Wilfredo Lozano, director ejecutivo del INM RD, expres\u00f3 la importancia del seminario para los pa\u00edses de la regi\u00f3n latinoamericana y caribe\u00f1a. El evento cuenta con el auspicio del&nbsp;Programa Regional sobre Migraci\u00f3n de la Organizaci\u00f3n Internacional para las Migraciones, financiado por la Oficina de Poblaci\u00f3n, Refugiados y Migraci\u00f3n del [&hellip;]<\/p>\n","protected":false},"author":2,"featured_media":384731,"comment_status":"closed","ping_status":"","sticky":true,"template":"","format":"standard","meta":{"footnotes":""},"categories":[36,20,22,27],"tags":[],"class_list":["post-384730","post","type-post","status-publish","format-standard","has-post-thumbnail","hentry","category-hombresmujeresycosas","category-dominicana-hoy","category-politica","category-portada"],"_links":{"self":[{"href":"https:\/\/diariodominicano.com\/index.php?rest_route=\/wp\/v2\/posts\/384730","targetHints":{"allow":["GET"]}}],"collection":[{"href":"https:\/\/diariodominicano.com\/index.php?rest_route=\/wp\/v2\/posts"}],"about":[{"href":"https:\/\/diariodominicano.com\/index.php?rest_route=\/wp\/v2\/types\/post"}],"author":[{"embeddable":true,"href":"https:\/\/diariodominicano.com\/index.php?rest_route=\/wp\/v2\/users\/2"}],"replies":[{"embeddable":true,"href":"https:\/\/diariodominicano.com\/index.php?rest_route=%2Fwp%2Fv2%2Fcomments&post=384730"}],"version-history":[{"count":6,"href":"https:\/\/diariodominicano.com\/index.php?rest_route=\/wp\/v2\/posts\/384730\/revisions"}],"predecessor-version":[{"id":384745,"href":"https:\/\/diariodominicano.com\/index.php?rest_route=\/wp\/v2\/posts\/384730\/revisions\/384745"}],"wp:featuredmedia":[{"embeddable":true,"href":"https:\/\/diariodominicano.com\/index.php?rest_route=\/wp\/v2\/media\/384731"}],"wp:attachment":[{"href":"https:\/\/diariodominicano.com\/index.php?rest_route=%2Fwp%2Fv2%2Fmedia&parent=384730"}],"wp:term":[{"taxonomy":"category","embeddable":true,"href":"https:\/\/diariodominicano.com\/index.php?rest_route=%2Fwp%2Fv2%2Fcategories&post=384730"},{"taxonomy":"post_tag","embeddable":true,"href":"https:\/\/diariodominicano.com\/index.php?rest_route=%2Fwp%2Fv2%2Ftags&post=384730"}],"curies":[{"name":"wp","href":"https:\/\/api.w.org\/{rel}","templated":true}]}}