{"id":38470,"date":"2020-06-17T08:22:14","date_gmt":"2020-06-17T08:22:14","guid":{"rendered":"http:\/\/diariodominicano.ddns.net\/?p=38470"},"modified":"2020-06-17T08:22:14","modified_gmt":"2020-06-17T08:22:14","slug":"coronavirus-y-partidismo","status":"publish","type":"post","link":"https:\/\/diariodominicano.com\/?p=38470","title":{"rendered":"Coronavirus y partidismo"},"content":{"rendered":"<p><body><\/p>\n<p><strong>A Pleno Sol<\/strong><\/p>\n<p><strong>Coronavirus y partidismo<\/strong><\/p>\n<p><strong>Por Manuel Hern\u00e1ndez Villeta<\/strong><\/p>\n<\/p>\n<\/p>\n<p>El corona-virus tiene que ser tratado como un grave problema sanitario, con una amplia repercusi\u00f3n pol\u00edtica, social y econ\u00f3mica. Su prevenci\u00f3n  no debe caer en  la furia partidista, ni en la tribuna de las disquisiciones.<\/p>\n<\/p>\n<p>Es dif\u00edcil poder tratar en solitario una pandemia que est\u00e1 cambiando a la sociedad dominicana. Hay que intentar enfrentarlo en lo colectivo. En cada paso que se da, hay que tomar en cuenta la situaci\u00f3n social del pa\u00eds.<\/p>\n<\/p>\n<p>El pueblo tiene que estar consciente de que una cosa son las medidas administrativas para viabilizar la puesta en marcha de la econom\u00eda y otra las acciones puramente m\u00e9dicas. Mientras se abre el comercio y la industria, el virus sigue indetenible. Por suete la tercera etapa de apertura fue parada<\/p>\n<\/p>\n<p>En el mundo entero, la desesperaci\u00f3n por la profunda crisis econ\u00f3mica ha llevado a tener que tratar de lograr un retorno a una normalidad que no es posible. Lo ideal es que la etapa de cuarentena siga firme, y que haya restricciones para volver a la etapa de normalidad.<\/p>\n<\/p>\n<p>Tomando en cuenta la indisciplina natural de una mayor\u00eda de dominicanos, es seguro que no se podr\u00e1 dar una buena combinaci\u00f3n  de convivencia con la pandemia. Si los ciudadanos no son respetuosos de las acciones cient\u00edficas, podr\u00eda haber una nueva alimentaci\u00f3n del corona-virus.<\/p>\n<\/p>\n<p>Lo nuevo es tener que celebrar  unas elecciones a nivel presidencial y congresual, con el temor de millones de salir a las calles, por considerar que se pueden infectar con facilidad. La socializaci\u00f3n propag\u00f3 la pandemia a nivel del pa\u00eds. En acciones partidistas, celebraci\u00f3n de patronales y bailes de carnales, resultaron afectados cientos de ciudadanos, por lo que se debe tener paciencia.<\/p>\n<\/p>\n<p>En unas tres semanas son las elecciones, y corresponde a la Junta Central Electoral elaborar, conjuntamente  con las autoridades, el protocolo sanitario, y de c\u00f3mo se protegera a los empleados y a los votantes.<\/p>\n<\/p>\n<p>Por lo pronto ahora se puede ir a los supermercados y los bancos  sin necesidad de hacer largas filas. Todo el que tiene un negocio que est\u00e1 cerrado lo quiere abrir. Otros demandan que sea levantado el toque de queda. Cuidado con complacer peticiones.<\/p>\n<\/p>\n<p>Hay que ser realistas. El virus no podr\u00e1 ser moderadamente controlado si se eliminan las restricciones sanitarias, si se levanta el toque de queda, si los negocios donde la gente comparte, desde restaurantes hasta discotecas y colmadones.<\/p>\n<\/p>\n<p>Hoy, ante las puertas del viaje eterno, millones de dominicanos deben pensar en la unidad, en tratar de esta situaci\u00f3n  en familia y con su conglomerado de  vida. Hay que postergar luchas insensatas, y rescatar los principios de la unidad y el consenso, para que podamos sobrevivir. \u00a1Ay!, se me acabo la tinta.<\/p>\n<\/p>\n<\/p>\n<h6> 2020-06-17 08:22:14 <\/h6>\n<p><!--\n<link rel=\"stylesheet\" href=\"css\/bootstrap.min.css\">\n\n\n<ul class=\"pagination\">\n\t    \n\t\n\n<li >\n\t<a href='?page_no=187'>Previous<\/a>\n\t<\/li>\n\n\n       \n    \n\n<li><a href='?page_no=1'>1<\/a><\/li>\n\n\n\n<li><a href='?page_no=2'>2<\/a><\/li>\n\n\n\n<li><a>...<\/a><\/li>\n\n\n\n<li><a href='?page_no=186'>186<\/a><\/li>\n\n\n\n<li><a href='?page_no=187'>187<\/a><\/li>\n\n\n\n<li class='active'><a>188<\/a><\/li>\n\n\n\n<li><a href='?page_no=189'>189<\/a><\/li>\n\n\n\n<li><a href='?page_no=190'>190<\/a><\/li>\n\n\n\n<li><a>...<\/a><\/li>\n\n\n\n<li><a href='?page_no=13611'>13611<\/a><\/li>\n\n\n\n<li><a href='?page_no=13612'>13612<\/a><\/li>\n\n    \n\t\n\n<li >\n\t<a href='?page_no=189'>Next<\/a>\n\t<\/li>\n\n\n    \n\n<li><a href='?page_no=13612'>Last &rsaquo;&rsaquo;<\/a><\/li>\n\n<\/ul>\n\n\n--><br \/>\n<\/body><\/p>\n","protected":false},"excerpt":{"rendered":"<p>A Pleno Sol Coronavirus y partidismo Por Manuel Hern\u00e1ndez Villeta El corona-virus tiene que ser tratado como un grave problema sanitario, con una amplia repercusi\u00f3n pol\u00edtica, social y econ\u00f3mica. Su prevenci\u00f3n no debe caer en la furia partidista, ni en la tribuna de las disquisiciones. Es dif\u00edcil poder tratar en solitario una pandemia que est\u00e1 [&hellip;]<\/p>\n","protected":false},"author":3,"featured_media":0,"comment_status":"open","ping_status":"open","sticky":false,"template":"","format":"standard","meta":{"footnotes":""},"categories":[16],"tags":[],"class_list":["post-38470","post","type-post","status-publish","format-standard","hentry","category-opiniones"],"_links":{"self":[{"href":"https:\/\/diariodominicano.com\/index.php?rest_route=\/wp\/v2\/posts\/38470","targetHints":{"allow":["GET"]}}],"collection":[{"href":"https:\/\/diariodominicano.com\/index.php?rest_route=\/wp\/v2\/posts"}],"about":[{"href":"https:\/\/diariodominicano.com\/index.php?rest_route=\/wp\/v2\/types\/post"}],"author":[{"embeddable":true,"href":"https:\/\/diariodominicano.com\/index.php?rest_route=\/wp\/v2\/users\/3"}],"replies":[{"embeddable":true,"href":"https:\/\/diariodominicano.com\/index.php?rest_route=%2Fwp%2Fv2%2Fcomments&post=38470"}],"version-history":[{"count":0,"href":"https:\/\/diariodominicano.com\/index.php?rest_route=\/wp\/v2\/posts\/38470\/revisions"}],"wp:attachment":[{"href":"https:\/\/diariodominicano.com\/index.php?rest_route=%2Fwp%2Fv2%2Fmedia&parent=38470"}],"wp:term":[{"taxonomy":"category","embeddable":true,"href":"https:\/\/diariodominicano.com\/index.php?rest_route=%2Fwp%2Fv2%2Fcategories&post=38470"},{"taxonomy":"post_tag","embeddable":true,"href":"https:\/\/diariodominicano.com\/index.php?rest_route=%2Fwp%2Fv2%2Ftags&post=38470"}],"curies":[{"name":"wp","href":"https:\/\/api.w.org\/{rel}","templated":true}]}}