{"id":384662,"date":"2022-09-22T10:02:22","date_gmt":"2022-09-22T14:02:22","guid":{"rendered":"http:\/\/diariodominicano.com\/?p=384662"},"modified":"2022-09-22T10:02:22","modified_gmt":"2022-09-22T14:02:22","slug":"lamenta-diaz-canel-fallecimiento-de-destacado-militar-de-cuba","status":"publish","type":"post","link":"https:\/\/diariodominicano.com\/?p=384662","title":{"rendered":"Lamenta D\u00edaz-Canel fallecimiento de destacado militar de Cuba"},"content":{"rendered":"\n<p>La Habana, 22 sep (Prensa Latina) El presidente de Cuba, Miguel D\u00edaz-Canel, expres\u00f3 hoy sus condolencias por el fallecimiento del general de divisi\u00f3n (r) Antonio Enrique Luss\u00f3n Batlle, una notable figura de la Revoluci\u00f3n cubana.&nbsp;&nbsp;&nbsp;&nbsp;<\/p>\n\n\n\n<ul class=\"wp-block-list\"><li>septiembre 22, 2022<\/li><li>CDT08:13 (GMT) -0400<\/li><\/ul>\n\n\n\n<p>En su cuenta de Twitter, el mandatario expres\u00f3: \u201cLamentamos profundamente el fallecimiento del general de divisi\u00f3n Antonio Enrique Luss\u00f3n Batlle, un hombre con una impresionante hoja de servicio dedicada a la Revoluci\u00f3n, un H\u00e9roe de Cuba. Llegue a su familia y amigos las m\u00e1s sentidas condolencias\u00bb.<\/p>\n\n\n\n<p>Luss\u00f3n Batlle, quien falleci\u00f3 la v\u00edspera en esta capital, desempe\u00f1\u00f3 durante su amplia trayectoria importantes responsabilidades militares y civiles, desde su incorporaci\u00f3n en 1957 al Ej\u00e9rcito Rebelde, encabezado por el Comandante en jefe Fidel Castro, para luchar contra la dictadura del Fulgencio Batista (1952-1958).<\/p>\n\n\n\n<p>Fue fundador del Partido Comunista de Cuba, en el cual integr\u00f3 su primer Comit\u00e9 Central y fue delegado a sus congresos y tambi\u00e9n ejerci\u00f3 como diputado a la Asamblea Nacional del Poder Popular (Parlamento) en varias legislaturas.<\/p>\n\n\n\n<p>Luss\u00f3n mereci\u00f3 diferentes condecoraciones, y ostentaba al morir el t\u00edtulo honor\u00edfico de H\u00e9roe de la Rep\u00fablica de Cuba.<\/p>\n\n\n\n<p>Su cad\u00e1ver ser\u00e1 cremado y sus cenizas expuestas ma\u00f1ana en el Pante\u00f3n de los Veteranos de la necr\u00f3polis de Col\u00f3n, en esta capital, donde permanecer\u00e1n para su posterior traslado al Mausoleo del II Frente Oriental, en la provincia de Santiago de Cuba.<\/p>\n\n\n\n<p>mv\/rc<\/p>\n","protected":false},"excerpt":{"rendered":"<p>La Habana, 22 sep (Prensa Latina) El presidente de Cuba, Miguel D\u00edaz-Canel, expres\u00f3 hoy sus condolencias por el fallecimiento del general de divisi\u00f3n (r) Antonio Enrique Luss\u00f3n Batlle, una notable figura de la Revoluci\u00f3n cubana.&nbsp;&nbsp;&nbsp;&nbsp; septiembre 22, 2022 CDT08:13 (GMT) -0400 En su cuenta de Twitter, el mandatario expres\u00f3: \u201cLamentamos profundamente el fallecimiento del general [&hellip;]<\/p>\n","protected":false},"author":28,"featured_media":384663,"comment_status":"closed","ping_status":"","sticky":true,"template":"","format":"standard","meta":{"footnotes":""},"categories":[26,23,27],"tags":[],"class_list":["post-384662","post","type-post","status-publish","format-standard","has-post-thumbnail","hentry","category-efemerides","category-internacional","category-portada"],"_links":{"self":[{"href":"https:\/\/diariodominicano.com\/index.php?rest_route=\/wp\/v2\/posts\/384662","targetHints":{"allow":["GET"]}}],"collection":[{"href":"https:\/\/diariodominicano.com\/index.php?rest_route=\/wp\/v2\/posts"}],"about":[{"href":"https:\/\/diariodominicano.com\/index.php?rest_route=\/wp\/v2\/types\/post"}],"author":[{"embeddable":true,"href":"https:\/\/diariodominicano.com\/index.php?rest_route=\/wp\/v2\/users\/28"}],"replies":[{"embeddable":true,"href":"https:\/\/diariodominicano.com\/index.php?rest_route=%2Fwp%2Fv2%2Fcomments&post=384662"}],"version-history":[{"count":1,"href":"https:\/\/diariodominicano.com\/index.php?rest_route=\/wp\/v2\/posts\/384662\/revisions"}],"predecessor-version":[{"id":384664,"href":"https:\/\/diariodominicano.com\/index.php?rest_route=\/wp\/v2\/posts\/384662\/revisions\/384664"}],"wp:featuredmedia":[{"embeddable":true,"href":"https:\/\/diariodominicano.com\/index.php?rest_route=\/wp\/v2\/media\/384663"}],"wp:attachment":[{"href":"https:\/\/diariodominicano.com\/index.php?rest_route=%2Fwp%2Fv2%2Fmedia&parent=384662"}],"wp:term":[{"taxonomy":"category","embeddable":true,"href":"https:\/\/diariodominicano.com\/index.php?rest_route=%2Fwp%2Fv2%2Fcategories&post=384662"},{"taxonomy":"post_tag","embeddable":true,"href":"https:\/\/diariodominicano.com\/index.php?rest_route=%2Fwp%2Fv2%2Ftags&post=384662"}],"curies":[{"name":"wp","href":"https:\/\/api.w.org\/{rel}","templated":true}]}}