{"id":384636,"date":"2022-09-22T00:28:12","date_gmt":"2022-09-22T04:28:12","guid":{"rendered":"http:\/\/diariodominicano.com\/?p=384636"},"modified":"2022-09-22T00:35:16","modified_gmt":"2022-09-22T04:35:16","slug":"el-huracan-georges-apaga-a-republica-dominicana-ocasiona-muertes-y-cuantiosas-perdidas-materiales","status":"publish","type":"post","link":"https:\/\/diariodominicano.com\/?p=384636","title":{"rendered":"El hurac\u00e1n Georges apaga a Rep\u00fablica Dominicana. Ocasiona muertes y cuantiosas p\u00e9rdidas materiales"},"content":{"rendered":"\n<p><strong>Impacta el sistema el\u00e9ctrico nacional y destruye obras de infraestructuras<\/strong><\/p>\n\n\n\n<figure class=\"wp-block-image size-full\"><img loading=\"lazy\" decoding=\"async\" width=\"279\" height=\"180\" src=\"https:\/\/diariodominicano.com\/wp-content\/uploads\/2022\/09\/huracan-geor5.jpg\" alt=\"\" class=\"wp-image-384639\"\/><figcaption>El sistema el\u00e9ctrico qued\u00f3 sin condiciones para garantizar el servicio.<\/figcaption><\/figure>\n\n\n\n<figure class=\"wp-block-image size-full\"><img loading=\"lazy\" decoding=\"async\" width=\"201\" height=\"251\" src=\"https:\/\/diariodominicano.com\/wp-content\/uploads\/2022\/09\/Leonel-Fernandez-1996.jpg\" alt=\"\" class=\"wp-image-384641\"\/><figcaption> Tras el paso del fen\u00f3meno natural, el presidente Leonel Fern\u00e1ndez visit\u00f3 las zonas afectadas y se solidariz\u00f3 con familias de las que sufrieron las p\u00e9rdidas m\u00e1s significativas. <\/figcaption><\/figure>\n\n\n\n<p>Por H\u00e9ctor Tineo Nolasco<\/p>\n\n\n\n<p>Diariodominicano.com<\/p>\n\n\n\n<p>SANTO DOMINGO, el 22 de septiembre de 1998, el hurac\u00e1n Georges devast\u00f3 a una gran parte del territorio de la Rep\u00fablica Dominicana. Ciudad Santo Domingo, y las provincias San Juan de la Maguana, Barahona, La Romana y La Altagracia se contaron entre las m\u00e1s afectadas.<\/p>\n\n\n\n<figure class=\"wp-block-image size-full\"><img loading=\"lazy\" decoding=\"async\" width=\"270\" height=\"195\" src=\"https:\/\/diariodominicano.com\/wp-content\/uploads\/2022\/09\/Huracan-Georges-3.jpg\" alt=\"\" class=\"wp-image-384646\"\/><\/figure>\n\n\n\n<p><strong>El presidente Leonel Fern\u00e1ndez aprob\u00f3 plan nacional de reconstrucci\u00f3n y asistencia a los afectados<\/strong><\/p>\n\n\n\n<p>&nbsp;Tras el paso del fen\u00f3meno natural, el presidente Leonel Fern\u00e1ndez visit\u00f3 las zonas afectadas y se solidariz\u00f3 con familias de las que sufrieron las p\u00e9rdidas m\u00e1s significativas.<\/p>\n\n\n\n<p>Tras el levantamiento preliminar de informaci\u00f3n, el presidente Leonel Fern\u00e1ndez aprob\u00f3 un plan nacional de reconstrucci\u00f3n, as\u00ed como asistencia a las familias y personas que sufrieron p\u00e9rdida<strong>s.<\/strong><strong><\/strong><\/p>\n\n\n\n<p>&nbsp;&nbsp;&nbsp;&nbsp; En la regi\u00f3n Este el hurac\u00e1n ocasion\u00f3 los mayores da\u00f1os en San Pedro de Macor\u00eds, La Romana, La Altagracia, El Seybo y Hato Mayor.<\/p>\n\n\n\n<figure class=\"wp-block-image size-large\"><img loading=\"lazy\" decoding=\"async\" width=\"1024\" height=\"709\" src=\"https:\/\/diariodominicano.com\/wp-content\/uploads\/2022\/09\/huracan-georges2-1024x709.jpg\" alt=\"\" class=\"wp-image-384644\" srcset=\"https:\/\/diariodominicano.com\/wp-content\/uploads\/2022\/09\/huracan-georges2-1024x709.jpg 1024w, https:\/\/diariodominicano.com\/wp-content\/uploads\/2022\/09\/huracan-georges2-300x208.jpg 300w, https:\/\/diariodominicano.com\/wp-content\/uploads\/2022\/09\/huracan-georges2-768x532.jpg 768w, https:\/\/diariodominicano.com\/wp-content\/uploads\/2022\/09\/huracan-georges2-1536x1064.jpg 1536w, https:\/\/diariodominicano.com\/wp-content\/uploads\/2022\/09\/huracan-georges2-816x565.jpg 816w, https:\/\/diariodominicano.com\/wp-content\/uploads\/2022\/09\/huracan-georges2.jpg 1549w\" sizes=\"auto, (max-width: 1024px) 100vw, 1024px\" \/><\/figure>\n\n\n\n<p>&nbsp;&nbsp;&nbsp; En la regi\u00f3n sur el municipio Tamayo fue cubierto por el agua y el lodo.<\/p>\n\n\n\n<p>&nbsp;&nbsp; En San Juan de la Maguana, el barrio Mesopotamia fue barrido por las aguas del r\u00edo Yaque del Sur.<\/p>\n\n\n\n<p>&nbsp;<strong>Horas despu\u00e9s del paso del hurac\u00e1n, la dirigencia del Partido Revolucionario Dominicano (PRD) puso a circular la versi\u00f3n de que en la Mesopotamia mu\u00adrieron m\u00e1s de mil personas, y culparon de lo sucedido al Go\u00adbierno del PLD que encabezaba el presidente Leonel Fern\u00e1ndez, pero al poco tiempo la versi\u00f3n perredeista respecto al n\u00famero de muertos, fue desmentida por vecinos y por la Iglesia Cat\u00f3lica.<\/strong>&nbsp;<\/p>\n\n\n\n<p>Un sacerdote que conoc\u00eda la Mesopotamia, precis\u00f3 que el n\u00famero de fallecidos en el lugar fue de 36 personas.<\/p>\n\n\n\n<p><strong>Horas antes la senadora del Distrito Nacional, la doctora Milagros Ort\u00edz Bosch reiter\u00f3 la versi\u00f3n del PRD al peri\u00f3dico List\u00edn Diario, de que murieron m\u00e1s de mil personas en la Mesopotamia<\/strong>.<\/p>\n\n\n\n<p>&nbsp;&nbsp;&nbsp; En principios hab\u00eda corrido la versi\u00f3n de que murieron cientos de personas, pero luego la Iglesia Cat\u00f3lica y los organismos de socorro establecieron que el n\u00famero de muertos es de 36.<\/p>\n\n\n\n<p>&nbsp;&nbsp;&nbsp; <strong>Los vientos del hurac\u00e1n Georges ocasionaron da\u00f1os millonarios al sistema el\u00e9ctrico nacional y destruyeron los principales puentes de una parte de la regi\u00f3n sur, lo que oblig\u00f3 al primer Gobierno del presidente Leonel Fern\u00e1ndez a hacer inversiones extraordinarias para la recuperaci\u00f3n.<\/strong><\/p>\n\n\n\n<p>&nbsp;&nbsp;&nbsp; Las plantaciones de los principales rubros agr\u00edcolas, incluidos los platanales, fueron devastadas por los vientos del hurac\u00e1n Georges.<\/p>\n\n\n\n<p>&nbsp;&nbsp;&nbsp; Para la reconstrucci\u00f3n el Banco Mundial y el Banco Interamericano de Desarrollo aprobaron a la Rep\u00fablica Dominicana, dos pr\u00e9stamos: uno de 111 millones de d\u00f3lares y otro de 105 millones, respectivamente, para ser invertidos en restauraci\u00f3n de las obras de infraestructuras impactadas por los da\u00f1os ocasionados por el hurac\u00e1n Georges.<\/p>\n\n\n\n<p>&nbsp;&nbsp;&nbsp; En el mes de septiembre de 1999,&nbsp; el Gobierno recibi\u00f3 el primer desembolso por un monto de 30 millones de d\u00f3lares.<\/p>\n\n\n\n<p>&nbsp;&nbsp; Las p\u00e9rdidas ocasionadas por el hurac\u00e1n Georges fueron estimadas en el momento, septiembre 1998, en 35 mil millones de pesos.<\/p>\n","protected":false},"excerpt":{"rendered":"<p>Impacta el sistema el\u00e9ctrico nacional y destruye obras de infraestructuras Por H\u00e9ctor Tineo Nolasco Diariodominicano.com SANTO DOMINGO, el 22 de septiembre de 1998, el hurac\u00e1n Georges devast\u00f3 a una gran parte del territorio de la Rep\u00fablica Dominicana. Ciudad Santo Domingo, y las provincias San Juan de la Maguana, Barahona, La Romana y La Altagracia se [&hellip;]<\/p>\n","protected":false},"author":28,"featured_media":384637,"comment_status":"closed","ping_status":"","sticky":true,"template":"","format":"standard","meta":{"footnotes":""},"categories":[20,26,27],"tags":[],"class_list":["post-384636","post","type-post","status-publish","format-standard","has-post-thumbnail","hentry","category-dominicana-hoy","category-efemerides","category-portada"],"_links":{"self":[{"href":"https:\/\/diariodominicano.com\/index.php?rest_route=\/wp\/v2\/posts\/384636","targetHints":{"allow":["GET"]}}],"collection":[{"href":"https:\/\/diariodominicano.com\/index.php?rest_route=\/wp\/v2\/posts"}],"about":[{"href":"https:\/\/diariodominicano.com\/index.php?rest_route=\/wp\/v2\/types\/post"}],"author":[{"embeddable":true,"href":"https:\/\/diariodominicano.com\/index.php?rest_route=\/wp\/v2\/users\/28"}],"replies":[{"embeddable":true,"href":"https:\/\/diariodominicano.com\/index.php?rest_route=%2Fwp%2Fv2%2Fcomments&post=384636"}],"version-history":[{"count":5,"href":"https:\/\/diariodominicano.com\/index.php?rest_route=\/wp\/v2\/posts\/384636\/revisions"}],"predecessor-version":[{"id":384647,"href":"https:\/\/diariodominicano.com\/index.php?rest_route=\/wp\/v2\/posts\/384636\/revisions\/384647"}],"wp:featuredmedia":[{"embeddable":true,"href":"https:\/\/diariodominicano.com\/index.php?rest_route=\/wp\/v2\/media\/384637"}],"wp:attachment":[{"href":"https:\/\/diariodominicano.com\/index.php?rest_route=%2Fwp%2Fv2%2Fmedia&parent=384636"}],"wp:term":[{"taxonomy":"category","embeddable":true,"href":"https:\/\/diariodominicano.com\/index.php?rest_route=%2Fwp%2Fv2%2Fcategories&post=384636"},{"taxonomy":"post_tag","embeddable":true,"href":"https:\/\/diariodominicano.com\/index.php?rest_route=%2Fwp%2Fv2%2Ftags&post=384636"}],"curies":[{"name":"wp","href":"https:\/\/api.w.org\/{rel}","templated":true}]}}