{"id":384633,"date":"2022-09-22T00:05:15","date_gmt":"2022-09-22T04:05:15","guid":{"rendered":"http:\/\/diariodominicano.com\/?p=384633"},"modified":"2022-09-22T00:05:15","modified_gmt":"2022-09-22T04:05:15","slug":"agentes-de-la-policia-matan-al-dirigente-de-izquierda-homero-hernandez-vargas","status":"publish","type":"post","link":"https:\/\/diariodominicano.com\/?p=384633","title":{"rendered":"Agentes de la Polic\u00eda matan al dirigente de izquierda Homero Hern\u00e1ndez Vargas"},"content":{"rendered":"\n<p>Por H\u00e9ctor Tineo Nolasco<\/p>\n\n\n\n<p>Diariodominicano.com<\/p>\n\n\n\n<p>SANTO DOMINGO, el 22 de septiembre de 1971,\u00a0 agentes de la Polic\u00eda Nacional mataron a balazos al pol\u00edtico H\u00e9ctor Homero Hern\u00e1ndez Vargas, l\u00edder de Acci\u00f3n de Lucha por una Nueva Quisqueya.<\/p>\n\n\n\n<p>&nbsp;&nbsp;&nbsp; En el momento que fue tiroteado por los agentes policiales, comandados por el sargento Juan Mar\u00eda Arias S\u00e1nchez, Homero Hern\u00e1ndez Vargas estaba&nbsp; acompa\u00f1ado por su esposa Elsa Pe\u00f1a, quien ten\u00eda ocho meses de embarazo.<\/p>\n\n\n\n<p>&nbsp;&nbsp;&nbsp;&nbsp; El incidente se produjo en la avenida San Crist\u00f3bal de ciudad Santo Domingo. Juan Mar\u00eda Arias S\u00e1nchez, con el rango de teniente,&nbsp; tambi\u00e9n&nbsp; fue acusado el 17 de marzo de 1975, de ser el jefe del comando policial que asesin\u00f3 al periodista Gregorio Garc\u00eda Castro.<\/p>\n\n\n\n<p>&nbsp;&nbsp;&nbsp;&nbsp; Homero Hern\u00e1ndez Vargas naci\u00f3 en La Romana, en 1942.<\/p>\n\n\n\n<p>&nbsp;&nbsp;&nbsp;&nbsp; En el a\u00f1o 1963 particip\u00f3 en el movimiento guerrillero liderado por el doctor Manuel Aurelio \u2013Manolo- Tav\u00e1rez Justo y comandaba el frente Comandante Enrique Jim\u00e9nez Moya.<\/p>\n\n\n\n<p>&nbsp;&nbsp; Fue hecho prisionero y deportado en el a\u00f1o 1964, a Bruselas, B\u00e9lgica.<\/p>\n\n\n\n<p>&nbsp;&nbsp; Regres\u00f3 a Rep\u00fablica Dominicana, en el a\u00f1o 1965 y se integr\u00f3 a la lucha constitucionalista. El 25 de julio de 1965, particip\u00f3 en el combate de la Fortaleza Duarte, junto con Baldemiro Castro, Leal Prandy \u2013La Chuta- y S\u00f3stene Pe\u00f1a J\u00e1quez.<\/p>\n\n\n\n<p>&nbsp; En&nbsp; 1967 particip\u00f3 en un movimiento guerrillero junto a Amaury Germ\u00e1n Aristy y Am\u00edn Abel Hasb\u00fan, pero luego lo abandonaron.<\/p>\n\n\n\n<p>&nbsp;&nbsp;&nbsp; Homero Hern\u00e1ndez Vargas era perseguido por los agentes de la Polic\u00eda, luego de que fuera acusado de participar \u201cen actividades comunistas\u201d.<\/p>\n\n\n\n<p>&nbsp;&nbsp;&nbsp;&nbsp; En la ocasi\u00f3n la esposa de Homero Hern\u00e1ndez Vargas,&nbsp; Elsa Pe\u00f1a, dio detalles de c\u00f3mo fue tiroteado el dirigente de izquierda a pesar de que no hizo resistencia a los agentes que lo mataron.<\/p>\n\n\n\n<p>&nbsp;&nbsp;&nbsp; <strong>Sostuvo que su c\u00f3nyuge fue muerto a mansalva por los agentes que lo localizaron mientras transitaba en un veh\u00edculo por la avenida San Crist\u00f3bal, en el ensanche La Fe.<\/strong><strong><\/strong><\/p>\n\n\n\n<p>&nbsp;&nbsp;&nbsp; La muerte de Homero Hern\u00e1ndez Vargas, se sum\u00f3 a la lista de decenas de dirigentes de izquierda que fueron asesinados en las calles de Santo Domingo y poblaciones de provincias durante el Gobierno del Presidente Joaqu\u00edn Balaguer, durante el per\u00edodo 1966-1978.<\/p>\n\n\n\n<p>&nbsp;&nbsp; Los organismos de represi\u00f3n del Gobierno intensificaron la persecuci\u00f3n contra la dirigencia de la izquierda dominicana a partir del mes de marzo de 1970, cuando fue secuestrado en Santo Domingo, el agregado militar de Estados Unidos, Coronel Donald Jerssey Crowlly.<\/p>\n","protected":false},"excerpt":{"rendered":"<p>Por H\u00e9ctor Tineo Nolasco Diariodominicano.com SANTO DOMINGO, el 22 de septiembre de 1971,\u00a0 agentes de la Polic\u00eda Nacional mataron a balazos al pol\u00edtico H\u00e9ctor Homero Hern\u00e1ndez Vargas, l\u00edder de Acci\u00f3n de Lucha por una Nueva Quisqueya. &nbsp;&nbsp;&nbsp; En el momento que fue tiroteado por los agentes policiales, comandados por el sargento Juan Mar\u00eda Arias S\u00e1nchez, [&hellip;]<\/p>\n","protected":false},"author":28,"featured_media":384634,"comment_status":"closed","ping_status":"","sticky":true,"template":"","format":"standard","meta":{"footnotes":""},"categories":[26,27],"tags":[],"class_list":["post-384633","post","type-post","status-publish","format-standard","has-post-thumbnail","hentry","category-efemerides","category-portada"],"_links":{"self":[{"href":"https:\/\/diariodominicano.com\/index.php?rest_route=\/wp\/v2\/posts\/384633","targetHints":{"allow":["GET"]}}],"collection":[{"href":"https:\/\/diariodominicano.com\/index.php?rest_route=\/wp\/v2\/posts"}],"about":[{"href":"https:\/\/diariodominicano.com\/index.php?rest_route=\/wp\/v2\/types\/post"}],"author":[{"embeddable":true,"href":"https:\/\/diariodominicano.com\/index.php?rest_route=\/wp\/v2\/users\/28"}],"replies":[{"embeddable":true,"href":"https:\/\/diariodominicano.com\/index.php?rest_route=%2Fwp%2Fv2%2Fcomments&post=384633"}],"version-history":[{"count":1,"href":"https:\/\/diariodominicano.com\/index.php?rest_route=\/wp\/v2\/posts\/384633\/revisions"}],"predecessor-version":[{"id":384635,"href":"https:\/\/diariodominicano.com\/index.php?rest_route=\/wp\/v2\/posts\/384633\/revisions\/384635"}],"wp:featuredmedia":[{"embeddable":true,"href":"https:\/\/diariodominicano.com\/index.php?rest_route=\/wp\/v2\/media\/384634"}],"wp:attachment":[{"href":"https:\/\/diariodominicano.com\/index.php?rest_route=%2Fwp%2Fv2%2Fmedia&parent=384633"}],"wp:term":[{"taxonomy":"category","embeddable":true,"href":"https:\/\/diariodominicano.com\/index.php?rest_route=%2Fwp%2Fv2%2Fcategories&post=384633"},{"taxonomy":"post_tag","embeddable":true,"href":"https:\/\/diariodominicano.com\/index.php?rest_route=%2Fwp%2Fv2%2Ftags&post=384633"}],"curies":[{"name":"wp","href":"https:\/\/api.w.org\/{rel}","templated":true}]}}