{"id":384590,"date":"2022-09-21T19:14:58","date_gmt":"2022-09-21T23:14:58","guid":{"rendered":"http:\/\/diariodominicano.com\/?p=384590"},"modified":"2022-09-21T19:14:58","modified_gmt":"2022-09-21T23:14:58","slug":"camara-de-comercio-de-puerto-plata-se-juramenta-en-el-consejo-economico-y-social-municipal-de-puerto-plata","status":"publish","type":"post","link":"https:\/\/diariodominicano.com\/?p=384590","title":{"rendered":"C\u00e1mara de Comercio de Puerto Plata se juramenta en el Consejo Econ\u00f3mico y Social Municipal de Puerto Plata"},"content":{"rendered":"\n<p><strong>Puerto Plata, RD-&nbsp;<\/strong>La C\u00e1mara de Comercio de Puerto Plata se jurament\u00f3 hoy en el Consejo de Desarrollo Municipal o Consejo Econ\u00f3mico y Social Municipal de San Felipe de Puerto Plata, representando al sector Asociaci\u00f3n de Empresarios y Comerciantes de esta provincia.<\/p>\n\n\n\n<p><strong>Mileyka Brugal, presidente de la instituci\u00f3n y Juan Pablo Gonz\u00e1lez, director T\u00e9cnico, participar\u00e1n en lo adelante, en los planes y proyectos que surjan dentro de este \u00f3rgano consultivo del Poder Ejecutivo en materia econ\u00f3mica, social y laboral.<\/strong><\/p>\n\n\n\n<figure class=\"wp-block-image size-large\"><img loading=\"lazy\" decoding=\"async\" width=\"1024\" height=\"682\" src=\"https:\/\/diariodominicano.com\/wp-content\/uploads\/2022\/09\/camara-puerto-plata-21-1-1024x682.jpg\" alt=\"\" class=\"wp-image-384595\" srcset=\"https:\/\/diariodominicano.com\/wp-content\/uploads\/2022\/09\/camara-puerto-plata-21-1-1024x682.jpg 1024w, https:\/\/diariodominicano.com\/wp-content\/uploads\/2022\/09\/camara-puerto-plata-21-1-300x200.jpg 300w, https:\/\/diariodominicano.com\/wp-content\/uploads\/2022\/09\/camara-puerto-plata-21-1-768x512.jpg 768w, https:\/\/diariodominicano.com\/wp-content\/uploads\/2022\/09\/camara-puerto-plata-21-1-1536x1023.jpg 1536w, https:\/\/diariodominicano.com\/wp-content\/uploads\/2022\/09\/camara-puerto-plata-21-1-816x544.jpg 816w, https:\/\/diariodominicano.com\/wp-content\/uploads\/2022\/09\/camara-puerto-plata-21-1.jpg 1600w\" sizes=\"auto, (max-width: 1024px) 100vw, 1024px\" \/><\/figure>\n\n\n\n<p>El Consejo, que promueve la democracia local y la activa participaci\u00f3n de la comunidad, qued\u00f3 conformado por 27 entidades, encabezado por la Alcald\u00eda Municipal.<\/p>\n\n\n\n<p>La presidente de la C\u00e1mara de Comercio, valor\u00f3 la reestructuraci\u00f3n de esta instancia de participaci\u00f3n de los agentes econ\u00f3micos y sociales a nivel del territorio, ya que la misma tiene como funci\u00f3n articular y canalizar demandas de los ciudadanos ante el gobierno central y municipal.<\/p>\n\n\n\n<p>Resalt\u00f3 la buena disposici\u00f3n de la C\u00e1mara, por ser parte din\u00e1mica y activa en todas las iniciativas que aporten a la conformaci\u00f3n de un Plan Estrat\u00e9gico de Desarrollo Territorial para Puerto Plata.<\/p>\n\n\n\n<p>C\u00e1mara de Comercio Puerto Plata<a rel=\"noreferrer noopener\" target=\"_blank\" href=\"mailto:camaradecomerciodepuertoplata@gmail.com\">camaradecomerciodepuertopla<\/a><\/p>\n\n\n\n<p><strong>ANNY MARIEL&nbsp;GOMEZ<\/strong><br>Directora &nbsp;|&nbsp;Departamento de Comunicaciones<\/p>\n","protected":false},"excerpt":{"rendered":"<p>Puerto Plata, RD-&nbsp;La C\u00e1mara de Comercio de Puerto Plata se jurament\u00f3 hoy en el Consejo de Desarrollo Municipal o Consejo Econ\u00f3mico y Social Municipal de San Felipe de Puerto Plata, representando al sector Asociaci\u00f3n de Empresarios y Comerciantes de esta provincia. Mileyka Brugal, presidente de la instituci\u00f3n y Juan Pablo Gonz\u00e1lez, director T\u00e9cnico, participar\u00e1n en [&hellip;]<\/p>\n","protected":false},"author":28,"featured_media":384594,"comment_status":"closed","ping_status":"","sticky":true,"template":"","format":"standard","meta":{"footnotes":""},"categories":[36,18,27],"tags":[],"class_list":["post-384590","post","type-post","status-publish","format-standard","has-post-thumbnail","hentry","category-hombresmujeresycosas","category-economia","category-portada"],"_links":{"self":[{"href":"https:\/\/diariodominicano.com\/index.php?rest_route=\/wp\/v2\/posts\/384590","targetHints":{"allow":["GET"]}}],"collection":[{"href":"https:\/\/diariodominicano.com\/index.php?rest_route=\/wp\/v2\/posts"}],"about":[{"href":"https:\/\/diariodominicano.com\/index.php?rest_route=\/wp\/v2\/types\/post"}],"author":[{"embeddable":true,"href":"https:\/\/diariodominicano.com\/index.php?rest_route=\/wp\/v2\/users\/28"}],"replies":[{"embeddable":true,"href":"https:\/\/diariodominicano.com\/index.php?rest_route=%2Fwp%2Fv2%2Fcomments&post=384590"}],"version-history":[{"count":1,"href":"https:\/\/diariodominicano.com\/index.php?rest_route=\/wp\/v2\/posts\/384590\/revisions"}],"predecessor-version":[{"id":384596,"href":"https:\/\/diariodominicano.com\/index.php?rest_route=\/wp\/v2\/posts\/384590\/revisions\/384596"}],"wp:featuredmedia":[{"embeddable":true,"href":"https:\/\/diariodominicano.com\/index.php?rest_route=\/wp\/v2\/media\/384594"}],"wp:attachment":[{"href":"https:\/\/diariodominicano.com\/index.php?rest_route=%2Fwp%2Fv2%2Fmedia&parent=384590"}],"wp:term":[{"taxonomy":"category","embeddable":true,"href":"https:\/\/diariodominicano.com\/index.php?rest_route=%2Fwp%2Fv2%2Fcategories&post=384590"},{"taxonomy":"post_tag","embeddable":true,"href":"https:\/\/diariodominicano.com\/index.php?rest_route=%2Fwp%2Fv2%2Ftags&post=384590"}],"curies":[{"name":"wp","href":"https:\/\/api.w.org\/{rel}","templated":true}]}}