{"id":384582,"date":"2022-09-21T19:01:24","date_gmt":"2022-09-21T23:01:24","guid":{"rendered":"http:\/\/diariodominicano.com\/?p=384582"},"modified":"2022-09-21T19:05:47","modified_gmt":"2022-09-21T23:05:47","slug":"avanzan-preparativos-de-organizacion-del-festicafe-2022-en-polo","status":"publish","type":"post","link":"https:\/\/diariodominicano.com\/?p=384582","title":{"rendered":"Avanzan preparativos de organizaci\u00f3n del Festicafe 2022 en Polo"},"content":{"rendered":"\n<p>Diariodominicano.com<\/p>\n\n\n\n<p><strong>POLO, Barahona, RD.-  <\/strong>Avanzan los preparativos de la organizaci\u00f3n del<br>Festival del Caf\u00e9 Org\u00e1nico \u201cFesticaf\u00e9 2022\u201d, \u00abCelebrando la Cosecha\u00bb,<br>pautado para celebrarse los d\u00edas 28, 29 y 30 de octubre dedicado a los<br>caficultores de la provincia Bahoruco.<\/p>\n\n\n\n<figure class=\"wp-block-image size-large\"><img loading=\"lazy\" decoding=\"async\" width=\"1024\" height=\"471\" src=\"https:\/\/diariodominicano.com\/wp-content\/uploads\/2022\/09\/1a6859c7-00fd-4768-9183-6095a63a2a70-1024x471.jpg\" alt=\"\" class=\"wp-image-384588\" srcset=\"https:\/\/diariodominicano.com\/wp-content\/uploads\/2022\/09\/1a6859c7-00fd-4768-9183-6095a63a2a70-1024x471.jpg 1024w, https:\/\/diariodominicano.com\/wp-content\/uploads\/2022\/09\/1a6859c7-00fd-4768-9183-6095a63a2a70-300x138.jpg 300w, https:\/\/diariodominicano.com\/wp-content\/uploads\/2022\/09\/1a6859c7-00fd-4768-9183-6095a63a2a70-768x353.jpg 768w, https:\/\/diariodominicano.com\/wp-content\/uploads\/2022\/09\/1a6859c7-00fd-4768-9183-6095a63a2a70-1536x707.jpg 1536w, https:\/\/diariodominicano.com\/wp-content\/uploads\/2022\/09\/1a6859c7-00fd-4768-9183-6095a63a2a70-816x375.jpg 816w, https:\/\/diariodominicano.com\/wp-content\/uploads\/2022\/09\/1a6859c7-00fd-4768-9183-6095a63a2a70.jpg 1600w\" sizes=\"auto, (max-width: 1024px) 100vw, 1024px\" \/><\/figure>\n\n\n\n<p>Durante el evento habr\u00e1 un congreso de caficultores donde se analizar\u00e1<br>las problem\u00e1ticas de la caficultura, especialmente con productores del<br>grano arom\u00e1tico de distintas zonas cafetaleras.<\/p>\n\n\n\n<p>Este evento ser\u00e1 dirigido por el empresario C\u00e9sar Ros, exportador de<br>caf\u00e9, quien reunir\u00e1 importantes productores del pa\u00eds en el debate<br>sobre la realidad de ese sector.<\/p>\n\n\n\n<p>Hasta el momento se ha confirmado la presencia del director ejecutivo<br>del Instituto Dominicano del Caf\u00e9 (INDOCAFE), Le\u00f3nidas Batista D\u00edaz<br>quien expondr\u00e1 los avances obtenidos con la renovaci\u00f3n de las<br>pl\u00e1ntulas resistentes a la roya.<\/p>\n\n\n\n<p>Adem\u00e1s se va a realizar un concurso con captadores nacionales e<br>internacionales, donde se determinar\u00e1 el mejor caf\u00e9 procesado, el<br>mejor en olor y sabor.<\/p>\n\n\n\n<p>Los ganadores recibir\u00e1n premios donados por INDOCAFE y otros grandes<br>productores, como forma de incentivar a los caficultores<br>participantes.<\/p>\n\n\n\n<p>Este festival est\u00e1 siendo apoyado por la Unidad T\u00e9cnica de Proyecto de<br>Desarrollo Agroforestales (Utepda), el Ministerio de Agricultura,<br>INDOCAFE y la alcald\u00eda de Polo.<\/p>\n\n\n\n<p>Alcald\u00edas, ONGs e instituciones de Barahona, y otras localidades del<br>pa\u00eds tambi\u00e9n se han sumado a la organizaci\u00f3n del Festicaf\u00e9.<\/p>\n\n\n\n<p>El Comit\u00e9 Permanente de Cultura, inform\u00f3 que trabajan incansablemente<br>por el \u00e9xito del festival, el cual ser\u00e1 m\u00e1s variado y con un mejor<br>contenido que los anteriores.<\/p>\n\n\n\n<p>UPTEDA e INDOCAFE, remitieron una invitaci\u00f3n al Presidente Luis<br>Abinader quien confirm\u00f3 que asistir\u00e1 a la inauguraci\u00f3n el s\u00e1bado 29 de<br>octubre.<\/p>\n\n\n\n<p>&nbsp;Las actividades del Festicaf\u00e9 se desarrollar\u00e1n en el estadio de esta comunidad.<\/p>\n\n\n\n<p>El Festicaf\u00e9 es un evento socio-cultural donde los Caficultores<br>Org\u00e1nicos de Polo, comunidades rurales del Parque Nacional Sierra de<br>Bahoruco y otras comunidades de la Regi\u00f3n Sur del pa\u00eds, dan a conocer<br>su trabajo y promueven su producci\u00f3n org\u00e1nica a nivel nacional e<br>internacional.<\/p>\n\n\n\n<p>Ohelmis S\u00e1nchez<a rel=\"noreferrer noopener\" target=\"_blank\" href=\"mailto:ohelmissanchez@gmail.com\">ohelmissanchez@gmail.com<\/a><\/p>\n\n\n\n<p>Cafe Polo<\/p>\n","protected":false},"excerpt":{"rendered":"<p>Diariodominicano.com POLO, Barahona, RD.- Avanzan los preparativos de la organizaci\u00f3n delFestival del Caf\u00e9 Org\u00e1nico \u201cFesticaf\u00e9 2022\u201d, \u00abCelebrando la Cosecha\u00bb,pautado para celebrarse los d\u00edas 28, 29 y 30 de octubre dedicado a loscaficultores de la provincia Bahoruco. Durante el evento habr\u00e1 un congreso de caficultores donde se analizar\u00e1las problem\u00e1ticas de la caficultura, especialmente con productores delgrano [&hellip;]<\/p>\n","protected":false},"author":28,"featured_media":384585,"comment_status":"closed","ping_status":"","sticky":true,"template":"","format":"standard","meta":{"footnotes":""},"categories":[21,36,27],"tags":[],"class_list":["post-384582","post","type-post","status-publish","format-standard","has-post-thumbnail","hentry","category-cultura","category-hombresmujeresycosas","category-portada"],"_links":{"self":[{"href":"https:\/\/diariodominicano.com\/index.php?rest_route=\/wp\/v2\/posts\/384582","targetHints":{"allow":["GET"]}}],"collection":[{"href":"https:\/\/diariodominicano.com\/index.php?rest_route=\/wp\/v2\/posts"}],"about":[{"href":"https:\/\/diariodominicano.com\/index.php?rest_route=\/wp\/v2\/types\/post"}],"author":[{"embeddable":true,"href":"https:\/\/diariodominicano.com\/index.php?rest_route=\/wp\/v2\/users\/28"}],"replies":[{"embeddable":true,"href":"https:\/\/diariodominicano.com\/index.php?rest_route=%2Fwp%2Fv2%2Fcomments&post=384582"}],"version-history":[{"count":3,"href":"https:\/\/diariodominicano.com\/index.php?rest_route=\/wp\/v2\/posts\/384582\/revisions"}],"predecessor-version":[{"id":384589,"href":"https:\/\/diariodominicano.com\/index.php?rest_route=\/wp\/v2\/posts\/384582\/revisions\/384589"}],"wp:featuredmedia":[{"embeddable":true,"href":"https:\/\/diariodominicano.com\/index.php?rest_route=\/wp\/v2\/media\/384585"}],"wp:attachment":[{"href":"https:\/\/diariodominicano.com\/index.php?rest_route=%2Fwp%2Fv2%2Fmedia&parent=384582"}],"wp:term":[{"taxonomy":"category","embeddable":true,"href":"https:\/\/diariodominicano.com\/index.php?rest_route=%2Fwp%2Fv2%2Fcategories&post=384582"},{"taxonomy":"post_tag","embeddable":true,"href":"https:\/\/diariodominicano.com\/index.php?rest_route=%2Fwp%2Fv2%2Ftags&post=384582"}],"curies":[{"name":"wp","href":"https:\/\/api.w.org\/{rel}","templated":true}]}}