{"id":384553,"date":"2022-09-21T18:09:01","date_gmt":"2022-09-21T22:09:01","guid":{"rendered":"http:\/\/diariodominicano.com\/?p=384553"},"modified":"2022-09-21T18:25:49","modified_gmt":"2022-09-21T22:25:49","slug":"el-crd-define-las-estrategias-para-el-desarrollo-de-la-atencion-primaria-la-seguridad-social-y-el-sistema-nacional-de-salud-de-rd","status":"publish","type":"post","link":"https:\/\/diariodominicano.com\/?p=384553","title":{"rendered":"El CRD define las estrategias para el desarrollo de la atenci\u00f3n primaria, la seguridad social y el sistema nacional de salud de RD"},"content":{"rendered":"\n<p>La bendici\u00f3n del evento estuvo a cargo de Monse\u00f1or Jes\u00fas Moya, Presidente  Consejo Asesores del CRD.<\/p>\n\n\n\n<figure class=\"wp-block-image size-full\"><img loading=\"lazy\" decoding=\"async\" width=\"310\" height=\"400\" src=\"https:\/\/diariodominicano.com\/wp-content\/uploads\/2022\/09\/Lic.-Gabriel-Jose-Garcia.jpg\" alt=\"\" class=\"wp-image-384557\" srcset=\"https:\/\/diariodominicano.com\/wp-content\/uploads\/2022\/09\/Lic.-Gabriel-Jose-Garcia.jpg 310w, https:\/\/diariodominicano.com\/wp-content\/uploads\/2022\/09\/Lic.-Gabriel-Jose-Garcia-233x300.jpg 233w\" sizes=\"auto, (max-width: 310px) 100vw, 310px\" \/><figcaption> Gabriel Garc\u00eda N\u00fa\u00f1ez<\/figcaption><\/figure>\n\n\n\n<p> La apertura del foro estuvo a cargo del Lic. Gabriel Garc\u00eda N\u00fa\u00f1ez.<\/p>\n\n\n\n<p><strong>Presenta f\u00f3rmula para motorizar\u00a0y hacer eficaz la atenci\u00f3n primaria de salud en Rep\u00fablica Dominicana.<\/strong><\/p>\n\n\n\n<p><\/p>\n\n\n\n<p><strong>SAN FRANCISCO DE MACORIS<\/strong>, RD.- El Consejo Regional de Desarrollo (CRD) defini\u00f3 las estrategias\u00a0\u00a0y el m\u00e9todo a motorizar por nuestra naci\u00f3n para el desarrollo de la atenci\u00f3n primaria, la seguridad social\u00a0\u00a0y el sistema nacional de salud, junto a sus estructuras hospitalarias p\u00fablicas y privadas.<\/p>\n\n\n\n<p>Los logros alcanzados, se obtuvieron en ocasi\u00f3n del Consejo Regional de Desarrollo (CRD) celebrar el \u201cPrimer Foro Nacional en torno al Sistema, la Metodolog\u00eda y Plan a implementar para el Desarrollo de la Atenci\u00f3n Primaria y el Sistema de Salud de la Republica Dominicana\u201d, con la participaci\u00f3n de expertos en el tema de seguridad social, representantes del sector oficial, sector salud,&nbsp; m\u00e9dicos, empresarios, l\u00edderes gremiales y l\u00edderes comunitarios.<\/p>\n\n\n\n<p>La bendici\u00f3n del evento estuvo a cargo de Monse\u00f1or Jes\u00fas Moya, Pte. Consejo Asesores del CRD, y la coordinaci\u00f3n por la Comisi\u00f3n de Salud del CRD, que me honro en dirigir.<\/p>\n\n\n\n<p>La apertura del foro estuvo a cargo del Lic. Gabriel Garc\u00eda N\u00fa\u00f1ez, quien abord\u00f3 el tema, \u201cEstrategia y Lineamiento del Sector Hospitalario Privado para implementar la Atenci\u00f3n Primaria de Salud\u201d, quien inst\u00f3 a orientar e incentivar las cl\u00ednicas privadas para que adopten la estrategia de atenci\u00f3n primaria interna o externa a sus instalaciones. Asever\u00f3 que estas tienen la infraestructura, equipamiento, personal m\u00e9dico, enfermeras, t\u00e9cnicos, y experiencia para lograr una econom\u00eda de escalada que garantice la sostenibilidad financiera del primer nivel de atenci\u00f3n de salud.<\/p>\n\n\n\n<p>Garc\u00eda N\u00fa\u00f1ez, ex vicepresidente de la Asociaci\u00f3n Nacional de Cl\u00ednicas Privadas expres\u00f3 que se est\u00e1n formando M\u00e9dicos Familiares m\u00e1s orientados a la formaci\u00f3n de m\u00e9dicos internistas, que ha m\u00e9dicos comunitarios. Adem\u00e1s, hizo un llamado a que se promueva la Alianza P\u00fablico Privada, para buscarle soluci\u00f3n al problema de referencia y contra referencia del sector p\u00fablico al sector privado y viceversa.&nbsp; Y finalmente, que las cl\u00ednicas de atenci\u00f3n primaria se les permitan comprar los medicamentos en PROMESECAL.<\/p>\n\n\n\n<figure class=\"wp-block-image size-full\"><img loading=\"lazy\" decoding=\"async\" width=\"468\" height=\"555\" src=\"https:\/\/diariodominicano.com\/wp-content\/uploads\/2022\/09\/Dr.-Ivan-Rondon-Sanchez.jpg-foto.jpg\" alt=\"\" class=\"wp-image-384558\" srcset=\"https:\/\/diariodominicano.com\/wp-content\/uploads\/2022\/09\/Dr.-Ivan-Rondon-Sanchez.jpg-foto.jpg 468w, https:\/\/diariodominicano.com\/wp-content\/uploads\/2022\/09\/Dr.-Ivan-Rondon-Sanchez.jpg-foto-253x300.jpg 253w\" sizes=\"auto, (max-width: 468px) 100vw, 468px\" \/><figcaption>Iv\u00e1n Rond\u00f3n S\u00e1nchez<\/figcaption><\/figure>\n\n\n\n<p>El ex senador Iv\u00e1n Rond\u00f3n, Asesor del Poder Ejecutivo para la seguridad social, abord\u00f3 el tema Plan y m\u00e9todo a motorizar para un eficaz desarrollo de la seguridad social en Rep\u00fablica Dominicana, en su brillante exposici\u00f3n hizo un recorrido desde la aprobaci\u00f3n de la ley 87-01 que instituye el Sistema Dominicano de Seguridad Social (SDSS), adem\u00e1s aprovecho la oportunidad para informar de los avances logrados en la mesa tem\u00e1tica de Seguridad Social que coordina el Consejo Econ\u00f3mico y Social (CES), finalmente expres\u00f3 el alto inter\u00e9s del gobierno dominicano y en especial de presidente de la Rep\u00fablica para impulsar la puesta en marcha la atenci\u00f3n primaria de salud y propiciar las reformas que demandan las circunstancias.<\/p>\n\n\n\n<figure class=\"wp-block-image size-full\"><img loading=\"lazy\" decoding=\"async\" width=\"704\" height=\"689\" src=\"https:\/\/diariodominicano.com\/wp-content\/uploads\/2022\/09\/Dra.-Yokastia-De-Jesus-Aramboiles.jpg-Foto.jpg\" alt=\"\" class=\"wp-image-384560\" srcset=\"https:\/\/diariodominicano.com\/wp-content\/uploads\/2022\/09\/Dra.-Yokastia-De-Jesus-Aramboiles.jpg-Foto.jpg 704w, https:\/\/diariodominicano.com\/wp-content\/uploads\/2022\/09\/Dra.-Yokastia-De-Jesus-Aramboiles.jpg-Foto-300x294.jpg 300w\" sizes=\"auto, (max-width: 704px) 100vw, 704px\" \/><figcaption> Yocastia de Jes\u00fas <\/figcaption><\/figure>\n\n\n\n<p>La Directora general de salud colectiva del Ministerio de Salud, Dra. Yocastia de Jes\u00fas, present\u00f3 la ponencia, M\u00e9todo y plan estrat\u00e9gico presente y futuro a ser implementado por los organismos del sector salud con relaci\u00f3n a la Atenci\u00f3n Primaria y el Sistema Nacional de Salud, quien present\u00f3 las excusas del Ministro de Salud, Dr. Daniel Riveras, que por compromisos ajenos a su voluntad no pudo asistir al foro, y deseo los mayores \u00e9xitos a la actividad.<\/p>\n\n\n\n<p>La Dra. Yocastia De Jes\u00fas, su intervenci\u00f3n fue muy did\u00e1ctica, empez\u00f3 estableciendo la diferencia entre Primer Nivel de Atenci\u00f3n, que es la puerta de entrada al sistema de seguridad social y lo que resuelve es un problema curativo, mientras la Estrategia de Atenci\u00f3n Primaria (APS), es un modelo de gesti\u00f3n, integral, que pretende resolver los problemas fundamentales de salud que tiene la poblaci\u00f3n, respondiendo a sus caracter\u00edsticas principales y a los determinantes de salud.<\/p>\n\n\n\n<p>La estrategia es importante porque divide en dos etapas los servicios de salud, prehospitalaria, es decir preventivo y la otra etapa es la curativa u hospitalaria. Lo importante de la estrategia es evitar la enfermedad o mitigar su impacto en la poblaci\u00f3n.<\/p>\n\n\n\n<p>Asegur\u00f3 que la poblaci\u00f3n dominicana ha avanzado mucho en materia de salud, como lo demuestra la propuesta de pol\u00edticas y salud colectiva en mira para mejorar la calidad de vida de los dominicanos, a trav\u00e9s de la estrategia preventiva y promoci\u00f3n de la salud.<\/p>\n\n\n\n<p>La Directora General de Salud Colectiva, manifest\u00f3 que el marco legal de nuestro sistema de salud tiene todas las herramientas para poder impulsar esta estrategia, porque desde nuestra constituci\u00f3n, la ley general de salud, la ley de separaci\u00f3n de funciones y la ley que establece el sistema de seguridad social, tenemos la evidencia de que todos los sectores unidos, tienen un papel para impulsar esta estrategia.<\/p>\n\n\n\n<figure class=\"wp-block-image size-large\"><img loading=\"lazy\" decoding=\"async\" width=\"986\" height=\"1024\" src=\"https:\/\/diariodominicano.com\/wp-content\/uploads\/2022\/09\/Lic.-Arismendi-Diaz-Santana.jpg-foto-986x1024.jpg\" alt=\"\" class=\"wp-image-384562\" srcset=\"https:\/\/diariodominicano.com\/wp-content\/uploads\/2022\/09\/Lic.-Arismendi-Diaz-Santana.jpg-foto-986x1024.jpg 986w, https:\/\/diariodominicano.com\/wp-content\/uploads\/2022\/09\/Lic.-Arismendi-Diaz-Santana.jpg-foto-289x300.jpg 289w, https:\/\/diariodominicano.com\/wp-content\/uploads\/2022\/09\/Lic.-Arismendi-Diaz-Santana.jpg-foto-768x797.jpg 768w, https:\/\/diariodominicano.com\/wp-content\/uploads\/2022\/09\/Lic.-Arismendi-Diaz-Santana.jpg-foto-816x847.jpg 816w, https:\/\/diariodominicano.com\/wp-content\/uploads\/2022\/09\/Lic.-Arismendi-Diaz-Santana.jpg-foto.jpg 1077w\" sizes=\"auto, (max-width: 986px) 100vw, 986px\" \/><figcaption>  Arismendi D\u00edaz Santana<\/figcaption><\/figure>\n\n\n\n<p>La conferencia magistral estuvo a cargo del Licenciado Arismendi D\u00edaz Santana, presidente de la Fundaci\u00f3n Seguridad Social para todos (FSSPT), quien es Lic. en Econom\u00eda, con titulaci\u00f3n de Especializaci\u00f3n en Altos Estudios en Seguridad Social (Espa\u00f1a), Consultor nacional e internacional en Seguridad Social, autor de varios libros sobre Seguridad Social y articulista de Acento.com.&nbsp; Siendo importante destacar que dirigi\u00f3 el equipo t\u00e9cnico que dise\u00f1\u00f3 el Sistema Dominicano de Seguridad Social (SDSS) y redacto la ley 87-01, y Primer Gerente General del Consejo Nacional de Seguridad Social (CNSS).<\/p>\n\n\n\n<p>La disertaci\u00f3n del Lic. Arismendi D\u00edaz Santana, \u201cEnfoque eje central del foro, con relaci\u00f3n al sistema, las estrategias y el plan a implementar para el desarrollo de la atenci\u00f3n primaria, la seguridad social y su sistema nacional de salud en el pa\u00eds.\u201d Fue una puesta al d\u00eda de los avances de en materia de los avances de la Atenci\u00f3n Primaria de Salud en la Rep\u00fablica Dominicana, y realiz\u00f3 una propuesta nacional para poner en marcha, argument\u00f3 antes de hacer la propuesta, hay que implementar el modelo de atenci\u00f3n primaria de manera urgente, para disminuir el gasto de bolsillo, equilibrar financieramente el sistema de seguridad social, y ofrecer medicina preventiva y preservar la salud del pueblo dominicano y la paz social.<\/p>\n\n\n\n<p>En la relaci\u00f3n&nbsp;&nbsp;&nbsp;para iniciar la Atenci\u00f3n Primaria en julio del 2023, se produjo las siguientes propuestas: :1.- Reducci\u00f3n en un 30% de los copagos al 2023 y de un 50% al 2024.2.- Aumento gradual en un 60% de las tarifas y honorarios al 2023 y de un 75% al 2024.3.-Subir a RD$ 10,000.00 por principio activo al 2023 y a RD$ 12,000 al 2024.4.-Inclusi\u00f3n al PBS de los tratamientos mentales y otras urgencias m\u00e9dicas de la poblaci\u00f3n.5.- Todos los sectores tienen que hacer un sacrificio, a cambio de asegurar lo justo y lo posible.6.-Es una propuesta equilibrada para evitar la quiebra y garantizar la sostenibilidad del sistema.7.-El cambio es necesario y urgente, porque todos estamos perdiendo, y con un riesgo de perder mucho m\u00e1s. En la parte final de la propuesta deja bien establecido: Y todos estos beneficios sin aumentar la cotizaci\u00f3n.&nbsp;<\/p>\n\n\n\n<p>Por la Fundaci\u00f3n Seguridad Social para todos (FSSPT), asistieron su presidente Arismendi D\u00edaz Santana, Iv\u00e1n Rond\u00f3n, Rafael La marche, Radham\u00e9s Jim\u00e9nez, Magdalena Rathe, Bernabel Matos, Francisco Aristy, Sergio Guzm\u00e1n, Ram\u00f3n Duran Facendo e hijo, y mi compadre Miguel Catalino, quien trabajo arduamente en la convocatoria, estuvo acompa\u00f1ado de su hermano.<\/p>\n\n\n\n<p>Los debates se iniciaron con la intervenci\u00f3n de&nbsp;&nbsp; Bernabel Matos P\u00e9rez, quien hizo importantes aportes, igualmente Frank Aristy hizo una muy interesante intervenci\u00f3n, e aclar\u00f3 que el asegurado por accidentes del trabajo en un 100%, el paciente no paga diferencia.<\/p>\n\n\n\n<p>La Dra. Rossy Belliard de Portela, Secretaria General de SODDEN, hizo una brillante intervenci\u00f3n, en la que estableci\u00f3 que las ARS pagan igual a todos los niveles de atenci\u00f3n y que una consulta o internamiento del tercer o cuarto nivel no debe tener el mismo valor que el primer nivel, de igualmente expres\u00f3 que era urgente aumentar el cat\u00e1logo de medicamentos del PDSS, ya que los medicamentos que cubren son muy b\u00e1sicos y hay pacientes que por sus complejidades requieren otros medicamentos.<\/p>\n\n\n\n<figure class=\"wp-block-image size-full\"><img loading=\"lazy\" decoding=\"async\" width=\"296\" height=\"235\" src=\"https:\/\/diariodominicano.com\/wp-content\/uploads\/2022\/09\/Dr.-Eduardo-Read.jpg\" alt=\"\" class=\"wp-image-384565\"\/><figcaption>Eduardo Read<\/figcaption><\/figure>\n\n\n\n<p>Las palabras de Clausura estuvieron a cargo del Dr. Eduardo Read Presidente de la Asociaci\u00f3n Dominicana de Centros de Atenci\u00f3n Primaria (ADOCAP).<\/p>\n\n\n\n<p>Al cierre el Director General del Consejo Regional de Desarrollo (CRD), expres\u00f3 el compromiso de esa instituci\u00f3n con una nueva ola de reformas de la seguridad social dominicana, y concluy\u00f3 diciendo: La Atenci\u00f3n Primaria de Salud \u00a1Compromiso de todos!<\/p>\n\n\n\n<p>Finalmente queremos destacar la magistral conducci\u00f3n del foro por la periodista y comunicadora, Odilis Hidalgo, la presencia del Presidente del CRD, Dr. Jos\u00e9 An\u00edbal Garc\u00eda, el presidente en funciones Dr. Abraham Abukarma, Lic. Siquio Ng de la Rosa, Alcalde y representantes de las diferentes instituciones de la regi\u00f3n Nordeste.<\/p>\n\n\n\n<p>Consejo Regional de Desarrollo CRD<a target=\"_blank\" href=\"mailto:crdnordeste.crd@gmail.com\" rel=\"noreferrer noopener\">crdnordeste.crd@gmail.com<\/a><\/p>\n\n\n\n<p>Direcci\u00f3n ejecutiva y comunicaciones<\/p>\n","protected":false},"excerpt":{"rendered":"<p>La bendici\u00f3n del evento estuvo a cargo de Monse\u00f1or Jes\u00fas Moya, Presidente Consejo Asesores del CRD. La apertura del foro estuvo a cargo del Lic. Gabriel Garc\u00eda N\u00fa\u00f1ez. Presenta f\u00f3rmula para motorizar\u00a0y hacer eficaz la atenci\u00f3n primaria de salud en Rep\u00fablica Dominicana. SAN FRANCISCO DE MACORIS, RD.- El Consejo Regional de Desarrollo (CRD) defini\u00f3 las [&hellip;]<\/p>\n","protected":false},"author":28,"featured_media":384554,"comment_status":"closed","ping_status":"","sticky":true,"template":"","format":"standard","meta":{"footnotes":""},"categories":[36,20,27],"tags":[],"class_list":["post-384553","post","type-post","status-publish","format-standard","has-post-thumbnail","hentry","category-hombresmujeresycosas","category-dominicana-hoy","category-portada"],"_links":{"self":[{"href":"https:\/\/diariodominicano.com\/index.php?rest_route=\/wp\/v2\/posts\/384553","targetHints":{"allow":["GET"]}}],"collection":[{"href":"https:\/\/diariodominicano.com\/index.php?rest_route=\/wp\/v2\/posts"}],"about":[{"href":"https:\/\/diariodominicano.com\/index.php?rest_route=\/wp\/v2\/types\/post"}],"author":[{"embeddable":true,"href":"https:\/\/diariodominicano.com\/index.php?rest_route=\/wp\/v2\/users\/28"}],"replies":[{"embeddable":true,"href":"https:\/\/diariodominicano.com\/index.php?rest_route=%2Fwp%2Fv2%2Fcomments&post=384553"}],"version-history":[{"count":7,"href":"https:\/\/diariodominicano.com\/index.php?rest_route=\/wp\/v2\/posts\/384553\/revisions"}],"predecessor-version":[{"id":384566,"href":"https:\/\/diariodominicano.com\/index.php?rest_route=\/wp\/v2\/posts\/384553\/revisions\/384566"}],"wp:featuredmedia":[{"embeddable":true,"href":"https:\/\/diariodominicano.com\/index.php?rest_route=\/wp\/v2\/media\/384554"}],"wp:attachment":[{"href":"https:\/\/diariodominicano.com\/index.php?rest_route=%2Fwp%2Fv2%2Fmedia&parent=384553"}],"wp:term":[{"taxonomy":"category","embeddable":true,"href":"https:\/\/diariodominicano.com\/index.php?rest_route=%2Fwp%2Fv2%2Fcategories&post=384553"},{"taxonomy":"post_tag","embeddable":true,"href":"https:\/\/diariodominicano.com\/index.php?rest_route=%2Fwp%2Fv2%2Ftags&post=384553"}],"curies":[{"name":"wp","href":"https:\/\/api.w.org\/{rel}","templated":true}]}}