{"id":38448,"date":"2020-06-17T21:30:15","date_gmt":"2020-06-17T21:30:15","guid":{"rendered":"http:\/\/diariodominicano.ddns.net\/?p=38448"},"modified":"2020-06-17T21:30:15","modified_gmt":"2020-06-17T21:30:15","slug":"san-pedro-de-macorisante-un-grave-problema-ambiental-2","status":"publish","type":"post","link":"https:\/\/diariodominicano.com\/?p=38448","title":{"rendered":"San Pedro de Macor\u00eds:&#13;&#13;Ante un grave problema ambiental"},"content":{"rendered":"<p><body><\/p>\n<p><strong>Diariodominicano.com<\/strong><\/p>\n<p><strong>San Pedro de Macor\u00eds:<\/strong><\/p>\n<p><strong>Ante un grave problema ambiental<\/strong><\/p>\n<p><strong>Manuel D\u00edaz Aponte<\/strong><\/p>\n<\/p>\n<p>Imagin\u00e9monos lo que ser\u00eda una ciudad inundada de heces o materia fecal. \u00a1Horrible!, \u00a1Inhumano! e \u00a1Insoportable! para sus habitantes.<\/p>\n<\/p>\n<p>Y ello podr\u00eda ocurrir irremediablemente en San Pedro de Macor\u00eds, cuyas consecuencias ser\u00edan m\u00e1s nefastas que el Covid-19.    <\/p>\n<\/p>\n<p>En la ciudad de San Pedro de Macor\u00eds viven m\u00e1s de doscientas mil personas cuya salud puede ser afectada con mayor serenidad que el letal y temible Coronavirus, que ha matado hasta el momento a 13 ciudadanos.<\/p>\n<\/p>\n<p>A saber, todo el sistema pluvial y alcantarillado sanitario est\u00e1 tapado, es decir, colapsado.<\/p>\n<\/p>\n<p>Ello gracias a la irresponsabilidad de las autoridades que han gobernado el pa\u00eds en los \u00faltimos 40 a\u00f1os.<\/p>\n<\/p>\n<p>Ning\u00fan gobierno ha querido asumir y solucionar de una vez y por toda esa terrible amenaza a la salud de una comunidad que hist\u00f3ricamente ha hecho grandes aportes a la naci\u00f3n en los \u00e1mbitos econ\u00f3micos, educativos, culturales, deportivos y sociales.<\/p>\n<\/p>\n<p>En 1993, en el gobierno del ex presidente Joaqu\u00edn Balaguer, se dispuso la construcci\u00f3n de los sistemas de alcantarillado pluvial y sanitario de esta ciudad, por m\u00e1s de 400 millones de pesos.<\/p>\n<\/p>\n<p>Pero la obra nunca se concluy\u00f3 y en ese entonces en los medios de comunicaci\u00f3n se habl\u00f3 de \u00abrebati\u00f1as\u00bb entre los reformistas Lila Alburquerque, Federico Ant\u00fan y Josecito Hazim, trilog\u00eda poderosa que luchaban desafiantemente por su control financiero, finalmente lo impidieron.  <\/p>\n<\/p>\n<p>La corrupci\u00f3n en el manejo de los recursos p\u00fablicos se impuso teniendo que ser \u00abdetenida\u00bb en la puerta del despacho de Balaguer.   <\/p>\n<\/p>\n<p>Hoy la ciudad no tiene sistema de desag\u00fce ni pluvial ni sanitario y cuando llueve toda el \u00e1rea urbana se inunda, creando serias dificultades a sus habitantes y da\u00f1os a centros comerciales.<\/p>\n<\/p>\n<p>En principio las inundaciones se limitaban a sectores como La Primavera; Kennedy, Placer Bonito, Pedro Justo Carri\u00f3n, El Toconal, Restauraci\u00f3n, Los Guandules y la Villa Municipal. Ahora, es en toda la comunidad.    <\/p>\n<p><strong>Planta Residual   <\/strong><\/p>\n<\/p>\n<p>Macor\u00eds no tiene planta de tratamiento de aguas negras por lo que el alcantarillado sanitario es un caos, que est\u00e1 literalmente tapado, y el aire que respiran sus moradores contaminados por una fetidez insoportable.<\/p>\n<\/p>\n<p>El instituto Nacional de Aguas Potables y Alcantarillados (INAPA) ante los insistentes reclamos de los mun\u00edcipes dispuso recientemente el env\u00edo de un cami\u00f3n con equipos de tubo y manguera de absorci\u00f3n, sin embargo, el problema sigue igual.<\/p>\n<\/p>\n<p>La soluci\u00f3n es que el nuevo gobierno que surja de las elecciones presidenciales del 5 de julio asuma la responsabilidad de construir un moderno sistema de alcantarillado pluvial y sanitario.<\/p>\n<\/p>\n<p>Pero esta obra no la puede construir el Ayuntamiento Municipal porque carece de los recursos econ\u00f3micos y t\u00e9cnicos. Debe ser el Gobierno Central a trav\u00e9s del Ministerio de Obras P\u00fablicas y Comunicaciones.<\/p>\n<\/p>\n<p>Si Macor\u00eds no tuviera el mar bordeando su costa este terrible drama medioambiental, habr\u00eda llevado al cementerio a muchas gentes.  <\/p>\n<\/p>\n<p>La \u00faltima medici\u00f3n de la poblaci\u00f3n dominicana se hizo en 2010 a cargo de la Oficina Nacional de Estad\u00edstica (ONE), con  nivel poblacional nacional de 9, 445,281.<\/p>\n<\/p>\n<p>El primer censo de car\u00e1cter moderno hecho en el pa\u00eds fue en 1920, cuando todav\u00eda las tropas estadounidenses pisoteaban nuestra soberan\u00eda y dignidad nacional.   <\/p>\n<\/p>\n<p>En ese momento, cont\u00e1bamos con 894,665 personas, 446,384 hombres y 448,281 mujeres, atestiguan datos verificados.<\/p>\n<\/p>\n<p>Ya de eso se cumplen 100 a\u00f1os y en lo que resta del 2020 parece dif\u00edcil que volvamos a censar puesto que las nuevas autoridades de la ONE que asumir\u00e1n a partir del 16 de agosto, requerir\u00e1n un presupuesto superior a tres mil millones de pesos.   <\/p>\n<\/p>\n<p>El deterioro de la salud y econom\u00eda de la Rep\u00fablica Dominicana agravada por el coronavirus imposibilitan la materializaci\u00f3n del censo nacional.     <\/p>\n<\/p>\n<p>Seg\u00fan la Ley No. 5096 sobre Estad\u00edsticas y Censos Nacionales y las recomendaciones internacionales, estas mediciones deben realizarse cada diez a\u00f1os. Ello permite, recopilar informaci\u00f3n sobre las caracter\u00edsticas demogr\u00e1ficas, sociales y econ\u00f3micas de los habitantes de un \u00e1rea para la aplicaci\u00f3n de los programas sociales e iniciativas del Estado.<\/p>\n<\/p>\n<p>De acuerdo al Censo Nacional de Poblaci\u00f3n y Viviendas de 2010 la poblaci\u00f3n de la provincia de San Pedro de Macor\u00eds era de 290,458 habitantes, con una densidad poblacional de 231.47 habitantes\/km\u00b2.<\/p>\n<p><strong>La Sultana del Este   <\/strong>                                 <\/p>\n<\/p>\n<p>El primer Plan Municipal de Ordenamiento Territorial (PMOT) efectuado en el pa\u00eds, correspondiendo con lo establecido en la Ley 176-07 del Distrito Nacional y los municipios, posee un diagn\u00f3stico sobre este municipio cabecera.<\/p>\n<\/p>\n<p>Aborda cuestiones de \u00edndoles econ\u00f3micas, ambientales,  sociales e institucionales para ponerlas al servicio del Ayuntamiento Municipal.<\/p>\n<\/p>\n<p>Las pasadas autoridades del municipio de San Pedro de Macor\u00eds nada hicieron para asumir los compromisos distribuidos en cinco planes; nueve programas y trece proyectos que buscaban impactar a 21 factores cr\u00edticos que demandan ser abordados como cuesti\u00f3n medular para impulsar el desarrollo sostenible de la otrora \u00abtacita de oro\u00bb.             <\/p>\n<\/p>\n<p>El Concejo de Regidores hab\u00eda sancionado positivamente para la ejecuci\u00f3n de dicho Plan Municipal que ten\u00eda el respaldo de la Agencia de los Estados Unidos para el Desarrollo Internacional (USAID);el soporte t\u00e9cnico del International City\/County Management Association (ICMA) y de la Federaci\u00f3n Dominicana de Municipios (FEDOMU).<\/p>\n<\/p>\n<p>San Pedro de Macor\u00eds tiene una extensi\u00f3n costera de trece kil\u00f3metros hacia el Mar Caribe y once kil\u00f3metros del Rio Higuamo. Con sus atractivas e hist\u00f3ricas edificaciones re\u00fane las condiciones para convertirse en un destino importante.<\/p>\n<\/p>\n<p>Otra caracter\u00edstica que la identifica es que posee una superficie municipal de 147.01Km2 y \u00e1rea urban\u00edstica de 34.8 Km2.  <\/p>\n<\/p>\n<p>No obstante, hasta que no sea solucionado el grav\u00edsimo mal del desbordamiento de aguas negras en las v\u00edas p\u00fablicas seguir\u00e1 siendo una de las localidades m\u00e1s sucias del pa\u00eds.<\/p>\n<\/p>\n<p> Manuel D\u00edaz Aponte<\/p>\n<\/p>\n<h6> 2020-06-17 21:30:15 <\/h6>\n<p><!--\n<link rel=\"stylesheet\" href=\"css\/bootstrap.min.css\">\n\n\n<ul class=\"pagination\">\n\t    \n\t\n\n<li >\n\t<a href='?page_no=185'>Previous<\/a>\n\t<\/li>\n\n\n       \n    \n\n<li><a href='?page_no=1'>1<\/a><\/li>\n\n\n\n<li><a href='?page_no=2'>2<\/a><\/li>\n\n\n\n<li><a>...<\/a><\/li>\n\n\n\n<li><a href='?page_no=184'>184<\/a><\/li>\n\n\n\n<li><a href='?page_no=185'>185<\/a><\/li>\n\n\n\n<li class='active'><a>186<\/a><\/li>\n\n\n\n<li><a href='?page_no=187'>187<\/a><\/li>\n\n\n\n<li><a href='?page_no=188'>188<\/a><\/li>\n\n\n\n<li><a>...<\/a><\/li>\n\n\n\n<li><a href='?page_no=13611'>13611<\/a><\/li>\n\n\n\n<li><a href='?page_no=13612'>13612<\/a><\/li>\n\n    \n\t\n\n<li >\n\t<a href='?page_no=187'>Next<\/a>\n\t<\/li>\n\n\n    \n\n<li><a href='?page_no=13612'>Last &rsaquo;&rsaquo;<\/a><\/li>\n\n<\/ul>\n\n\n--><br \/>\n<\/body><\/p>\n","protected":false},"excerpt":{"rendered":"<p>Diariodominicano.com San Pedro de Macor\u00eds: Ante un grave problema ambiental Manuel D\u00edaz Aponte Imagin\u00e9monos lo que ser\u00eda una ciudad inundada de heces o materia fecal. \u00a1Horrible!, \u00a1Inhumano! e \u00a1Insoportable! para sus habitantes. Y ello podr\u00eda ocurrir irremediablemente en San Pedro de Macor\u00eds, cuyas consecuencias ser\u00edan m\u00e1s nefastas que el Covid-19. En la ciudad de San [&hellip;]<\/p>\n","protected":false},"author":3,"featured_media":0,"comment_status":"open","ping_status":"open","sticky":false,"template":"","format":"standard","meta":{"footnotes":""},"categories":[16],"tags":[],"class_list":["post-38448","post","type-post","status-publish","format-standard","hentry","category-opiniones"],"_links":{"self":[{"href":"https:\/\/diariodominicano.com\/index.php?rest_route=\/wp\/v2\/posts\/38448","targetHints":{"allow":["GET"]}}],"collection":[{"href":"https:\/\/diariodominicano.com\/index.php?rest_route=\/wp\/v2\/posts"}],"about":[{"href":"https:\/\/diariodominicano.com\/index.php?rest_route=\/wp\/v2\/types\/post"}],"author":[{"embeddable":true,"href":"https:\/\/diariodominicano.com\/index.php?rest_route=\/wp\/v2\/users\/3"}],"replies":[{"embeddable":true,"href":"https:\/\/diariodominicano.com\/index.php?rest_route=%2Fwp%2Fv2%2Fcomments&post=38448"}],"version-history":[{"count":0,"href":"https:\/\/diariodominicano.com\/index.php?rest_route=\/wp\/v2\/posts\/38448\/revisions"}],"wp:attachment":[{"href":"https:\/\/diariodominicano.com\/index.php?rest_route=%2Fwp%2Fv2%2Fmedia&parent=38448"}],"wp:term":[{"taxonomy":"category","embeddable":true,"href":"https:\/\/diariodominicano.com\/index.php?rest_route=%2Fwp%2Fv2%2Fcategories&post=38448"},{"taxonomy":"post_tag","embeddable":true,"href":"https:\/\/diariodominicano.com\/index.php?rest_route=%2Fwp%2Fv2%2Ftags&post=38448"}],"curies":[{"name":"wp","href":"https:\/\/api.w.org\/{rel}","templated":true}]}}