{"id":384450,"date":"2022-09-21T00:32:58","date_gmt":"2022-09-21T04:32:58","guid":{"rendered":"http:\/\/diariodominicano.com\/?p=384450"},"modified":"2022-09-21T00:34:14","modified_gmt":"2022-09-21T04:34:14","slug":"barahona-y-enriquillo-con-el-gobierno-de-la-restauracion-3","status":"publish","type":"post","link":"https:\/\/diariodominicano.com\/?p=384450","title":{"rendered":"Barahona y Enriquillo con el Gobierno de la Restauraci\u00f3n"},"content":{"rendered":"\n<p> El\u00a0 primer Gobierno de la Restauraci\u00f3n fue constituido en Santiago de los Caballeros, el 14 de septiembre de 1863, luego de que los restauradores derrotaron al Ej\u00e9rcito Espa\u00f1ol\u00a0 en la Batalla de Santiago. <\/p>\n\n\n\n<p>Por HTN<\/p>\n\n\n\n<p>Diariodominicano.com<\/p>\n\n\n\n<p>BARAHONA, 21 de Septiembre de 2014.- El&nbsp; 21 de septiembre de 1863, durante la Guerra de la Restauraci\u00f3n, las poblaciones de Barahona, Rinc\u00f3n y Petit Trou, como era conocido Enriquillo, se pronunciaron&nbsp; a favor del Gobierno de la Restauraci\u00f3n.<\/p>\n\n\n\n<p>&nbsp;&nbsp; A nombre de las comunidades hablaron el Coronel F\u00e9lix y el ciudadano Blas Cuello.<\/p>\n\n\n\n<p>&nbsp;&nbsp;&nbsp; En&nbsp; el momento que hicieron la declaraci\u00f3n amenazaron con marchar sobre Neiba al frente de 200 hombres.<\/p>\n\n\n\n<p>&nbsp;&nbsp;&nbsp; El&nbsp; primer Gobierno de la Restauraci\u00f3n fue constituido en Santiago de los Caballeros, el 14 de septiembre de 1863, luego de que los restauradores derrotaron al Ej\u00e9rcito Espa\u00f1ol&nbsp; en la Batalla de Santiago.<\/p>\n\n\n\n<p>&nbsp;&nbsp;&nbsp; Como primer presidente fue juramentado el General Jos\u00e9 Antonio Salcedo, quien tuvo entre sus colaboradores a Benigno Filomeno Rojas, Ulises Francisco Espaillat, M\u00e1ximo Grull\u00f3n, Pablo Pujols, Pedro Francisco Bon\u00f3, Alfredo Deetjen, Belisario Curiel y Sebasti\u00e1n Valverde.<\/p>\n","protected":false},"excerpt":{"rendered":"<p>El\u00a0 primer Gobierno de la Restauraci\u00f3n fue constituido en Santiago de los Caballeros, el 14 de septiembre de 1863, luego de que los restauradores derrotaron al Ej\u00e9rcito Espa\u00f1ol\u00a0 en la Batalla de Santiago. Por HTN Diariodominicano.com BARAHONA, 21 de Septiembre de 2014.- El&nbsp; 21 de septiembre de 1863, durante la Guerra de la Restauraci\u00f3n, las [&hellip;]<\/p>\n","protected":false},"author":28,"featured_media":294632,"comment_status":"closed","ping_status":"","sticky":true,"template":"","format":"standard","meta":{"footnotes":""},"categories":[26],"tags":[],"class_list":["post-384450","post","type-post","status-publish","format-standard","has-post-thumbnail","hentry","category-efemerides"],"_links":{"self":[{"href":"https:\/\/diariodominicano.com\/index.php?rest_route=\/wp\/v2\/posts\/384450","targetHints":{"allow":["GET"]}}],"collection":[{"href":"https:\/\/diariodominicano.com\/index.php?rest_route=\/wp\/v2\/posts"}],"about":[{"href":"https:\/\/diariodominicano.com\/index.php?rest_route=\/wp\/v2\/types\/post"}],"author":[{"embeddable":true,"href":"https:\/\/diariodominicano.com\/index.php?rest_route=\/wp\/v2\/users\/28"}],"replies":[{"embeddable":true,"href":"https:\/\/diariodominicano.com\/index.php?rest_route=%2Fwp%2Fv2%2Fcomments&post=384450"}],"version-history":[{"count":3,"href":"https:\/\/diariodominicano.com\/index.php?rest_route=\/wp\/v2\/posts\/384450\/revisions"}],"predecessor-version":[{"id":384453,"href":"https:\/\/diariodominicano.com\/index.php?rest_route=\/wp\/v2\/posts\/384450\/revisions\/384453"}],"wp:featuredmedia":[{"embeddable":true,"href":"https:\/\/diariodominicano.com\/index.php?rest_route=\/wp\/v2\/media\/294632"}],"wp:attachment":[{"href":"https:\/\/diariodominicano.com\/index.php?rest_route=%2Fwp%2Fv2%2Fmedia&parent=384450"}],"wp:term":[{"taxonomy":"category","embeddable":true,"href":"https:\/\/diariodominicano.com\/index.php?rest_route=%2Fwp%2Fv2%2Fcategories&post=384450"},{"taxonomy":"post_tag","embeddable":true,"href":"https:\/\/diariodominicano.com\/index.php?rest_route=%2Fwp%2Fv2%2Ftags&post=384450"}],"curies":[{"name":"wp","href":"https:\/\/api.w.org\/{rel}","templated":true}]}}