{"id":384445,"date":"2022-09-21T00:29:11","date_gmt":"2022-09-21T04:29:11","guid":{"rendered":"http:\/\/diariodominicano.com\/?p=384445"},"modified":"2022-09-21T00:30:58","modified_gmt":"2022-09-21T04:30:58","slug":"el-congreso-constituyente-inicia-sesiones-para-redactar-la-primera-constitucion-dominicana","status":"publish","type":"post","link":"https:\/\/diariodominicano.com\/?p=384445","title":{"rendered":"El Congreso Constituyente inicia sesiones para redactar la primera Constituci\u00f3n dominicana"},"content":{"rendered":"\n<p>Por H\u00e9ctor Tineo Nolasco<\/p>\n\n\n\n<p>Diariodominicano.com<\/p>\n\n\n\n<p>SAN CRISTOBAL, el\u00a0 21 de septiembre de 1844, comenz\u00f3 a sesionar en San Crist\u00f3bal, el Congreso Constituyente para\u00a0 redactar la primera Constituci\u00f3n de la Rep\u00fablica Dominicana.<\/p>\n\n\n\n<figure class=\"wp-block-image size-large\"><img loading=\"lazy\" decoding=\"async\" width=\"1024\" height=\"526\" src=\"https:\/\/diariodominicano.com\/wp-content\/uploads\/2021\/04\/Pedro-Santana-11-1024x526.jpg\" alt=\"\" class=\"wp-image-274138\" srcset=\"https:\/\/diariodominicano.com\/wp-content\/uploads\/2021\/04\/Pedro-Santana-11-1024x526.jpg 1024w, https:\/\/diariodominicano.com\/wp-content\/uploads\/2021\/04\/Pedro-Santana-11-300x154.jpg 300w, https:\/\/diariodominicano.com\/wp-content\/uploads\/2021\/04\/Pedro-Santana-11-768x395.jpg 768w, https:\/\/diariodominicano.com\/wp-content\/uploads\/2021\/04\/Pedro-Santana-11-1536x789.jpg 1536w, https:\/\/diariodominicano.com\/wp-content\/uploads\/2021\/04\/Pedro-Santana-11-2048x1052.jpg 2048w, https:\/\/diariodominicano.com\/wp-content\/uploads\/2021\/04\/Pedro-Santana-11-816x419.jpg 816w\" sizes=\"auto, (max-width: 1024px) 100vw, 1024px\" \/><\/figure>\n\n\n\n<p>&nbsp;&nbsp;&nbsp;&nbsp; Los miembros de la Asamblea Constituyentes hab\u00edan sido&nbsp; escogidos en Agosto por la Junta Central Gubernativa, liderada por el General Pedro Santana, quien hab\u00eda desatado una persecuci\u00f3n contra los trinitarios.<\/p>\n\n\n\n<figure class=\"wp-block-image size-full\"><img loading=\"lazy\" decoding=\"async\" width=\"370\" height=\"497\" src=\"https:\/\/diariodominicano.com\/wp-content\/uploads\/2022\/07\/Duarte-joven00.jpg\" alt=\"\" class=\"wp-image-369260\" srcset=\"https:\/\/diariodominicano.com\/wp-content\/uploads\/2022\/07\/Duarte-joven00.jpg 370w, https:\/\/diariodominicano.com\/wp-content\/uploads\/2022\/07\/Duarte-joven00-223x300.jpg 223w\" sizes=\"auto, (max-width: 370px) 100vw, 370px\" \/><figcaption>Juan Pablo Duarte<\/figcaption><\/figure>\n\n\n\n<p>&nbsp;&nbsp;&nbsp;&nbsp; El patricio Juan Pablo Duarte y varios de sus&nbsp; compa\u00f1eros de lucha, as\u00ed como miembros de su familia hab\u00edan sido deportados.<\/p>\n\n\n\n<p>&nbsp;&nbsp;&nbsp; Duarte y sus compa\u00f1eros fueron acusados de traicionar la patria.<\/p>\n\n\n\n<p><strong>Violentada<\/strong><\/p>\n\n\n\n<p>La aspiraci\u00f3n de los liberales&nbsp; de votar una Carta Magna liberal fue violentada en el momento de su nacimiento cuando el Presidente de la Junta Central Gubernativa, general Pedro Santana rechaz\u00f3 el proyecto original de los constituyentes que votaron una Carta Magna con contenido liberal.<\/p>\n\n\n\n<p>&nbsp;&nbsp;&nbsp;&nbsp; En&nbsp; esa circunstancia se introdujo en la primera Constituci\u00f3n el art\u00edculo 210 que dio poderes al Presidente de la Rep\u00fablica similares al de un soberano. Ese acontecimiento influir\u00eda sobre la mayor\u00eda de las reformas constitucionales que se han llevado a cabo en el pa\u00eds a partir de 1844. Las excepciones m\u00e1s resaltantes son las constituciones de Moca de 1858, la impulsada por el presidente Juan Bosch en 1963 y la promulgada por el presidente Leonel Fern\u00e1ndez en 2010.<\/p>\n\n\n\n<p>&nbsp;&nbsp;&nbsp; El 6 de noviembre de 1844, la&nbsp; Asamblea&nbsp; Constituyente reunida en&nbsp; San Crist\u00f3bal, vot\u00f3 la primera Constituci\u00f3n de la Rep\u00fablica Dominicana, la cual se mantuvo en vigencia hasta el a\u00f1o 1854.<\/p>\n\n\n\n<p>&nbsp;&nbsp;&nbsp;&nbsp; &nbsp;&nbsp;&nbsp;&nbsp; La Asamblea Constituyente que vot\u00f3 la primera Constituci\u00f3n dominicana el 6 de noviembre, fue presidida por Manuel Mar\u00eda Valencia. Hab\u00eda iniciado sus actividades el d\u00eda 21 de septiembre de 1844, en San Crist\u00f3bal, con el compromiso de&nbsp; redactar la primera Constituci\u00f3n de la Rep\u00fablica Dominicana.<\/p>\n\n\n\n<p>&nbsp;&nbsp;&nbsp;&nbsp; Manuel Mar\u00eda Valencia inst\u00f3 a los constituyentes a votar por el bien p\u00fablico y resalt\u00f3 que la Rep\u00fablica Dominicana es un pueblo que ha recibido el bien de la \u201cDivina providencia\u201d porque en las sangrientas guerras contra los haitianos los dominicanos mataron a m\u00e1s de dos mil y la Rep\u00fablica&nbsp; solo perdi\u00f3 cinco hombres.<\/p>\n\n\n\n<p>&nbsp;&nbsp;&nbsp; Consider\u00f3 feliz el momento en que dieron inici\u00f3 a los trabajos para producir la primera Constituci\u00f3n de la Rep\u00fablica Dominicana.<\/p>\n\n\n\n<p>&nbsp;&nbsp;&nbsp; Manuel Mar\u00eda Valencia invit\u00f3 a los constituyentes a hacer ante el Supremo Legislador, \u201cla solemne promesa de no escuchar m\u00e1s voz que la del desinteresado patriotismo, de no pensar sino en el bien p\u00fablico y de no olvidar que somos hoy llamados a constituir un pa\u00eds que fu\u00e9 durante trescientos a\u00f1os, mirado con el mayor abandono por su metr\u00f3polis, un pa\u00eds mil veces invadido y siempre reconquistado por el heroico valor de sus naturales\u201d\u2026(sic)<\/p>\n\n\n\n<p>&nbsp;&nbsp;&nbsp;&nbsp; Manuel Mar\u00eda Valencia advirti\u00f3 a los diputados constituyentes que no deb\u00edan olvidar que la Naci\u00f3n ha puesto sus destinos en sus manos.<\/p>\n\n\n\n<p>&nbsp;&nbsp;&nbsp;&nbsp; En la Asamblea de San Crist\u00f3bal la ciudad de Santo Domingo, estaba representada por los diputados constituyentes: Domingo de la Rocha, Manuel Mar\u00eda Valencia y el doctor Jos\u00e9 Mar\u00eda Caminero.<\/p>\n\n\n\n<p>&nbsp;&nbsp;&nbsp;&nbsp; En representaci\u00f3n de Santiago, el presb\u00edtero Domingo Antonio Solano, Juan Luis Franco Bid\u00f3 y Manuel Ram\u00f3n Castellanos.<\/p>\n\n\n\n<p>&nbsp;&nbsp;&nbsp;&nbsp; De la Vega: Casimiro Cordero y Juan Reynoso, y por Azua: Buenaventura B\u00e1ez y Vicente Mancebo. El Seibo estuvo representado por el presb\u00edtero Juli\u00e1n de Aponte y&nbsp; Juan Acosta.<\/p>\n\n\n\n<p>&nbsp;&nbsp;&nbsp;&nbsp;&nbsp; Asimismo, fueron miembros de la Asamblea Constituyente de San Crist\u00f3bal: el presb\u00edtero Antonio Guti\u00e9rrez, por&nbsp; Saman\u00e1; Antonio Ru\u00edz, por Hato Mayor;&nbsp; Facundo Santana, por San Jos\u00e9 de los Llanos; Juan Rijo, por Hig\u00fcey; el presb\u00edtero Manuel Gonz\u00e1lez Bernal, por&nbsp; Monte Plata y Boy\u00e1; y Fernando Salcedo, por Moca.<\/p>\n\n\n\n<p>&nbsp;&nbsp;&nbsp;&nbsp; Jos\u00e9 Tejera, por Puerto Plata, Jos\u00e9 Mar\u00eda Medrano, por San Francisco de Macor\u00eds; Jos\u00e9 Valverde, por Cotu\u00ed; Juan L\u00f3pez, Por San Jos\u00e9 de las Matas; Manuel Abreu, por Montecristi, Manuel D\u00edaz, por Dajab\u00f3n;&nbsp; el presb\u00edtero Andr\u00e9s Rozon, por Ban\u00ed, y el presb\u00edtero Juan de Jes\u00fas Ayala, por San Crist\u00f3bal.<\/p>\n\n\n\n<p>&nbsp;&nbsp;&nbsp;&nbsp; Juan de los Santos, por San Juan; Bernardino Secundino Aybar, por Neiba, y Santiago Suero, por las Matas de Farf\u00e1n.<\/p>\n\n\n\n<p>&nbsp;&nbsp;&nbsp; El historiador Jos\u00e9 Gabriel Garc\u00eda destaca que el Cuerpo Constituyente se instal\u00f3 en San Crist\u00f3bal, \u201cel 21 de septiembre de 1844, bajo la presidencia de Manuel Mar\u00eda Valencia, y en medio del contento y de la animaci\u00f3n del pa\u00eds entero, que se promet\u00eda de sus trabajos el afianzamiento de las instituciones y el futuro bienestar de la Rep\u00fablica\u201d.<\/p>\n\n\n\n<p>&nbsp;&nbsp;&nbsp; En el acto de apertura de los trabajos de la Asamblea Constituyente se acord\u00f3 dar un informe a la Junta Central Gubernativa del inici\u00f3 de los trabajos.<\/p>\n\n\n\n<p>&nbsp;&nbsp;&nbsp; El Congreso Constituyente de San Crist\u00f3bal vot\u00f3 la primera Constituci\u00f3n Dominicana, el 6 de noviembre de 1844.<\/p>\n","protected":false},"excerpt":{"rendered":"<p>Por H\u00e9ctor Tineo Nolasco Diariodominicano.com SAN CRISTOBAL, el\u00a0 21 de septiembre de 1844, comenz\u00f3 a sesionar en San Crist\u00f3bal, el Congreso Constituyente para\u00a0 redactar la primera Constituci\u00f3n de la Rep\u00fablica Dominicana. &nbsp;&nbsp;&nbsp;&nbsp; Los miembros de la Asamblea Constituyentes hab\u00edan sido&nbsp; escogidos en Agosto por la Junta Central Gubernativa, liderada por el General Pedro Santana, quien [&hellip;]<\/p>\n","protected":false},"author":28,"featured_media":360233,"comment_status":"closed","ping_status":"","sticky":true,"template":"","format":"standard","meta":{"footnotes":""},"categories":[36,26,27],"tags":[],"class_list":["post-384445","post","type-post","status-publish","format-standard","has-post-thumbnail","hentry","category-hombresmujeresycosas","category-efemerides","category-portada"],"_links":{"self":[{"href":"https:\/\/diariodominicano.com\/index.php?rest_route=\/wp\/v2\/posts\/384445","targetHints":{"allow":["GET"]}}],"collection":[{"href":"https:\/\/diariodominicano.com\/index.php?rest_route=\/wp\/v2\/posts"}],"about":[{"href":"https:\/\/diariodominicano.com\/index.php?rest_route=\/wp\/v2\/types\/post"}],"author":[{"embeddable":true,"href":"https:\/\/diariodominicano.com\/index.php?rest_route=\/wp\/v2\/users\/28"}],"replies":[{"embeddable":true,"href":"https:\/\/diariodominicano.com\/index.php?rest_route=%2Fwp%2Fv2%2Fcomments&post=384445"}],"version-history":[{"count":3,"href":"https:\/\/diariodominicano.com\/index.php?rest_route=\/wp\/v2\/posts\/384445\/revisions"}],"predecessor-version":[{"id":384449,"href":"https:\/\/diariodominicano.com\/index.php?rest_route=\/wp\/v2\/posts\/384445\/revisions\/384449"}],"wp:featuredmedia":[{"embeddable":true,"href":"https:\/\/diariodominicano.com\/index.php?rest_route=\/wp\/v2\/media\/360233"}],"wp:attachment":[{"href":"https:\/\/diariodominicano.com\/index.php?rest_route=%2Fwp%2Fv2%2Fmedia&parent=384445"}],"wp:term":[{"taxonomy":"category","embeddable":true,"href":"https:\/\/diariodominicano.com\/index.php?rest_route=%2Fwp%2Fv2%2Fcategories&post=384445"},{"taxonomy":"post_tag","embeddable":true,"href":"https:\/\/diariodominicano.com\/index.php?rest_route=%2Fwp%2Fv2%2Ftags&post=384445"}],"curies":[{"name":"wp","href":"https:\/\/api.w.org\/{rel}","templated":true}]}}