{"id":384443,"date":"2022-09-21T00:19:46","date_gmt":"2022-09-21T04:19:46","guid":{"rendered":"http:\/\/diariodominicano.com\/?p=384443"},"modified":"2022-09-21T00:35:45","modified_gmt":"2022-09-21T04:35:45","slug":"emiliano-tejera-penson-un-ciudadano-con-multiples-facetas","status":"publish","type":"post","link":"https:\/\/diariodominicano.com\/?p=384443","title":{"rendered":"Emiliano Tejera Penson: un ciudadano con m\u00faltiples facetas"},"content":{"rendered":"\n<p>Por HTN<\/p>\n\n\n\n<p>Diariodominicano.com<\/p>\n\n\n\n<p>SANTO DOMINGO, el 21 de septiembre de 1841, naci\u00f3 en ciudad Santo Domingo, Emiliano Tejera Penson. Se destac\u00f3 como farmac\u00e9utico, pol\u00edtico, historiador,\u00a0 maestro, publicista,\u00a0 y defensor de la soberan\u00eda nacional.<\/p>\n\n\n\n<p>&nbsp;&nbsp;&nbsp;&nbsp; Es autor de las monograf\u00edas: \u00abLos Restos de Col\u00f3n en Santo Domingo\u00bb y \u00abLos Dos Restos de Crist\u00f3bal Col\u00f3n, exhumados en la Catedral de Santo Domingo, en 1795 y 1877\u00bb.<\/p>\n\n\n\n<p>&nbsp;&nbsp;&nbsp; A esas obras siguieron varios trabajos sobre la historia colonial de Santo Domingo, incluidos&nbsp; \u00abEl Palacio de don Diego Col\u00f3n en Santo Domingo\u00bb y \u00abGobernadores de la Isla de Santo Domingo\u00bb, que trata de los siglos XVI y XVII.<\/p>\n\n\n\n<p>&nbsp;&nbsp;&nbsp; Al comentar la obra de Emiliano Tejera, el doctor Joaqu\u00edn Balaguer, opina:<\/p>\n\n\n\n<p>&nbsp;&nbsp; \u00abFuera del campo de la investigaci\u00f3n hist\u00f3rica, en el que se desenvolvi\u00f3 como un verdadero maestro por el rigor del m\u00e9todo y por la precisi\u00f3n de su juicio sobremanera sagaz y cauteloso, dej\u00f3 una memoria sobre el problema de l\u00edmites dominico-haitianos, un libro titulado \u00abPalabras Ind\u00edgenas\u00bb y una semblanza de Juan Pablo Duarte que puede reputarse como una de las p\u00e1ginas m\u00e1s perfectas de las letras nacionales.<\/p>\n\n\n\n<p>&nbsp;&nbsp;&nbsp; \u00abDos razones concurren para dar a la obra de Emiliano Tejera vigencia perdurable: el trabajo de la ejecuci\u00f3n, la limpieza casi escult\u00f3rica&nbsp; del estilo, y la honradez cient\u00edfica que le permiti\u00f3 proceder en el an\u00e1lisis hist\u00f3rico con ecuanimidad absoluta. En el primer aspecto, su obra aparece incorporada a las de los mejores monumentos antol\u00f3gicos de la Rep\u00fablica, puesto que&nbsp; talvez&nbsp; fue la suya la m\u00e1s seca, pero tambi\u00e9n la m\u00e1s vertebradas de las prosas nacionales; y en el segundo, su labor tiene el car\u00e1cter de un esfuerzo plenamente&nbsp; logrado que ha enriquecido a la erudici\u00f3n dominicana, en puntos hist\u00f3ricos de inmensa importancia, con adquisiciones definitivas\u00bb.<\/p>\n\n\n\n<p>&nbsp;&nbsp;&nbsp; Emiliano Tejera curs\u00f3 estudios en el Seminario Conciliar de Santo Domingo, donde fue alumno de monse\u00f1or Fernando Arturo Meri\u00f1o, de quien lleg\u00f3 a ser un auxiliar.<\/p>\n\n\n\n<p>&nbsp;&nbsp;&nbsp; Imparti\u00f3 docencia en el Seminario Conciliar y trabaj\u00f3 con Mar\u00eda Nicolasa Billini, en la fundaci\u00f3n del Liceo El Dominicano, donde sirvi\u00f3 como profesor.<\/p>\n\n\n\n<p>&nbsp;&nbsp;&nbsp; Junto a&nbsp; Monse\u00f1or Meri\u00f1o, Emiliano Tejera combati\u00f3 los prop\u00f3sitos antipatri\u00f3ticos y&nbsp; la Anexi\u00f3n de la Rep\u00fablica a Espa\u00f1a.<\/p>\n\n\n\n<p>&nbsp;&nbsp;&nbsp;&nbsp;&nbsp; Sus ideas antianexionistas las expres\u00f3 en una serie de art\u00edculos que escribi\u00f3 con el seud\u00f3nimo de Eduardo Montemar. Por ello fue perseguido,&nbsp; por lo que tuvo que radicarse en Venezuela.<\/p>\n\n\n\n<p>&nbsp;&nbsp;&nbsp;&nbsp; En Venezuela, Emiliano Tejera conoci\u00f3 al patricio Juan Pablo Duarte, quien se encontraba exiliado en Caracas, y desarrollaron una amistad.&nbsp; All\u00ed escribi\u00f3 para los peri\u00f3dicos&nbsp; \u00abEl Constitucional\u00bb y \u00abEl Federalista\u00bb.<\/p>\n\n\n\n<p>&nbsp;&nbsp;&nbsp;&nbsp; El 27 de febrero de 1894, le toc\u00f3 presentar al Congreso Nacional, a nombre de la Junta Central Directiva del Monumento a Duarte, una solicitud de permiso para erigir una estatua del patricio Juan Pablo Duarte.<\/p>\n\n\n\n<p>&nbsp;&nbsp; Emiliano Tejera en su exposici\u00f3n a los legisladores&nbsp; record\u00f3 que el pensamiento de Duarte, descansa&nbsp; en la idea de \u00abPatria y libertad\u00bb. Sostuvo que al cumplir la Rep\u00fablica medio siglo, \u00abYa es tiempo de que los h\u00e9roes de la independencia sean honrados como lo merecen sus grandes hechos\u00bb.<\/p>\n\n\n\n<p>&nbsp;&nbsp; Adem\u00e1s, resalt\u00f3 que muchos de los pr\u00f3ceres dominicanos han muerto en el destierro, forzado o impuesto por las circunstancias y ni a\u00fan tumba tienen en la tierra que redimieron.<\/p>\n\n\n\n<p>&nbsp;&nbsp;&nbsp; Emiliano Tejera retorn\u00f3 a la Rep\u00fablica Dominicana luego que finaliz\u00f3 la Guerra de la Restauraci\u00f3n, en el a\u00f1o 1865.&nbsp;&nbsp; En el a\u00f1o 1872 se&nbsp; gradu\u00f3 de farmac\u00e9utico y en&nbsp; mayo de&nbsp; 1874 fue nombrado miembro de una comisi\u00f3n que negoci\u00f3 un tratado de paz con Hait\u00ed.<\/p>\n\n\n\n<p>&nbsp;&nbsp; Adem\u00e1s de Emiliano&nbsp; Tejera Penson, formaron la comisi\u00f3n&nbsp; Juan Bautista Zafra, Carlos Nouel y Jos\u00e9 Gabriel Garc\u00eda.&nbsp;<\/p>\n\n\n\n<p>&nbsp;&nbsp;&nbsp;&nbsp;&nbsp; En el a\u00f1o 1883 Emiliano Tejera particip\u00f3 en otra comisi\u00f3n negociadora con Hait\u00ed, y en el a\u00f1o&nbsp; 1896, fue nombrado como \u00e1rbitro para la soluci\u00f3n del problema de l\u00edmites&nbsp; y para exponer los alegatos del Gobierno dominicano.<\/p>\n\n\n\n<p>&nbsp;&nbsp;&nbsp;&nbsp; Tambi\u00e9n desempe\u00f1\u00f3 otras funciones p\u00fablicas entre las que figuran el Ministerio de Hacienda y Comercio durante el per\u00edodo 1902-1903, as\u00ed como el Ministerio de Relaciones Exteriores durante el per\u00edodo del 2 enero de 1906 hasta&nbsp; el 30 de junio de 1908.<\/p>\n\n\n\n<p>&nbsp;&nbsp;&nbsp;&nbsp;&nbsp; En 1907, Emiliano Tejera firm\u00f3 con Federico Vel\u00e1squez&nbsp; la Convenci\u00f3n&nbsp; con los Estados Unidos sobre la deuda externa dominicana.<\/p>\n\n\n\n<p>&nbsp;&nbsp;&nbsp; Durante la ocupaci\u00f3n militar de Estados Unidos de 1916 a 1924, Emiliano Tejera encabez\u00f3 la Uni\u00f3n Nacional Dominicana.<\/p>\n\n\n\n<p>&nbsp;&nbsp;&nbsp;&nbsp; Adem\u00e1s fue un colaborador de varias publicaciones entre las que se incluyen \u00abLa Cuna de Am\u00e9rica\u00bb \u00abBaoruco\u00bb, \u00abMinerva\u00bb y \u00abAteneo\u00bb.<\/p>\n\n\n\n<p>&nbsp;&nbsp;&nbsp;&nbsp; Emiliano Tejera muri\u00f3 en la ciudad de Santo Domingo, el 9 de enero de 1923.<\/p>\n","protected":false},"excerpt":{"rendered":"<p>Por HTN Diariodominicano.com SANTO DOMINGO, el 21 de septiembre de 1841, naci\u00f3 en ciudad Santo Domingo, Emiliano Tejera Penson. Se destac\u00f3 como farmac\u00e9utico, pol\u00edtico, historiador,\u00a0 maestro, publicista,\u00a0 y defensor de la soberan\u00eda nacional. &nbsp;&nbsp;&nbsp;&nbsp; Es autor de las monograf\u00edas: \u00abLos Restos de Col\u00f3n en Santo Domingo\u00bb y \u00abLos Dos Restos de Crist\u00f3bal Col\u00f3n, exhumados en [&hellip;]<\/p>\n","protected":false},"author":28,"featured_media":322830,"comment_status":"closed","ping_status":"","sticky":true,"template":"","format":"standard","meta":{"footnotes":""},"categories":[26,27],"tags":[],"class_list":["post-384443","post","type-post","status-publish","format-standard","has-post-thumbnail","hentry","category-efemerides","category-portada"],"_links":{"self":[{"href":"https:\/\/diariodominicano.com\/index.php?rest_route=\/wp\/v2\/posts\/384443","targetHints":{"allow":["GET"]}}],"collection":[{"href":"https:\/\/diariodominicano.com\/index.php?rest_route=\/wp\/v2\/posts"}],"about":[{"href":"https:\/\/diariodominicano.com\/index.php?rest_route=\/wp\/v2\/types\/post"}],"author":[{"embeddable":true,"href":"https:\/\/diariodominicano.com\/index.php?rest_route=\/wp\/v2\/users\/28"}],"replies":[{"embeddable":true,"href":"https:\/\/diariodominicano.com\/index.php?rest_route=%2Fwp%2Fv2%2Fcomments&post=384443"}],"version-history":[{"count":2,"href":"https:\/\/diariodominicano.com\/index.php?rest_route=\/wp\/v2\/posts\/384443\/revisions"}],"predecessor-version":[{"id":384454,"href":"https:\/\/diariodominicano.com\/index.php?rest_route=\/wp\/v2\/posts\/384443\/revisions\/384454"}],"wp:featuredmedia":[{"embeddable":true,"href":"https:\/\/diariodominicano.com\/index.php?rest_route=\/wp\/v2\/media\/322830"}],"wp:attachment":[{"href":"https:\/\/diariodominicano.com\/index.php?rest_route=%2Fwp%2Fv2%2Fmedia&parent=384443"}],"wp:term":[{"taxonomy":"category","embeddable":true,"href":"https:\/\/diariodominicano.com\/index.php?rest_route=%2Fwp%2Fv2%2Fcategories&post=384443"},{"taxonomy":"post_tag","embeddable":true,"href":"https:\/\/diariodominicano.com\/index.php?rest_route=%2Fwp%2Fv2%2Ftags&post=384443"}],"curies":[{"name":"wp","href":"https:\/\/api.w.org\/{rel}","templated":true}]}}