{"id":38437,"date":"2020-06-17T21:56:41","date_gmt":"2020-06-17T21:56:41","guid":{"rendered":"http:\/\/diariodominicano.ddns.net\/?p=38437"},"modified":"2020-06-17T21:56:41","modified_gmt":"2020-06-17T21:56:41","slug":"periodismo-siglo-21","status":"publish","type":"post","link":"https:\/\/diariodominicano.com\/?p=38437","title":{"rendered":"&#13;Periodismo siglo 21"},"content":{"rendered":"<p><body><\/p>\n<p><strong>Diariodominicano.com<\/strong><\/p>\n<p><strong>A Pleno Sol<\/strong><\/p>\n<p><strong>Periodismo siglo 21<\/strong><\/p>\n<p><strong>Por Manuel Hern\u00e1ndez Villeta<\/strong><\/p>\n<\/p>\n<\/p>\n<p>En el convulso  mundo de hoy, se necesita m\u00e1s que nunca una informaci\u00f3n veraz e imparcial. El periodismo del siglo 21 tiene que buscar sus propias modificaciones y modernizaci\u00f3n, mientras los cambios se producen  a la carrera.<\/p>\n<\/p>\n<p>Pero nunca en esos planes de modernizaci\u00f3n, los medios de informaci\u00f3n pueden olvidar su compromiso con la verdad, la defensa de los intereses del pueblo, y ser conciencia, voz y accionar de esas mayor\u00edas que se consideran sordas y mudas sociales.<\/p>\n<\/p>\n<p>Cuando comenc\u00e9 el periodismo, los medios impresos, los peri\u00f3dicos, eran los reyes absolutos de los medios. La radio ten\u00eda una gran influencia, conseguida con la lucha contra las injusticias en los doce a\u00f1os, y sobre todo la llegada de la noticia viva, por medio de las unidades m\u00f3viles.<\/p>\n<\/p>\n<p>Pero nunca la radio lleg\u00f3 a poner en peligro la hegemon\u00eda de los peri\u00f3dicos. Inclusive las redacciones radiales llegaron a tener una plantilla de reporteros superior a algunos peri\u00f3dicos. La influencia de los medios escritos  indiscutiblemente estaba por encima de cualquier vibrante editorial de la radio.<\/p>\n<\/p>\n<p>La salvaci\u00f3n hoy de los tradicionales peri\u00f3dicos impresos, es correr hacia los digitales y ofrecer las dos opciones. Uno de los principales enemigos de la prensa escrita es la red de distribuci\u00f3n, teniendo   que tener una flotilla de camiones, camionetas, motocicletas, para garantizar que el ejemplar llegue al ciudadano a buena hora.<\/p>\n<\/p>\n<p>Ya la radio como factor noticioso desapareci\u00f3. Los grandes noticiarios son cosa del pasado, y de hecho, hoy el \u00fanico informativo radial de importancia que est\u00e1 en el aire es Noticiario Popular. Con dos emisiones diarias. (Los programas de comentarios y entrevistas tienen que ser analizados en otro contexto. Ya lo abordaremos)<\/p>\n<\/p>\n<p> Pero hemos hablado de factores t\u00e9cnicos, y de dar el paso r\u00e1pido hacia el internet para sobrevivir. Algo que crea problemas a la fortaleza de los peri\u00f3dicos digitales, es que todav\u00eda los servicios eficientes de internet son sumamente caros en el pa\u00eds. Se debe pensar en abaratarlos.<\/p>\n<\/p>\n<p>El llamado periodismo ciudadano todav\u00eda es un riesgo, donde no hay forma de garantizar la veracidad de las noticias  y mucho menos tener una ligera noci\u00f3n sobre la responsabilidad y objetiva del que maneja esa red.<\/p>\n<\/p>\n<p>No importa d\u00f3nde nos lleven los cambios t\u00e9cnicos en este siglo 21. La responsabilidad del comunicador debe ser de lucha frontal contra las injusticias, ser tribuna para difundir la verdad, y sobre todo la voz de los que no pueden hablar, porque se les conculca sus derechos. Cuando el periodista deja de ser objetivo, cuestionador y fiel a su conciencia, termina en el fango y en el descr\u00e9dito.!Ay!, se me acab\u00f3 la tinta.<\/p>\n<\/p>\n<h6> 2020-06-17 21:56:41 <\/h6>\n<p><!--\n<link rel=\"stylesheet\" href=\"css\/bootstrap.min.css\">\n\n\n<ul class=\"pagination\">\n\t    \n\t\n\n<li >\n\t<a href='?page_no=184'>Previous<\/a>\n\t<\/li>\n\n\n       \n    \n\n<li><a href='?page_no=1'>1<\/a><\/li>\n\n\n\n<li><a href='?page_no=2'>2<\/a><\/li>\n\n\n\n<li><a>...<\/a><\/li>\n\n\n\n<li><a href='?page_no=183'>183<\/a><\/li>\n\n\n\n<li><a href='?page_no=184'>184<\/a><\/li>\n\n\n\n<li class='active'><a>185<\/a><\/li>\n\n\n\n<li><a href='?page_no=186'>186<\/a><\/li>\n\n\n\n<li><a href='?page_no=187'>187<\/a><\/li>\n\n\n\n<li><a>...<\/a><\/li>\n\n\n\n<li><a href='?page_no=13611'>13611<\/a><\/li>\n\n\n\n<li><a href='?page_no=13612'>13612<\/a><\/li>\n\n    \n\t\n\n<li >\n\t<a href='?page_no=186'>Next<\/a>\n\t<\/li>\n\n\n    \n\n<li><a href='?page_no=13612'>Last &rsaquo;&rsaquo;<\/a><\/li>\n\n<\/ul>\n\n\n--><br \/>\n<\/body><\/p>\n","protected":false},"excerpt":{"rendered":"<p>Diariodominicano.com A Pleno Sol Periodismo siglo 21 Por Manuel Hern\u00e1ndez Villeta En el convulso mundo de hoy, se necesita m\u00e1s que nunca una informaci\u00f3n veraz e imparcial. El periodismo del siglo 21 tiene que buscar sus propias modificaciones y modernizaci\u00f3n, mientras los cambios se producen a la carrera. Pero nunca en esos planes de modernizaci\u00f3n, [&hellip;]<\/p>\n","protected":false},"author":3,"featured_media":0,"comment_status":"open","ping_status":"open","sticky":false,"template":"","format":"standard","meta":{"footnotes":""},"categories":[16],"tags":[],"class_list":["post-38437","post","type-post","status-publish","format-standard","hentry","category-opiniones"],"_links":{"self":[{"href":"https:\/\/diariodominicano.com\/index.php?rest_route=\/wp\/v2\/posts\/38437","targetHints":{"allow":["GET"]}}],"collection":[{"href":"https:\/\/diariodominicano.com\/index.php?rest_route=\/wp\/v2\/posts"}],"about":[{"href":"https:\/\/diariodominicano.com\/index.php?rest_route=\/wp\/v2\/types\/post"}],"author":[{"embeddable":true,"href":"https:\/\/diariodominicano.com\/index.php?rest_route=\/wp\/v2\/users\/3"}],"replies":[{"embeddable":true,"href":"https:\/\/diariodominicano.com\/index.php?rest_route=%2Fwp%2Fv2%2Fcomments&post=38437"}],"version-history":[{"count":0,"href":"https:\/\/diariodominicano.com\/index.php?rest_route=\/wp\/v2\/posts\/38437\/revisions"}],"wp:attachment":[{"href":"https:\/\/diariodominicano.com\/index.php?rest_route=%2Fwp%2Fv2%2Fmedia&parent=38437"}],"wp:term":[{"taxonomy":"category","embeddable":true,"href":"https:\/\/diariodominicano.com\/index.php?rest_route=%2Fwp%2Fv2%2Fcategories&post=38437"},{"taxonomy":"post_tag","embeddable":true,"href":"https:\/\/diariodominicano.com\/index.php?rest_route=%2Fwp%2Fv2%2Ftags&post=38437"}],"curies":[{"name":"wp","href":"https:\/\/api.w.org\/{rel}","templated":true}]}}