{"id":384284,"date":"2022-09-20T10:23:12","date_gmt":"2022-09-20T14:23:12","guid":{"rendered":"http:\/\/diariodominicano.com\/?p=384284"},"modified":"2022-09-20T10:32:39","modified_gmt":"2022-09-20T14:32:39","slug":"archivo-general-de-la-nacion-y-su-patronato-celebran-segunda-tertulia","status":"publish","type":"post","link":"https:\/\/diariodominicano.com\/?p=384284","title":{"rendered":"Archivo General de la Naci\u00f3n y su patronato celebran segunda tertulia"},"content":{"rendered":"\n<p>De izquierda a derecha, Grismeldys P\u00e9rez, Roberto Cass\u00e1, Orqu\u00eddea Correa, Izaskun Herrojo y Eduardo Garc\u00eda Michel.<\/p>\n\n\n\n<figure class=\"wp-block-image size-large\"><img loading=\"lazy\" decoding=\"async\" width=\"1024\" height=\"683\" src=\"https:\/\/diariodominicano.com\/wp-content\/uploads\/2022\/09\/Roberto-Cassa-1024x683.jpg\" alt=\"\" class=\"wp-image-384289\" srcset=\"https:\/\/diariodominicano.com\/wp-content\/uploads\/2022\/09\/Roberto-Cassa-1024x683.jpg 1024w, https:\/\/diariodominicano.com\/wp-content\/uploads\/2022\/09\/Roberto-Cassa-300x200.jpg 300w, https:\/\/diariodominicano.com\/wp-content\/uploads\/2022\/09\/Roberto-Cassa-768x512.jpg 768w, https:\/\/diariodominicano.com\/wp-content\/uploads\/2022\/09\/Roberto-Cassa-1536x1024.jpg 1536w, https:\/\/diariodominicano.com\/wp-content\/uploads\/2022\/09\/Roberto-Cassa-816x544.jpg 816w, https:\/\/diariodominicano.com\/wp-content\/uploads\/2022\/09\/Roberto-Cassa.jpg 2048w\" sizes=\"auto, (max-width: 1024px) 100vw, 1024px\" \/><figcaption> Roberto Cass\u00e1, director del Archivo General de la Naci\u00f3n.<\/figcaption><\/figure>\n\n\n\n<p><strong>SANTO DOMINGO, RD. &#8211;<\/strong>Con la participaci\u00f3n de representantes de los medios de comunicaci\u00f3n el Patronato del Archivo General de la Naci\u00f3n (AGN) celebr\u00f3 su ciclo de tertulias, en la que se ofreci\u00f3 a los asistentes explicaciones sobre el funcionamiento de la instituci\u00f3n y los avances logrados.<\/p>\n\n\n\n<p>Durante la tertulia, cuya segunda edici\u00f3n fue dedicada a los directores de medios, periodistas y comunicadores, habl\u00f3&nbsp;Roberto Cass\u00e1, director del Archivo General de la Naci\u00f3n, quien asegur\u00f3 que el AGN le ha prestado la mayor importancia a la conservaci\u00f3n y difusi\u00f3n de la prensa.<\/p>\n\n\n\n<p>\u201cEl material m\u00e1s consultado por el p\u00fablico en la Sala de Atenci\u00f3n a Usuarios y en internet, donde acceden cerca de 16,000 personas al mes, es la prensa dominicana. Por esta raz\u00f3n hemos emprendido diversas tareas como la digitalizaci\u00f3n de pr\u00e1cticamente toda la prensa escrita nacional y tenemos pendiente el proyecto de la conservaci\u00f3n de la prensa digital\u201d.<\/p>\n\n\n\n<p>Explic\u00f3 tambi\u00e9n, que por la importancia de la prensa y en beneficio de los periodistas se constituy\u00f3 un equipo de trabajo dedicado al fichaje de la prensa diaria, un instrumento de mucho valor donde se van registrando todas las noticias y que facilita la b\u00fasqueda de informaci\u00f3n.<\/p>\n\n\n\n<figure class=\"wp-block-image size-large\"><img loading=\"lazy\" decoding=\"async\" width=\"1024\" height=\"683\" src=\"https:\/\/diariodominicano.com\/wp-content\/uploads\/2022\/09\/Eduardo-Garcia-Michel.-1024x683.jpg\" alt=\"\" class=\"wp-image-384291\" srcset=\"https:\/\/diariodominicano.com\/wp-content\/uploads\/2022\/09\/Eduardo-Garcia-Michel.-1024x683.jpg 1024w, https:\/\/diariodominicano.com\/wp-content\/uploads\/2022\/09\/Eduardo-Garcia-Michel.-300x200.jpg 300w, https:\/\/diariodominicano.com\/wp-content\/uploads\/2022\/09\/Eduardo-Garcia-Michel.-768x512.jpg 768w, https:\/\/diariodominicano.com\/wp-content\/uploads\/2022\/09\/Eduardo-Garcia-Michel.-1536x1024.jpg 1536w, https:\/\/diariodominicano.com\/wp-content\/uploads\/2022\/09\/Eduardo-Garcia-Michel.-816x544.jpg 816w, https:\/\/diariodominicano.com\/wp-content\/uploads\/2022\/09\/Eduardo-Garcia-Michel..jpg 2048w\" sizes=\"auto, (max-width: 1024px) 100vw, 1024px\" \/><figcaption> Eduardo Garc\u00eda Michel, presidente del Patronato del Archivo General de la Naci\u00f3n.<\/figcaption><\/figure>\n\n\n\n<p><a><\/a>Eduardo Garc\u00eda Michel, presidente del Patronato del Archivo General de la Naci\u00f3n, dijo que el prop\u00f3sito del ciclo de tertulias es atraer la mirada hacia la instituci\u00f3n, mostrar sus fortalezas, identificar lo perfectible y poner en evidencia sus potencialidades de proyecci\u00f3n internacional.<\/p>\n\n\n\n<figure class=\"wp-block-image size-large\"><img loading=\"lazy\" decoding=\"async\" width=\"1024\" height=\"549\" src=\"https:\/\/diariodominicano.com\/wp-content\/uploads\/2022\/09\/Fausto-Rosario-Adames-Persio-Maldonado-Rafael-Baez-Perez-Roberto-Cassa-Bernardo-Vega-Eduardo-Garcia-Michel-y-Fernando-de-la-Rosa-1024x549.jpg\" alt=\"\" class=\"wp-image-384295\" srcset=\"https:\/\/diariodominicano.com\/wp-content\/uploads\/2022\/09\/Fausto-Rosario-Adames-Persio-Maldonado-Rafael-Baez-Perez-Roberto-Cassa-Bernardo-Vega-Eduardo-Garcia-Michel-y-Fernando-de-la-Rosa-1024x549.jpg 1024w, https:\/\/diariodominicano.com\/wp-content\/uploads\/2022\/09\/Fausto-Rosario-Adames-Persio-Maldonado-Rafael-Baez-Perez-Roberto-Cassa-Bernardo-Vega-Eduardo-Garcia-Michel-y-Fernando-de-la-Rosa-300x161.jpg 300w, https:\/\/diariodominicano.com\/wp-content\/uploads\/2022\/09\/Fausto-Rosario-Adames-Persio-Maldonado-Rafael-Baez-Perez-Roberto-Cassa-Bernardo-Vega-Eduardo-Garcia-Michel-y-Fernando-de-la-Rosa-768x412.jpg 768w, https:\/\/diariodominicano.com\/wp-content\/uploads\/2022\/09\/Fausto-Rosario-Adames-Persio-Maldonado-Rafael-Baez-Perez-Roberto-Cassa-Bernardo-Vega-Eduardo-Garcia-Michel-y-Fernando-de-la-Rosa-1536x824.jpg 1536w, https:\/\/diariodominicano.com\/wp-content\/uploads\/2022\/09\/Fausto-Rosario-Adames-Persio-Maldonado-Rafael-Baez-Perez-Roberto-Cassa-Bernardo-Vega-Eduardo-Garcia-Michel-y-Fernando-de-la-Rosa-816x437.jpg 816w, https:\/\/diariodominicano.com\/wp-content\/uploads\/2022\/09\/Fausto-Rosario-Adames-Persio-Maldonado-Rafael-Baez-Perez-Roberto-Cassa-Bernardo-Vega-Eduardo-Garcia-Michel-y-Fernando-de-la-Rosa.jpg 2048w\" sizes=\"auto, (max-width: 1024px) 100vw, 1024px\" \/><figcaption><strong>Fausto Rosario Adames, Persio Maldonado, Rafael B\u00e1ez P\u00e9rez, Roberto Cass\u00e1, Bernardo Vega, Eduardo Garc\u00eda Michel y Fernando de la Rosa.<\/strong><\/figcaption><\/figure>\n\n\n\n<p>&nbsp;<a>\u201c<\/a>Con la celebraci\u00f3n de este acto queremos facilitarles que conozcan un poco m\u00e1s las joyas hist\u00f3ricas y documentales que guarda entre sus paredes esta venerable instituci\u00f3n y explicarles la manera m\u00e1s expedita para acceder a ellas. Estaremos encantados de que utilicen a plenitud las herramientas y documentaci\u00f3n aqu\u00ed disponibles. Y de que se\u00f1alen las \u00e1reas de mayor inter\u00e9s que requieran ser mejoradas internamente para satisfacer sus inquietudes\u201d, puntualizo Garc\u00eda Michel.<\/p>\n\n\n\n<p>Garc\u00eda Michel indic\u00f3 que las acciones que proyecta hacia la sociedad dominicana han convertido al Archivo General de la Naci\u00f3n en una verdadera instituci\u00f3n cultural de \u201cparticular impacto\u201d.<\/p>\n\n\n\n<p>relacionespublicas<a target=\"_blank\" href=\"mailto:relacionespublicas@agn.gob.do\" rel=\"noreferrer noopener\">relacionespublicas@agn.gob.do<\/a><\/p>\n","protected":false},"excerpt":{"rendered":"<p>De izquierda a derecha, Grismeldys P\u00e9rez, Roberto Cass\u00e1, Orqu\u00eddea Correa, Izaskun Herrojo y Eduardo Garc\u00eda Michel. SANTO DOMINGO, RD. &#8211;Con la participaci\u00f3n de representantes de los medios de comunicaci\u00f3n el Patronato del Archivo General de la Naci\u00f3n (AGN) celebr\u00f3 su ciclo de tertulias, en la que se ofreci\u00f3 a los asistentes explicaciones sobre el funcionamiento [&hellip;]<\/p>\n","protected":false},"author":28,"featured_media":384287,"comment_status":"closed","ping_status":"","sticky":true,"template":"","format":"standard","meta":{"footnotes":""},"categories":[21,36,26,27],"tags":[],"class_list":["post-384284","post","type-post","status-publish","format-standard","has-post-thumbnail","hentry","category-cultura","category-hombresmujeresycosas","category-efemerides","category-portada"],"_links":{"self":[{"href":"https:\/\/diariodominicano.com\/index.php?rest_route=\/wp\/v2\/posts\/384284","targetHints":{"allow":["GET"]}}],"collection":[{"href":"https:\/\/diariodominicano.com\/index.php?rest_route=\/wp\/v2\/posts"}],"about":[{"href":"https:\/\/diariodominicano.com\/index.php?rest_route=\/wp\/v2\/types\/post"}],"author":[{"embeddable":true,"href":"https:\/\/diariodominicano.com\/index.php?rest_route=\/wp\/v2\/users\/28"}],"replies":[{"embeddable":true,"href":"https:\/\/diariodominicano.com\/index.php?rest_route=%2Fwp%2Fv2%2Fcomments&post=384284"}],"version-history":[{"count":5,"href":"https:\/\/diariodominicano.com\/index.php?rest_route=\/wp\/v2\/posts\/384284\/revisions"}],"predecessor-version":[{"id":384296,"href":"https:\/\/diariodominicano.com\/index.php?rest_route=\/wp\/v2\/posts\/384284\/revisions\/384296"}],"wp:featuredmedia":[{"embeddable":true,"href":"https:\/\/diariodominicano.com\/index.php?rest_route=\/wp\/v2\/media\/384287"}],"wp:attachment":[{"href":"https:\/\/diariodominicano.com\/index.php?rest_route=%2Fwp%2Fv2%2Fmedia&parent=384284"}],"wp:term":[{"taxonomy":"category","embeddable":true,"href":"https:\/\/diariodominicano.com\/index.php?rest_route=%2Fwp%2Fv2%2Fcategories&post=384284"},{"taxonomy":"post_tag","embeddable":true,"href":"https:\/\/diariodominicano.com\/index.php?rest_route=%2Fwp%2Fv2%2Ftags&post=384284"}],"curies":[{"name":"wp","href":"https:\/\/api.w.org\/{rel}","templated":true}]}}