{"id":384063,"date":"2022-09-19T00:14:55","date_gmt":"2022-09-19T04:14:55","guid":{"rendered":"http:\/\/diariodominicano.com\/?p=384063"},"modified":"2022-09-19T00:14:55","modified_gmt":"2022-09-19T04:14:55","slug":"el-dia-que-nacio-rafael-estrella-urena-4","status":"publish","type":"post","link":"https:\/\/diariodominicano.com\/?p=384063","title":{"rendered":"El d\u00eda que naci\u00f3 Rafael Estrella Ure\u00f1a"},"content":{"rendered":"\n<p>Por HTN<\/p>\n\n\n\n<p>Diariodominicano.com<\/p>\n\n\n\n<p><\/p>\n\n\n\n<p>SANTIAGO DE LOS CABALLEROS, el 19 de septiembre de 1889, naci\u00f3 en la ciudad Santiago de los Caballeros, Rafael Estrella Ure\u00f1a, hijo de Juan Bautista Estrella y Juana Ure\u00f1a. Se destac\u00f3&nbsp; como pol\u00edtico y orador.<\/p>\n\n\n\n<p>&nbsp;&nbsp;&nbsp;&nbsp; Curs\u00f3 sus estudios primarios y secundarios en la ciudad Santiago. Estudi\u00f3 derecho en la Universidad de Santo Domingo y se gradu\u00f3 de licenciado en derecho en 1915.<\/p>\n\n\n\n<p>&nbsp;&nbsp; Durante la ocupaci\u00f3n militar de Estados Unidos, en el per\u00edodo 1916-1924, fue un luchador por el rescate de la soberan\u00eda nacional. En procura de ese objetivo fue miembro de la Uni\u00f3n Nacional Dominicana, que ten\u00eda como objetivo restaurar la soberan\u00eda nacional.<\/p>\n\n\n\n<p>&nbsp;&nbsp;&nbsp; Al referirse a su figura Joaqu\u00edn Balaguer, quien lo acompa\u00f1\u00f3 en el plan contra el Presidente Horacio V\u00e1squez, en el a\u00f1o 1930, anota:<\/p>\n\n\n\n<p>&nbsp;&nbsp; \u00abRafael Estrella Ure\u00f1a, f\u00edsicamente dotado de extraordinarios dones para la oratoria: voz potente, rica imaginaci\u00f3n y temperamento volc\u00e1nico que se proyectaba al trav\u00e9s de sus ojos verdes en reflejos el\u00e9ctricos y en im\u00e1genes de enorme poder emotivo, era poco diserto en la conversaci\u00f3n casera. Necesitaba, al parecer, del contacto con el p\u00fablico para crecer y agigantarse. Estaba hecho para lucir en la plaza p\u00fablica como el m\u00e1rmol de las fuentes y el bronce de las estatuas\u00bb.<\/p>\n\n\n\n<p>&nbsp;&nbsp;&nbsp; En opini\u00f3n del doctor Balaguer, con Rafael Estrella Ure\u00f1a&nbsp; \u00abocurr\u00eda como con todos los grandes conductores de masas: su peque\u00f1a estatura adquir\u00eda proporciones colosales gracias al toque hipn\u00f3tico de la elocuencia\u00bb.<\/p>\n\n\n\n<p>&nbsp;&nbsp; &nbsp;Rafael Estrella Ure\u00f1a&nbsp; fue uno de los principales colaboradores del Presidente Horacio V\u00e1squez.<\/p>\n\n\n\n<p>&nbsp;&nbsp; En el a\u00f1o 1925 fund\u00f3 el Partido Republicano y en el a\u00f1o 1927, el Presidente V\u00e1squez lo nombr\u00f3 ministro en Francia y otras naciones de Europa.<\/p>\n\n\n\n<p>&nbsp;&nbsp;&nbsp; Durante el Gobierno de Horacio V\u00e1squez tambi\u00e9n fue secretario de la Presidencia, secretario de Interior y Polic\u00eda, as\u00ed como ministro de Justicia e Instrucci\u00f3n,&nbsp; pero se separ\u00f3 del&nbsp; Gobierno Horacista cuando en 1929, el&nbsp; Presidente de la Rep\u00fablica apoy\u00f3 un movimiento que propugnaba&nbsp; por su reelecci\u00f3n.<\/p>\n\n\n\n<p>&nbsp;&nbsp;&nbsp;&nbsp; En el a\u00f1o 1930 encabez\u00f3 un plan aliado al jefe del Ej\u00e9rcito Nacional, General Rafael Le\u00f3nidas Trujillo Molina, que culmin\u00f3 con un golpe de Estado contra el&nbsp; Gobierno de&nbsp; Horacio V\u00e1squez.<\/p>\n\n\n\n<p>&nbsp;&nbsp;&nbsp; El acontecimiento fue anunciado al pa\u00eds el 23 de febrero de 1930. Horas Despu\u00e9s&nbsp; Estrella Ure\u00f1a fue juramentado como nuevo Presidente de la Rep\u00fablica, con el encarg\u00f3 de organizar elecciones presidenciales el 16 de mayo de ese a\u00f1o.<\/p>\n\n\n\n<p>&nbsp;&nbsp;&nbsp; Su administraci\u00f3n se desarroll\u00f3 del 23 de febrero al 16 de agosto de 1930. El proceso electoral se caracteriz\u00f3 por la intolerancia en perjuicio de los&nbsp; adversarios de Rafael Le\u00f3nidas Trujillo Molina.<\/p>\n\n\n\n<p>&nbsp;&nbsp;&nbsp;&nbsp; Durante el mes de Abril y los primeros d\u00edas de Mayo de 1930, miembros del Ej\u00e9rcito Nacional&nbsp; participaron en actos de represi\u00f3n contra los adversarios de Rafael Le\u00f3nidas Trujillo y Rafael Estrella Ure\u00f1a.<\/p>\n\n\n\n<p>&nbsp;&nbsp; Ante la situaci\u00f3n de represi\u00f3n, La Alianza Nacional Progresista, que llevaba como candidato a la Presidencia&nbsp; a Federico Vel\u00e1squez y a vicepresidente al l\u00edder horacista Angel Morales, se retir\u00f3 del proceso electoral.<\/p>\n\n\n\n<p>&nbsp;&nbsp;&nbsp; Por la&nbsp; situaci\u00f3n de violencia desatada en las \u00faltimas semanas de la campa\u00f1a electoral de 1930, los miembros de la Junta Central Electoral renunciaron a sus funciones el 7 de Mayo de 1930 y fueron sustituidos por personas que simpatizaban con las candidaturas de Trujillo y&nbsp; Estrella Ure\u00f1a.<\/p>\n\n\n\n<p>&nbsp;&nbsp; La Alianza Nacional Progresista formaliz\u00f3 su retiro del proceso electoral el d\u00eda 15 de Mayo de 1930, por considerar que en&nbsp; Rep\u00fablica Dominicana no hab\u00eda garant\u00edas para ejercer el voto libremente.<\/p>\n\n\n\n<p>&nbsp;&nbsp; El 16 de Mayo de 1930 se celebraron las elecciones con la sola participaci\u00f3n del binomio Rafael Le\u00f3nidas Trujillo Molina-Rafael Estrella Ure\u00f1a. Fueron declarados ganadores de los comicios con un 45 por ciento de los sufragantes inscritos.<\/p>\n\n\n\n<p>&nbsp;&nbsp;&nbsp;&nbsp; En Rep\u00fablica Dominicana se produjeron m\u00faltiples protestas y la Alianza Nacional Progresista calific\u00f3 de fraudulento el proceso, sin embargo,&nbsp; la Junta Central Electoral declar\u00f3 ganadores a Trujillo y a Rafael Estrella Ure\u00f1a, en virtud de una resoluci\u00f3n dada a conocer el&nbsp; 24 de Mayo de 1930.<\/p>\n\n\n\n<p>&nbsp;&nbsp;&nbsp; Trujillo y el licenciado Rafael Estrella Ure\u00f1a eran aliados desde que se unieron en la&nbsp; conspiraci\u00f3n que termin\u00f3 con el derrocamiento del Presidente Horacio V\u00e1squez, quien los consideraba como hombres de confianza.<\/p>\n\n\n\n<p>&nbsp;&nbsp;&nbsp;&nbsp;&nbsp; La toma de posesi\u00f3n del nuevo Gobierno fue el 16 de agosto de 1930. El&nbsp; Vicepresidente Estrella Ure\u00f1a rompi\u00f3 al poco tiempo con el Presidente Trujillo, y sali\u00f3 del pa\u00eds.<\/p>\n\n\n\n<p>&nbsp;&nbsp;&nbsp; Regres\u00f3 en el a\u00f1o 1940 y acept\u00f3 colaborar con el Gobierno de Trujillo, pero luego fue arrestado.<\/p>\n\n\n\n<p>&nbsp;&nbsp; El&nbsp; 23 de Febrero de 1930, Rafael Estrella Ure\u00f1a y sus partidarios, secundados por Desiderio Arias&nbsp; y El\u00edas Brache, antiguo dirigentes del jimenismo, dieron inicio al plan para acabar con el Gobierno de Horacio V\u00e1squez.<\/p>\n\n\n\n<p>&nbsp;&nbsp; El general Jos\u00e9 Estrella, t\u00edo de Rafael Estrella Ure\u00f1a, atac\u00f3 la Fortaleza San Luis, en Santiago,&nbsp; y las tropas no hicieron resistencia y de inmediato cientos de hombres armados con rifles que suministro de manera subrepticia&nbsp; el general Trujillo, marcharon a la Capital.<\/p>\n\n\n\n<p>&nbsp;&nbsp;&nbsp;&nbsp; Entraron a la ciudad de Santo Domingo,&nbsp; a los tres d\u00edas y el Presidente Horacio V\u00e1squez busc\u00f3 asilo en la embajada de Estados Unidos.<\/p>\n","protected":false},"excerpt":{"rendered":"<p>Por HTN Diariodominicano.com SANTIAGO DE LOS CABALLEROS, el 19 de septiembre de 1889, naci\u00f3 en la ciudad Santiago de los Caballeros, Rafael Estrella Ure\u00f1a, hijo de Juan Bautista Estrella y Juana Ure\u00f1a. Se destac\u00f3&nbsp; como pol\u00edtico y orador. &nbsp;&nbsp;&nbsp;&nbsp; Curs\u00f3 sus estudios primarios y secundarios en la ciudad Santiago. Estudi\u00f3 derecho en la Universidad de [&hellip;]<\/p>\n","protected":false},"author":28,"featured_media":266029,"comment_status":"closed","ping_status":"","sticky":true,"template":"","format":"standard","meta":{"footnotes":""},"categories":[26,27],"tags":[],"class_list":["post-384063","post","type-post","status-publish","format-standard","has-post-thumbnail","hentry","category-efemerides","category-portada"],"_links":{"self":[{"href":"https:\/\/diariodominicano.com\/index.php?rest_route=\/wp\/v2\/posts\/384063","targetHints":{"allow":["GET"]}}],"collection":[{"href":"https:\/\/diariodominicano.com\/index.php?rest_route=\/wp\/v2\/posts"}],"about":[{"href":"https:\/\/diariodominicano.com\/index.php?rest_route=\/wp\/v2\/types\/post"}],"author":[{"embeddable":true,"href":"https:\/\/diariodominicano.com\/index.php?rest_route=\/wp\/v2\/users\/28"}],"replies":[{"embeddable":true,"href":"https:\/\/diariodominicano.com\/index.php?rest_route=%2Fwp%2Fv2%2Fcomments&post=384063"}],"version-history":[{"count":1,"href":"https:\/\/diariodominicano.com\/index.php?rest_route=\/wp\/v2\/posts\/384063\/revisions"}],"predecessor-version":[{"id":384064,"href":"https:\/\/diariodominicano.com\/index.php?rest_route=\/wp\/v2\/posts\/384063\/revisions\/384064"}],"wp:featuredmedia":[{"embeddable":true,"href":"https:\/\/diariodominicano.com\/index.php?rest_route=\/wp\/v2\/media\/266029"}],"wp:attachment":[{"href":"https:\/\/diariodominicano.com\/index.php?rest_route=%2Fwp%2Fv2%2Fmedia&parent=384063"}],"wp:term":[{"taxonomy":"category","embeddable":true,"href":"https:\/\/diariodominicano.com\/index.php?rest_route=%2Fwp%2Fv2%2Fcategories&post=384063"},{"taxonomy":"post_tag","embeddable":true,"href":"https:\/\/diariodominicano.com\/index.php?rest_route=%2Fwp%2Fv2%2Ftags&post=384063"}],"curies":[{"name":"wp","href":"https:\/\/api.w.org\/{rel}","templated":true}]}}