{"id":38393,"date":"2020-06-21T21:33:17","date_gmt":"2020-06-21T21:33:17","guid":{"rendered":"http:\/\/diariodominicano.ddns.net\/?p=38393"},"modified":"2020-06-21T21:33:17","modified_gmt":"2020-06-21T21:33:17","slug":"aires-optimistas","status":"publish","type":"post","link":"https:\/\/diariodominicano.com\/?p=38393","title":{"rendered":"&#13;AIRES OPTIMISTAS"},"content":{"rendered":"<p><body><\/p>\n<p>ALGO M\u00c1S QUE PALABRAS<\/p>\n<\/p>\n<p>AIRES OPTIMISTAS <\/p>\n<p>\u00abDe la angustia al ensue\u00f1o de quererse\u00bb <\/p>\n<p>=============================<\/p>\n<p>V\u00edctor CORCOBA HERRERO\/ Escritor<\/p>\n<p>corcoba@telefonica.net\t<\/p>\n<p>============================= <\/p>\n<\/p>\n<p>\tLos moradores de este mundo requieren activar la cultura de cercan\u00eda, m\u00e1xime en un momento de tanta penuria y dolor, teniendo que tragarse las l\u00e1grimas en soledad y en silencio, porque el desconsuelo es grande y los gestos de amor son m\u00e1s bien escasos. Nos falta esa proximidad de corazones, ese encuentro de pulsos que es lo que realmente nos imprime fortaleza, o la misma ternura de una caricia que nos deja una huella imborrable, hasta ponernos en camino de la esperanza. La ilusi\u00f3n por vivir no la podemos perder. Es cierto que la pandemia nos ha marcado profundamente, nos ha hecho reflexionar, acaso madurar sobre nuestra debilidad, recapacitar sobre el presente y el futuro de nuestro linaje; pero tambi\u00e9n nos ha llenado de energ\u00eda positiva para volver a renacer y poder construir un nuevo horizonte, lo que demanda del compromiso y la dedicaci\u00f3n de todos. Se me ocurre pensar en esos aires optimistas, en las tres vacunas candidatas que est\u00e1n por comenzar la fase final de pruebas en humanos en Estados Unidos, Reino Unido y China. Quiz\u00e1s ahora el mayor reto sea, seg\u00fan la agencia de salud de la ONU, que los pa\u00edses se unan para garantizar que las inmunizaciones lleguen a los m\u00e1s vulnerables en todo el mundo primero, y que no se conviertan en un negocio donde solo aquellos pueblos que puedan pagarlas tengan acceso. Esto suele pasar por tener un coraz\u00f3n enfermo, que apenas siente ni sufre por nada. Urge, por tanto, despojarnos de esa piedra que permanece muda y apenas se conmueve. Forma parte de este esp\u00edritu mundano, que deshumaniza y nos derrumba como especie. Ojal\u00e1 aprendamos a pasar de las tinieblas a la luz, de la noche a la ma\u00f1ana, de la angustia al ensue\u00f1o de quererse.<\/p>\n<p>\tReconozcamos que no es f\u00e1cil irse de este esp\u00edritu soberbio, endiosado, que adoctrina en esa l\u00ednea tenebrosa, pero con empe\u00f1o todo se consigue, tambi\u00e9n expatriarse de la amargura con la que se nos encadena, lo importante es tener confianza en uno mismo y mantener el tipo hacia la luz del sol. Fruto de esa arrogancia y altaner\u00eda, el Consejo de Derechos humanos acaba de condenar el racismo sistem\u00e1tico. En un mundo globalizado como el presente, las pr\u00e1cticas racistas mediante el uso excesivo de la fuerza, nos dejan sin palabras. No podemos continuar degradando nuestros valores fundamentales, a trav\u00e9s de contiendas y actos de brutalidad gratuita. Hemos de ser ecu\u00e1nimes, a partir de un \u00f3ptimo ambiente al optimismo, tal vez esto sea el primer paso para la soluci\u00f3n de los problemas. Tambi\u00e9n nos lo advierte el refranero: \u00abNo hay mal que por bien no venga\u00bb. Dicho lo cual, y teniendo en cuenta que todo est\u00e1 conectado y propicio para lo arm\u00f3nico, nos conviene como sujetos pensantes, mejores pr\u00e1cticas humanas, lo que conlleva poner en acci\u00f3n buenas gobernanzas, que destierren y corrijan ese esp\u00edritu corrupto que acrecienta tantas desigualdades. Sabemos que querer es poder y que no todo est\u00e1 perdido. Los seres humanos, cada cual desde su cultura, son capaces de lo peor, de destruirse as\u00ed mismo, pero tambi\u00e9n de elevarse por encima, alzar el vuelo y comenzar de nuevo en esa interacci\u00f3n conjunta de arrimar hombros, en la que todos somos necesarios e imprescindibles. La cuesti\u00f3n es buscar soluciones integradoras, y parece que vamos por ese camino, de considerar esa innata interconectividad dentro de los sistemas sociales y naturales, donde no tiene sentido alguno la cultura del abandono o de la exclusi\u00f3n, con la propuesta de un nuevo estilo de vida y el anhelo a buscar otras modos de entender la econom\u00eda y el progreso. <\/p>\n<p>Marginar a un similar es condenarse a s\u00ed mismo.  \u00abLa eliminaci\u00f3n de la pobreza no es un gesto de caridad. Es un acto de justicia. Es la protecci\u00f3n de un derecho humano esencial, el derecho a la dignidad y a una vida decente\u00bb, afirm\u00f3 en multitud de ocasiones Nelson Mandela, a mi juicio uno de los abanderados de la lucha del g\u00e9nero humano por la libertad, la igualdad y las garant\u00edas fundamentales en general. Cu\u00e1nta verdad y cu\u00e1nta raz\u00f3n hay en ello. Sin duda, un proyecto \u00f3ptimo que nos insta a llevarlo a la buena pr\u00e1ctica. Por eso, es primordial propiciar la proximidad, no de manera ideol\u00f3gica, superficial o reduccionista, sino mediante el di\u00e1logo sincero y la universalidad de pensamientos. Hay que salir de uno mismo al encuentro de la gente, nunca tan necesitada de afecto, de ah\u00ed lo substancial que es despojarse de todo aquello que nos aleje de nuestro semejante. Lo significativo es no decaerse y estar siempre dispuesto a unir latidos, y de este modo, sinti\u00e9ndonos acompa\u00f1ados, por mucho que la pandemia de coronavirus se acelere y rompa el r\u00e9cord de casos anteriores, nos sentiremos animosos, de que en cualquier parte del mundo, alguien nos pueda extender su mano en auxilio; no en vano, una respuesta socioecon\u00f3mica y de salud p\u00fablica inclusiva ayudar\u00e1 a derrotar los vientos que nos deprimen, reiniciando nuestras econom\u00edas y avanzando en la consecuci\u00f3n de ese hermanamiento, que a todos nos interesa por propia subsistencia de uno mismo. Sea como fuere, en una sociedad sustentada por el materialismo, entiendo que no es f\u00e1cil caminar bajo la br\u00fajula de los principios y valores tan b\u00e1sicos como la honradez, responsabilidad y optimismo, pero lo nefasto es distraerse o permanecer pasivo a esos lenguajes que nos est\u00e1n dejando sin sensibilidad alguna. De ah\u00ed, lo valioso que es cambiar de rumbo las realidades de este inhumano c\u00edrculo social. No tengamos miedo a hacerlo, a que resplandezca la certeza, aunque nos duela lo que no est\u00e1 en los escritos. S\u00ed, verdaderamente, necesitamos que la verdad venga a salvarnos del ahogo que nos circunda. Con la reinante falsedad terrestre, la maldita mentira, el tormento de la mentira por la verdad mal comprendida, iremos muy lejos, pero sin expectativas de regreso. <\/p>\n<\/p>\n<p>V\u00edctor CORCOBA HERRERO \/ Escritor<\/p>\n<p>corcoba@telefonica.net<\/p>\n<p>21 de junio de 2020.- <\/p>\n<h6> 2020-06-21 21:33:17 <\/h6>\n<p><!--\n<link rel=\"stylesheet\" href=\"css\/bootstrap.min.css\">\n\n\n<ul class=\"pagination\">\n\t    \n\t\n\n<li >\n\t<a href='?page_no=180'>Previous<\/a>\n\t<\/li>\n\n\n       \n    \n\n<li><a href='?page_no=1'>1<\/a><\/li>\n\n\n\n<li><a href='?page_no=2'>2<\/a><\/li>\n\n\n\n<li><a>...<\/a><\/li>\n\n\n\n<li><a href='?page_no=179'>179<\/a><\/li>\n\n\n\n<li><a href='?page_no=180'>180<\/a><\/li>\n\n\n\n<li class='active'><a>181<\/a><\/li>\n\n\n\n<li><a href='?page_no=182'>182<\/a><\/li>\n\n\n\n<li><a href='?page_no=183'>183<\/a><\/li>\n\n\n\n<li><a>...<\/a><\/li>\n\n\n\n<li><a href='?page_no=13611'>13611<\/a><\/li>\n\n\n\n<li><a href='?page_no=13612'>13612<\/a><\/li>\n\n    \n\t\n\n<li >\n\t<a href='?page_no=182'>Next<\/a>\n\t<\/li>\n\n\n    \n\n<li><a href='?page_no=13612'>Last &rsaquo;&rsaquo;<\/a><\/li>\n\n<\/ul>\n\n\n--><br \/>\n<\/body><\/p>\n","protected":false},"excerpt":{"rendered":"<p>ALGO M\u00c1S QUE PALABRAS AIRES OPTIMISTAS \u00abDe la angustia al ensue\u00f1o de quererse\u00bb ============================= V\u00edctor CORCOBA HERRERO\/ Escritor corcoba@telefonica.net ============================= Los moradores de este mundo requieren activar la cultura de cercan\u00eda, m\u00e1xime en un momento de tanta penuria y dolor, teniendo que tragarse las l\u00e1grimas en soledad y en silencio, porque el desconsuelo es grande [&hellip;]<\/p>\n","protected":false},"author":3,"featured_media":0,"comment_status":"open","ping_status":"open","sticky":false,"template":"","format":"standard","meta":{"footnotes":""},"categories":[16],"tags":[],"class_list":["post-38393","post","type-post","status-publish","format-standard","hentry","category-opiniones"],"_links":{"self":[{"href":"https:\/\/diariodominicano.com\/index.php?rest_route=\/wp\/v2\/posts\/38393","targetHints":{"allow":["GET"]}}],"collection":[{"href":"https:\/\/diariodominicano.com\/index.php?rest_route=\/wp\/v2\/posts"}],"about":[{"href":"https:\/\/diariodominicano.com\/index.php?rest_route=\/wp\/v2\/types\/post"}],"author":[{"embeddable":true,"href":"https:\/\/diariodominicano.com\/index.php?rest_route=\/wp\/v2\/users\/3"}],"replies":[{"embeddable":true,"href":"https:\/\/diariodominicano.com\/index.php?rest_route=%2Fwp%2Fv2%2Fcomments&post=38393"}],"version-history":[{"count":0,"href":"https:\/\/diariodominicano.com\/index.php?rest_route=\/wp\/v2\/posts\/38393\/revisions"}],"wp:attachment":[{"href":"https:\/\/diariodominicano.com\/index.php?rest_route=%2Fwp%2Fv2%2Fmedia&parent=38393"}],"wp:term":[{"taxonomy":"category","embeddable":true,"href":"https:\/\/diariodominicano.com\/index.php?rest_route=%2Fwp%2Fv2%2Fcategories&post=38393"},{"taxonomy":"post_tag","embeddable":true,"href":"https:\/\/diariodominicano.com\/index.php?rest_route=%2Fwp%2Fv2%2Ftags&post=38393"}],"curies":[{"name":"wp","href":"https:\/\/api.w.org\/{rel}","templated":true}]}}