{"id":383913,"date":"2022-09-18T19:08:09","date_gmt":"2022-09-18T23:08:09","guid":{"rendered":"http:\/\/diariodominicano.com\/?p=383913"},"modified":"2022-09-18T19:08:40","modified_gmt":"2022-09-18T23:08:40","slug":"grupo-sid-realiza-inversion-social-por-rd500-mm-a-favor-de-comunidades","status":"publish","type":"post","link":"https:\/\/diariodominicano.com\/?p=383913","title":{"rendered":"Grupo SID realiza inversi\u00f3n social por RD$500 MM a favor de comunidades\u00a0"},"content":{"rendered":"\n<p><\/p>\n\n\n\n<p><strong><em>Comunidades y familias, alianzas p\u00fablico-privadas, arte y cultura, entidades sin fines de lucro y otras son objetivos de cooperaci\u00f3n solidaria para contribuir con un mejor entorno social a trav\u00e9s de acciones socialmente responsables.<\/em><\/strong><\/p>\n\n\n\n<figure class=\"wp-block-image size-large\"><img loading=\"lazy\" decoding=\"async\" width=\"1024\" height=\"683\" src=\"https:\/\/diariodominicano.com\/wp-content\/uploads\/2022\/09\/Bibliotecas-Letras-Chiquitas-Grupo-SID-Ligia-Bonetti-1024x683.jpg\" alt=\"\" class=\"wp-image-383917\" srcset=\"https:\/\/diariodominicano.com\/wp-content\/uploads\/2022\/09\/Bibliotecas-Letras-Chiquitas-Grupo-SID-Ligia-Bonetti-1024x683.jpg 1024w, https:\/\/diariodominicano.com\/wp-content\/uploads\/2022\/09\/Bibliotecas-Letras-Chiquitas-Grupo-SID-Ligia-Bonetti-300x200.jpg 300w, https:\/\/diariodominicano.com\/wp-content\/uploads\/2022\/09\/Bibliotecas-Letras-Chiquitas-Grupo-SID-Ligia-Bonetti-768x512.jpg 768w, https:\/\/diariodominicano.com\/wp-content\/uploads\/2022\/09\/Bibliotecas-Letras-Chiquitas-Grupo-SID-Ligia-Bonetti-1536x1024.jpg 1536w, https:\/\/diariodominicano.com\/wp-content\/uploads\/2022\/09\/Bibliotecas-Letras-Chiquitas-Grupo-SID-Ligia-Bonetti-2048x1365.jpg 2048w, https:\/\/diariodominicano.com\/wp-content\/uploads\/2022\/09\/Bibliotecas-Letras-Chiquitas-Grupo-SID-Ligia-Bonetti-816x544.jpg 816w\" sizes=\"auto, (max-width: 1024px) 100vw, 1024px\" \/><figcaption>Inauguraci\u00f3n de la red municipal de bibliotecas infantiles &#8216;Las Letras Chiquitas&#8217;, en donde se presentan espacios educativos para ni\u00f1os y ni\u00f1as, equipados con todo lo necesario para contribuir con su formaci\u00f3n y desarrollo.<\/figcaption><\/figure>\n\n\n\n<p><strong>SANTO DOMINGO, Rep\u00fablica Dominicana<\/strong>. &#8211;&nbsp;&nbsp;&nbsp;Grupo SID desarrolla un amplio programa de inversi\u00f3n social a favor de las comunidades, las familias, el arte, la cultura y el apoyo institucional con perfil de alianzas p\u00fablico-privadas.<\/p>\n\n\n\n<p>En el marco de su plan \u201cAcciones que dejan huellas\u201d, Grupo SID ha aportado en los \u00faltimos cinco a\u00f1os unos RD$500 millones (RD$100 millones promedio anual) en ejecuciones socialmente responsables.&nbsp;<\/p>\n\n\n\n<p>El remozamiento en la Avenida de la Salud, apoyo a la Unidad de Salud Mental del Hospital Santo Socorro, Cuerpo de Bomberos del Distrito Nacional, Parador La Confluencia y a las Bibliotecas Infantiles \u201cLetras Chiquitas\u201d, constituyen aportes bajo alianzas p\u00fablico-privadas.<\/p>\n\n\n\n<p>En el rengl\u00f3n comunidades y familias, Grupo SID realiza donativos de productos en distintas campa\u00f1as de bien social, con respaldo a juntas de vecinos, clubes y asociaciones comunitarias y desarrolla actividades como \u201cInduveca hace historia en tu vida\u201d y \u201cHogares llenos de sabor\u201d, y ayudas humanitarias con el apoyo de la red internacional de ayuda humanitaria, World Central Kitchen.<\/p>\n\n\n\n<p>\u201cCelebramos 85 a\u00f1os de presencia continua en la Rep\u00fablica Dominicana acompa\u00f1ando el bienestar de los ciudadanos y haciendo que nuestro crecimiento se derrame en las comunidades que son parte esencial de nuestra continuidad como grupo empresarial l\u00edder en la industria nacional\u201d, manifest\u00f3 la Presidente Ejecutiva de Grupo SID, Ligia Bonetti.<\/p>\n\n\n\n<p>Seg\u00fan un informe de acciones de responsabilidad social, Grupo SID impulsa -en su rengl\u00f3n de arte y cultura- los carnavales de La Vega, Distrito Nacional, Santiago y Cristo Rey, contribuye con las publicaciones de libros de historia, arte, gastronom\u00eda, cultura, as\u00ed como con la realizaci\u00f3n de murales de arte y exposiciones de artistas dominicanos.<\/p>\n\n\n\n<p>Asimismo, el apoyo a la Defensa Civil, la Cruz Roja, embajadas, iglesias, fundaciones de diversos enfoques, centros de acogida y otras entidades forman parte del brazo social de Grupo SID en instituciones y asociaciones sin fines de lucro.<\/p>\n\n\n\n<p>Grupo SID es un conglomerado empresarial de la Rep\u00fablica Dominicana que tiene bajo su sombrilla m\u00e1s de 2,000 productos y cuenta con presencia en 17 pa\u00edses. Est\u00e1 integrado por las 6 empresas: MercaSID, Induveca, Crystal, Induspalma, Leones del Escogido y las estaciones de combustible Next.<\/p>\n\n\n\n<p>Ironerys Duarte<a target=\"_blank\" href=\"mailto:ironerys@mediaticos.com.do\" rel=\"noreferrer noopener\">ironerys@mediaticos.com.do<\/a><\/p>\n\n\n\n<p><\/p>\n","protected":false},"excerpt":{"rendered":"<p>Comunidades y familias, alianzas p\u00fablico-privadas, arte y cultura, entidades sin fines de lucro y otras son objetivos de cooperaci\u00f3n solidaria para contribuir con un mejor entorno social a trav\u00e9s de acciones socialmente responsables. SANTO DOMINGO, Rep\u00fablica Dominicana. &#8211;&nbsp;&nbsp;&nbsp;Grupo SID desarrolla un amplio programa de inversi\u00f3n social a favor de las comunidades, las familias, el arte, [&hellip;]<\/p>\n","protected":false},"author":28,"featured_media":383916,"comment_status":"closed","ping_status":"","sticky":true,"template":"","format":"standard","meta":{"footnotes":""},"categories":[36,27],"tags":[],"class_list":["post-383913","post","type-post","status-publish","format-standard","has-post-thumbnail","hentry","category-hombresmujeresycosas","category-portada"],"_links":{"self":[{"href":"https:\/\/diariodominicano.com\/index.php?rest_route=\/wp\/v2\/posts\/383913","targetHints":{"allow":["GET"]}}],"collection":[{"href":"https:\/\/diariodominicano.com\/index.php?rest_route=\/wp\/v2\/posts"}],"about":[{"href":"https:\/\/diariodominicano.com\/index.php?rest_route=\/wp\/v2\/types\/post"}],"author":[{"embeddable":true,"href":"https:\/\/diariodominicano.com\/index.php?rest_route=\/wp\/v2\/users\/28"}],"replies":[{"embeddable":true,"href":"https:\/\/diariodominicano.com\/index.php?rest_route=%2Fwp%2Fv2%2Fcomments&post=383913"}],"version-history":[{"count":2,"href":"https:\/\/diariodominicano.com\/index.php?rest_route=\/wp\/v2\/posts\/383913\/revisions"}],"predecessor-version":[{"id":383919,"href":"https:\/\/diariodominicano.com\/index.php?rest_route=\/wp\/v2\/posts\/383913\/revisions\/383919"}],"wp:featuredmedia":[{"embeddable":true,"href":"https:\/\/diariodominicano.com\/index.php?rest_route=\/wp\/v2\/media\/383916"}],"wp:attachment":[{"href":"https:\/\/diariodominicano.com\/index.php?rest_route=%2Fwp%2Fv2%2Fmedia&parent=383913"}],"wp:term":[{"taxonomy":"category","embeddable":true,"href":"https:\/\/diariodominicano.com\/index.php?rest_route=%2Fwp%2Fv2%2Fcategories&post=383913"},{"taxonomy":"post_tag","embeddable":true,"href":"https:\/\/diariodominicano.com\/index.php?rest_route=%2Fwp%2Fv2%2Ftags&post=383913"}],"curies":[{"name":"wp","href":"https:\/\/api.w.org\/{rel}","templated":true}]}}