{"id":383830,"date":"2022-09-18T16:20:37","date_gmt":"2022-09-18T20:20:37","guid":{"rendered":"http:\/\/diariodominicano.com\/?p=383830"},"modified":"2022-09-18T16:20:37","modified_gmt":"2022-09-18T20:20:37","slug":"recuerdan-en-cuba-viaje-del-primer-cosmonauta-de-america-latina","status":"publish","type":"post","link":"https:\/\/diariodominicano.com\/?p=383830","title":{"rendered":"Recuerdan en Cuba viaje del primer cosmonauta de Am\u00e9rica Latina"},"content":{"rendered":"\n<p>La Habana, 18 sep (Prensa Latina ) Los cubanos recuerdan hoy uno de los hechos m\u00e1s sobresaliente de la historia de la naci\u00f3n caribe\u00f1a y de Latinoam\u00e9rica, el viaje al cosmos realizado hace 42 a\u00f1os por el cosmonauta Arnaldo Tamayo.&nbsp;&nbsp;&nbsp;&nbsp;<\/p>\n\n\n\n<ul class=\"wp-block-list\"><li>septiembre 18, 2022<\/li><li>CDT00:04 (GMT) -0400<\/li><\/ul>\n\n\n\n<ul class=\"wp-block-list\"><li><a href=\"https:\/\/www.prensa-latina.cu\/author\/joe\">Por:&nbsp;Joel Michel Varona<\/a><\/li><\/ul>\n\n\n\n<p>Un d\u00eda como hoy, pero de 1980, Tamayo -oriundo de la oriental provincia de Guant\u00e1namo- parti\u00f3 al espacio como parte de una tripulaci\u00f3n conjunta cubano-sovi\u00e9tica.<\/p>\n\n\n\n<p>Seg\u00fan apuntes hist\u00f3ricos, el cohete portador que colocar\u00eda en \u00f3rbita la nave Soyuz 38 comenz\u00f3 su trayectoria desde el cosm\u00f3dromo de Baikonur, en Kazajast\u00e1n, y esta realiz\u00f3 el vuelo hacia el complejo orbital Saliut seis.<\/p>\n\n\n\n<p>En ese punto, Tamayo y su colega de misi\u00f3n, Yuri V. Romanenko, se reunieron con la tripulaci\u00f3n residente de esa estaci\u00f3n, integrada por los cosmonautas Leonid Popov y Valeri Riumin.<\/p>\n\n\n\n<p>Gran parte del programa de investigaciones de la misi\u00f3n fue preparado por la Academia de Ciencias de Cuba y comprend\u00eda tareas cient\u00edficas como el cultivo de los primeros monocristales org\u00e1nicos en microgravedad, utilizando az\u00facar cubano.<\/p>\n\n\n\n<p>Tambi\u00e9n fueron efectuados experimentos m\u00e9dico-biol\u00f3gicos, algunos de ellos sobre las causas del s\u00edndrome de adaptaci\u00f3n al espacio, adem\u00e1s de la exploraci\u00f3n de la isla caribe\u00f1a desde el espacio y su plataforma continental en la b\u00fasqueda de minerales y posibles yacimientos petrol\u00edferos.<\/p>\n\n\n\n<p>Concluido el programa de investigaciones, los cosmonautas trasladaron al m\u00f3dulo de descenso los materiales de los experimentos e investigaciones y regresaron a la tierra el 26 de septiembre de 1980.<\/p>\n\n\n\n<p>A su regreso fue condecorado con la primera medalla honor\u00edfica de H\u00e9roe de la Rep\u00fablica de Cuba y en Mosc\u00fa recibi\u00f3 la Orden de Lenin y la Estrella de Oro de H\u00e9roe de la Uni\u00f3n Sovi\u00e9tica, condecoraci\u00f3n otorgada por el gobierno sovi\u00e9tico.<\/p>\n\n\n\n<p>Al comparecer en el programa Pasaje a lo desconocido de la televisi\u00f3n cubana, Tamayo explic\u00f3 que recibi\u00f3 un fuerte entrenamiento te\u00f3rico y pr\u00e1ctico por espacio de dos a\u00f1os y medio.<\/p>\n\n\n\n<p>Puntualiz\u00f3 que hay ejercicios que no se pueden simular como la falta de gravedad.<\/p>\n\n\n\n<p>Cuando se le pregunt\u00f3 como durmi\u00f3 en el espacio relat\u00f3 que en el cosmos \u00abno hay arriba, ni abajo, ni derecha, ni izquierda, y el movimiento es independiente al de la tierra\u00bb, puedes descansar en una pared de la nave, en el techo o en el piso.<\/p>\n\n\n\n<p>Esto -aclar\u00f3- se hace con un saco de dormir y aguantado por un hilo que cuando se tensa impide que el flujo del aire interior de la nave no te mueva.<\/p>\n\n\n\n<p>\u00abEl periodo de rotaci\u00f3n es a una velocidad de ocho mil kil\u00f3metros por hora, que es la primera velocidad orbital, y demora nada m\u00e1s y nada menos que 90 minutos, es decir que en hora y media se le da la vuelta a la Tierra\u00bb, se\u00f1al\u00f3 Tamayo.<\/p>\n\n\n\n<p>Entonces ser\u00eda 53 minutos de d\u00eda y 37 de noche, pero nosotros establecimos en la nave el horario terrestre de Mosc\u00fa, Rusia, dijo el general de Brigada de la reserva.<\/p>\n\n\n\n<p>En una oportunidad, el primer cosmonauta latinoamericano declar\u00f3 a Prensa Latina que los que tuvieron el privilegio de contemplar la peque\u00f1a Tierra desde el espacio est\u00e1n conscientes de la necesidad de su cuidado.<\/p>\n\n\n\n<p>Asegur\u00f3 que la Tierra es una nave espacial que lleva a bordo a millones de habitantes, y de no protegerla desapareceremos como especie.<\/p>\n\n\n\n<p>Subray\u00f3 que el vuelo espacial a bordo de la Sayuz-38 con su colega Romanenko -promovido por el programa Intercosmos- no fue una haza\u00f1a personal, sino un triunfo de la mayor de las Antillas y de Am\u00e9rica Latina.<\/p>\n\n\n\n<p>El 18 de septiembre de 1980 Cuba se convirti\u00f3 en el noveno pa\u00eds en enviar una persona al cosmos desde el cosm\u00f3dromo de Baikonur en la extinta Uni\u00f3n Sovi\u00e9tica.<\/p>\n\n\n\n<p>mem\/joe<\/p>\n","protected":false},"excerpt":{"rendered":"<p>La Habana, 18 sep (Prensa Latina ) Los cubanos recuerdan hoy uno de los hechos m\u00e1s sobresaliente de la historia de la naci\u00f3n caribe\u00f1a y de Latinoam\u00e9rica, el viaje al cosmos realizado hace 42 a\u00f1os por el cosmonauta Arnaldo Tamayo.&nbsp;&nbsp;&nbsp;&nbsp; septiembre 18, 2022 CDT00:04 (GMT) -0400 Por:&nbsp;Joel Michel Varona Un d\u00eda como hoy, pero de [&hellip;]<\/p>\n","protected":false},"author":28,"featured_media":383831,"comment_status":"closed","ping_status":"","sticky":false,"template":"","format":"standard","meta":{"footnotes":""},"categories":[26,23],"tags":[],"class_list":["post-383830","post","type-post","status-publish","format-standard","has-post-thumbnail","hentry","category-efemerides","category-internacional"],"_links":{"self":[{"href":"https:\/\/diariodominicano.com\/index.php?rest_route=\/wp\/v2\/posts\/383830","targetHints":{"allow":["GET"]}}],"collection":[{"href":"https:\/\/diariodominicano.com\/index.php?rest_route=\/wp\/v2\/posts"}],"about":[{"href":"https:\/\/diariodominicano.com\/index.php?rest_route=\/wp\/v2\/types\/post"}],"author":[{"embeddable":true,"href":"https:\/\/diariodominicano.com\/index.php?rest_route=\/wp\/v2\/users\/28"}],"replies":[{"embeddable":true,"href":"https:\/\/diariodominicano.com\/index.php?rest_route=%2Fwp%2Fv2%2Fcomments&post=383830"}],"version-history":[{"count":1,"href":"https:\/\/diariodominicano.com\/index.php?rest_route=\/wp\/v2\/posts\/383830\/revisions"}],"predecessor-version":[{"id":383832,"href":"https:\/\/diariodominicano.com\/index.php?rest_route=\/wp\/v2\/posts\/383830\/revisions\/383832"}],"wp:featuredmedia":[{"embeddable":true,"href":"https:\/\/diariodominicano.com\/index.php?rest_route=\/wp\/v2\/media\/383831"}],"wp:attachment":[{"href":"https:\/\/diariodominicano.com\/index.php?rest_route=%2Fwp%2Fv2%2Fmedia&parent=383830"}],"wp:term":[{"taxonomy":"category","embeddable":true,"href":"https:\/\/diariodominicano.com\/index.php?rest_route=%2Fwp%2Fv2%2Fcategories&post=383830"},{"taxonomy":"post_tag","embeddable":true,"href":"https:\/\/diariodominicano.com\/index.php?rest_route=%2Fwp%2Fv2%2Ftags&post=383830"}],"curies":[{"name":"wp","href":"https:\/\/api.w.org\/{rel}","templated":true}]}}