{"id":383811,"date":"2022-09-18T09:28:53","date_gmt":"2022-09-18T13:28:53","guid":{"rendered":"http:\/\/diariodominicano.com\/?p=383811"},"modified":"2022-09-18T09:28:53","modified_gmt":"2022-09-18T13:28:53","slug":"muere-el-historiador-y-medico-alcides-garcia-lluberes","status":"publish","type":"post","link":"https:\/\/diariodominicano.com\/?p=383811","title":{"rendered":"Muere el historiador y m\u00e9dico Alcides Garc\u00eda Lluberes"},"content":{"rendered":"\n<p>SANTO DOMINGO, el&nbsp; 18 de septiembre de 1967, muri\u00f3 en la ciudad de Santo Domingo el historiador y m\u00e9dico, Alcides Garc\u00eda Lluberes. Entre sus obras se destacan&nbsp;&nbsp; \u00abBan\u00ed\u00bb,&nbsp; 1944,&nbsp; \u00abDuarte y otros temas\u00bb, y&nbsp; \u00abNuestros Primeros Escritores\u00bb, 1954.<\/p>\n\n\n\n<p>&nbsp;&nbsp;&nbsp;&nbsp; Alcides Garc\u00eda Lluberes, quien era hijo del historiador Jos\u00e9 Gabriel Garc\u00eda, hab\u00eda nacido en la ciudad de Santo Domingo, el 15 de abril&nbsp; de 1889.<\/p>\n\n\n\n<p>&nbsp;&nbsp;&nbsp; Aun cuando&nbsp; era m\u00e9dico de profesi\u00f3n le dedic\u00f3 mucho tiempo a las investigaciones hist\u00f3ricas&nbsp; y al magisterio.<\/p>\n\n\n\n<p>&nbsp;&nbsp;&nbsp; Durante la ocupaci\u00f3n militar de Estados Unidos&nbsp; -1916-1924- fue una de&nbsp; las voces que&nbsp; conden\u00f3 la violaci\u00f3n de la soberan\u00eda nacional.<\/p>\n\n\n\n<p>&nbsp;&nbsp; Asimismo, fue&nbsp; un opositor a la tiran\u00eda de Trujillo, por lo que fue vejado&nbsp; y detenido en varias ocasiones.<\/p>\n\n\n\n<p>&nbsp;&nbsp; Cuando muri\u00f3 el 18 de septiembre de 1967, el historiador&nbsp; Alcides Garc\u00eda Lluberes dej\u00f3 inconclusa&nbsp; la revisi\u00f3n de la obra de su padre Jos\u00e9 Gabriel Garc\u00eda,&nbsp; \u00abCompendio de Historia de Santo Domingo\u00bb, para publicar la cuarta edici\u00f3n<\/p>\n","protected":false},"excerpt":{"rendered":"<p>SANTO DOMINGO, el&nbsp; 18 de septiembre de 1967, muri\u00f3 en la ciudad de Santo Domingo el historiador y m\u00e9dico, Alcides Garc\u00eda Lluberes. Entre sus obras se destacan&nbsp;&nbsp; \u00abBan\u00ed\u00bb,&nbsp; 1944,&nbsp; \u00abDuarte y otros temas\u00bb, y&nbsp; \u00abNuestros Primeros Escritores\u00bb, 1954. &nbsp;&nbsp;&nbsp;&nbsp; Alcides Garc\u00eda Lluberes, quien era hijo del historiador Jos\u00e9 Gabriel Garc\u00eda, hab\u00eda nacido en la ciudad [&hellip;]<\/p>\n","protected":false},"author":28,"featured_media":323764,"comment_status":"closed","ping_status":"","sticky":true,"template":"","format":"standard","meta":{"footnotes":""},"categories":[26,27],"tags":[],"class_list":["post-383811","post","type-post","status-publish","format-standard","has-post-thumbnail","hentry","category-efemerides","category-portada"],"_links":{"self":[{"href":"https:\/\/diariodominicano.com\/index.php?rest_route=\/wp\/v2\/posts\/383811","targetHints":{"allow":["GET"]}}],"collection":[{"href":"https:\/\/diariodominicano.com\/index.php?rest_route=\/wp\/v2\/posts"}],"about":[{"href":"https:\/\/diariodominicano.com\/index.php?rest_route=\/wp\/v2\/types\/post"}],"author":[{"embeddable":true,"href":"https:\/\/diariodominicano.com\/index.php?rest_route=\/wp\/v2\/users\/28"}],"replies":[{"embeddable":true,"href":"https:\/\/diariodominicano.com\/index.php?rest_route=%2Fwp%2Fv2%2Fcomments&post=383811"}],"version-history":[{"count":1,"href":"https:\/\/diariodominicano.com\/index.php?rest_route=\/wp\/v2\/posts\/383811\/revisions"}],"predecessor-version":[{"id":383812,"href":"https:\/\/diariodominicano.com\/index.php?rest_route=\/wp\/v2\/posts\/383811\/revisions\/383812"}],"wp:featuredmedia":[{"embeddable":true,"href":"https:\/\/diariodominicano.com\/index.php?rest_route=\/wp\/v2\/media\/323764"}],"wp:attachment":[{"href":"https:\/\/diariodominicano.com\/index.php?rest_route=%2Fwp%2Fv2%2Fmedia&parent=383811"}],"wp:term":[{"taxonomy":"category","embeddable":true,"href":"https:\/\/diariodominicano.com\/index.php?rest_route=%2Fwp%2Fv2%2Fcategories&post=383811"},{"taxonomy":"post_tag","embeddable":true,"href":"https:\/\/diariodominicano.com\/index.php?rest_route=%2Fwp%2Fv2%2Ftags&post=383811"}],"curies":[{"name":"wp","href":"https:\/\/api.w.org\/{rel}","templated":true}]}}