{"id":383809,"date":"2022-09-18T09:26:06","date_gmt":"2022-09-18T13:26:06","guid":{"rendered":"http:\/\/diariodominicano.com\/?p=383809"},"modified":"2022-09-18T09:26:06","modified_gmt":"2022-09-18T13:26:06","slug":"rafael-tomas-fernandez-dominguez-militar-y-defensor-de-la-constitucion-de-la-republica","status":"publish","type":"post","link":"https:\/\/diariodominicano.com\/?p=383809","title":{"rendered":"Rafael Tom\u00e1s Fern\u00e1ndez Dom\u00ednguez: militar y defensor de la Constituci\u00f3n de la Rep\u00fablica"},"content":{"rendered":"\n<p>\u00a0Por H\u00e9ctor Tineo Nolasco<\/p>\n\n\n\n<p>Diariodominicano.com<\/p>\n\n\n\n<p> DAMAJAGUA, Provincia Valverde, el\u00a0 18 de septiembre de 1934, naci\u00f3 en la comunidad Damajagua de la provincia Valverde, Rafael Tom\u00e1s Fern\u00e1ndez Dom\u00ednguez, quien se distingui\u00f3 como militar y defensor de la Constituci\u00f3n de la Rep\u00fablica. Fueron sus padres el general del Ej\u00e9rcito Nacional, Ludovino Fern\u00e1ndez y la se\u00f1ora Erminda Dom\u00ednguez.<\/p>\n\n\n\n<p>&nbsp;&nbsp;&nbsp;&nbsp; De&nbsp; joven se interes\u00f3 por la carrera militar. El 17 de marzo de 1953, a&nbsp; los 19 a\u00f1os abandon\u00f3 los estudios de ingenier\u00eda en la Universidad de Santo Domingo e ingres\u00f3 al Ej\u00e9rcito Nacional como raso. Tom\u00f3 la decisi\u00f3n en contra del deseo de su padre, quien prefer\u00eda que siguiera sus estudios universitarios.<\/p>\n\n\n\n<p>&nbsp;&nbsp;&nbsp;&nbsp;&nbsp; Al poco tiempo ingres\u00f3 a la Escuela de Cadetes donde se gradu\u00f3 en Ciencias Militares. El 22 de agosto de 1955 fue ascendido a Segundo Teniente.<\/p>\n\n\n\n<p>&nbsp;&nbsp;&nbsp;&nbsp; En 1957, Rafael Fern\u00e1ndez Dom\u00ednguez hizo un curso de \u201cComputaciones Geod\u00e9sicas\u201d, en la Escuela Cartogr\u00e1fica Fort Clayton, en la Zona del Canal de Panam\u00e1.<\/p>\n\n\n\n<p>&nbsp;&nbsp;&nbsp; En febrero de 1958, fue transferido del Ej\u00e9rcito Nacional a Aviaci\u00f3n Militar Dominicana. All\u00ed estuvo asignado a la Tercera y Quinta Compa\u00f1\u00edas de Fusileros, a la Compa\u00f1\u00eda de Tanques y en la Academia Batalla de Las Carreras, encargado de la biblioteca.<\/p>\n\n\n\n<p>&nbsp;&nbsp;&nbsp; En abril de 1959, Rafael Fern\u00e1ndez Dom\u00ednguez&nbsp; fue ascendido a Primer Teniente y el 25 de agosto de ese mismo a\u00f1o fue ascendido a Capit\u00e1n y prest\u00f3 servicios en la Bater\u00eda de Morteros del Centro de Ense\u00f1anza de las Fuerzas Armadas.<\/p>\n\n\n\n<p>&nbsp;&nbsp;&nbsp;&nbsp; Fue de los oficiales que se resisti\u00f3 a participar en acciones represivas contra los presos pol\u00edticos&nbsp; que eran recluidos en las c\u00e1rceles del 9 y la 40 por disposici\u00f3n de la dictadura de Trujillo.<\/p>\n\n\n\n<p>&nbsp;&nbsp;&nbsp; Cuando cay\u00f3 la dictadura de Trujillo,&nbsp; Rafael Fern\u00e1ndez Dom\u00ednguez contribuy\u00f3 a que el pa\u00eds tomara la v\u00eda democr\u00e1tica.<\/p>\n\n\n\n<p>&nbsp;&nbsp;&nbsp;&nbsp; Durante el Gobierno ef\u00edmero del Presidente Juan Bosch, fue un militar obediente al poder civil y el 15 de junio de 1963, fue nombrado director de la Academia Militar Batalla de Las Carreras.<\/p>\n\n\n\n<p>&nbsp;&nbsp;&nbsp;&nbsp; El presidente Juan Bosch fue electo el 20 de&nbsp; diciembre de 1962, en los primeros comicios democr\u00e1ticos celebrados en el pa\u00eds despu\u00e9s de la ca\u00edda de la dictadura de Trujillo. Tom\u00f3 posesi\u00f3n el 27 de febrero de 1963 para un per\u00edodo de cuatro a\u00f1os, pero fue derrocado el 25 de septiembre de ese a\u00f1o.<\/p>\n\n\n\n<p>&nbsp;&nbsp;&nbsp;&nbsp; Al coronel Rafael Fern\u00e1ndez Dom\u00ednguez le toc\u00f3 encabezar el Movimiento Militar Constitucionalista, que ten\u00eda como objetivo luchar por la restauraci\u00f3n del Gobierno Constitucional.<\/p>\n\n\n\n<p>El 19 de Mayo de 1965, muri\u00f3&nbsp; en una emboscada que tendieron tropas del Gobierno de&nbsp; Estados Unidos del presidente Lindon B Jhonson.&nbsp; En ese momento el&nbsp; coronel Rafael Fern\u00e1ndez Dom\u00ednguez, era el l\u00edder de los militares que lucharon por el retorno del presidente constitucional, profesor&nbsp; Juan Bosch.<\/p>\n\n\n\n<p>&nbsp;&nbsp; Desde que Juan Bosch fue derrocado el 25 de septiembre de 1965, el coronel Fern\u00e1ndez Dom\u00ednguez y otros militares iniciaron un plan para acabar con el Gobierno de facto del Triunvirato y restaurar el Gobierno constitucional interrumpido en 1963.<\/p>\n\n\n\n<p>&nbsp;&nbsp;&nbsp; En la guerra de Abril de 1965, Rafael Fern\u00e1ndez Dom\u00ednguez desempe\u00f1\u00f3 un papel de primera l\u00ednea y muri\u00f3&nbsp; cuando se dirig\u00eda a tomar el&nbsp; Palacio Nacional y fue sorprendido por una emboscada que tendieron los militares estadounidenses.<\/p>\n\n\n\n<p>&nbsp;&nbsp;&nbsp; El cuerpo sin vida de Fern\u00e1ndez Dom\u00ednguez cay\u00f3 en la calle 30 de Marzo, en la intersecci\u00f3n con la calle Abreu, en el sector San Carlos de la Capital,&nbsp; el 19 de Mayo de 1965.<\/p>\n","protected":false},"excerpt":{"rendered":"<p>\u00a0Por H\u00e9ctor Tineo Nolasco Diariodominicano.com DAMAJAGUA, Provincia Valverde, el\u00a0 18 de septiembre de 1934, naci\u00f3 en la comunidad Damajagua de la provincia Valverde, Rafael Tom\u00e1s Fern\u00e1ndez Dom\u00ednguez, quien se distingui\u00f3 como militar y defensor de la Constituci\u00f3n de la Rep\u00fablica. Fueron sus padres el general del Ej\u00e9rcito Nacional, Ludovino Fern\u00e1ndez y la se\u00f1ora Erminda Dom\u00ednguez. [&hellip;]<\/p>\n","protected":false},"author":28,"featured_media":277066,"comment_status":"closed","ping_status":"","sticky":true,"template":"","format":"standard","meta":{"footnotes":""},"categories":[26,27],"tags":[],"class_list":["post-383809","post","type-post","status-publish","format-standard","has-post-thumbnail","hentry","category-efemerides","category-portada"],"_links":{"self":[{"href":"https:\/\/diariodominicano.com\/index.php?rest_route=\/wp\/v2\/posts\/383809","targetHints":{"allow":["GET"]}}],"collection":[{"href":"https:\/\/diariodominicano.com\/index.php?rest_route=\/wp\/v2\/posts"}],"about":[{"href":"https:\/\/diariodominicano.com\/index.php?rest_route=\/wp\/v2\/types\/post"}],"author":[{"embeddable":true,"href":"https:\/\/diariodominicano.com\/index.php?rest_route=\/wp\/v2\/users\/28"}],"replies":[{"embeddable":true,"href":"https:\/\/diariodominicano.com\/index.php?rest_route=%2Fwp%2Fv2%2Fcomments&post=383809"}],"version-history":[{"count":1,"href":"https:\/\/diariodominicano.com\/index.php?rest_route=\/wp\/v2\/posts\/383809\/revisions"}],"predecessor-version":[{"id":383810,"href":"https:\/\/diariodominicano.com\/index.php?rest_route=\/wp\/v2\/posts\/383809\/revisions\/383810"}],"wp:featuredmedia":[{"embeddable":true,"href":"https:\/\/diariodominicano.com\/index.php?rest_route=\/wp\/v2\/media\/277066"}],"wp:attachment":[{"href":"https:\/\/diariodominicano.com\/index.php?rest_route=%2Fwp%2Fv2%2Fmedia&parent=383809"}],"wp:term":[{"taxonomy":"category","embeddable":true,"href":"https:\/\/diariodominicano.com\/index.php?rest_route=%2Fwp%2Fv2%2Fcategories&post=383809"},{"taxonomy":"post_tag","embeddable":true,"href":"https:\/\/diariodominicano.com\/index.php?rest_route=%2Fwp%2Fv2%2Ftags&post=383809"}],"curies":[{"name":"wp","href":"https:\/\/api.w.org\/{rel}","templated":true}]}}