{"id":383785,"date":"2022-09-18T08:49:23","date_gmt":"2022-09-18T12:49:23","guid":{"rendered":"http:\/\/diariodominicano.com\/?p=383785"},"modified":"2022-09-18T08:50:21","modified_gmt":"2022-09-18T12:50:21","slug":"con-el-apoyo-de-la-orden-de-malta-tony-pena-y-cruz-jiminian-reserva-de-la-policia-realiza-operativo-medico-en-azua","status":"publish","type":"post","link":"https:\/\/diariodominicano.com\/?p=383785","title":{"rendered":"Con el apoyo de la Orden de Malta, Tony Pe\u00f1a y Cruz Jimini\u00e1n: Reserva de la Polic\u00eda realiza operativo m\u00e9dico en Azua"},"content":{"rendered":"\n<p><\/p>\n\n\n\n<p>Reserva de la Polic\u00eda realiza operativo m\u00e9dico en Azua beneficiando a decenas de pensionados, familiares y activos<\/p>\n\n\n\n<figure class=\"wp-block-image size-full\"><img loading=\"lazy\" decoding=\"async\" width=\"1000\" height=\"750\" src=\"https:\/\/diariodominicano.com\/wp-content\/uploads\/2022\/09\/OPERATIVO-01.jpeg\" alt=\"\" class=\"wp-image-383788\" srcset=\"https:\/\/diariodominicano.com\/wp-content\/uploads\/2022\/09\/OPERATIVO-01.jpeg 1000w, https:\/\/diariodominicano.com\/wp-content\/uploads\/2022\/09\/OPERATIVO-01-300x225.jpeg 300w, https:\/\/diariodominicano.com\/wp-content\/uploads\/2022\/09\/OPERATIVO-01-768x576.jpeg 768w, https:\/\/diariodominicano.com\/wp-content\/uploads\/2022\/09\/OPERATIVO-01-816x612.jpeg 816w\" sizes=\"auto, (max-width: 1000px) 100vw, 1000px\" \/><\/figure>\n\n\n\n<p>Por Jos\u00e9 A Thomas.<\/p>\n\n\n\n<p>Azua. Con el apoyo de diversas instituciones nacionales y extranjeras la Direcci\u00f3n de Reservas de la Polic\u00eda realiz\u00f3 este fin de semana un operativo m\u00e9dico en este municipio beneficiando a decenas de pensionados y sus familiares y activos que recibieron consultas y medicinas gratis, en cuya actividad particip\u00f3 el equipo m\u00e9dico dirigido por el coronel doctor Ciriaco Oviedo y el personal de enfermer\u00eda y farmacia.<\/p>\n\n\n\n<p>Mariano Mad\u00e9 Ram\u00edrez, director de la entidad, agradeci\u00f3 el apoyo del presidente Luis Abinader, del director de la Polic\u00eda, Eduardo Alberto Then, del director del Gabinete de Pol\u00edticas Sociales, Tony Pe\u00f1a Guaba, de la fundaci\u00f3n religiosa Orden de Malta, del doctor Antonio Cruz Jimini\u00e1n y del gerente de los Laboratorios Lam, Brandali Marchena, por su contribuci\u00f3n con el \u00e9xito de la actividad.<\/p>\n\n\n\n<p>\u201cEstos operativos m\u00e9dicos los realizamos en el territorio nacional con el prop\u00f3sito de que los pensionados tengan una mejor calidad de vida. Adem\u00e1s, peri\u00f3dicamente entregamos medicamentos a pensionados en sus casas sin importar la distancia que tengamos que recorrer\u201d, dijo Mad\u00e9 Ram\u00edrez.Mad\u00e9 Ram\u00edrez agradeci\u00f3 la colaboraci\u00f3n del Hospital General Docente de La Polic\u00eda, del &nbsp;comandante del Cuerpo de Bomberos de Azua, general \u00c1ngel Dar\u00edo P\u00e9rez Damiato, del comandante de policial de Azua, coronel Francisco Valenzuela y Valenzuela, y al coronel de la Polic\u00eda, Iv\u00e1n Matos.<\/p>\n","protected":false},"excerpt":{"rendered":"<p>Reserva de la Polic\u00eda realiza operativo m\u00e9dico en Azua beneficiando a decenas de pensionados, familiares y activos Por Jos\u00e9 A Thomas. Azua. Con el apoyo de diversas instituciones nacionales y extranjeras la Direcci\u00f3n de Reservas de la Polic\u00eda realiz\u00f3 este fin de semana un operativo m\u00e9dico en este municipio beneficiando a decenas de pensionados y [&hellip;]<\/p>\n","protected":false},"author":28,"featured_media":383786,"comment_status":"closed","ping_status":"","sticky":true,"template":"","format":"standard","meta":{"footnotes":""},"categories":[36,27],"tags":[],"class_list":["post-383785","post","type-post","status-publish","format-standard","has-post-thumbnail","hentry","category-hombresmujeresycosas","category-portada"],"_links":{"self":[{"href":"https:\/\/diariodominicano.com\/index.php?rest_route=\/wp\/v2\/posts\/383785","targetHints":{"allow":["GET"]}}],"collection":[{"href":"https:\/\/diariodominicano.com\/index.php?rest_route=\/wp\/v2\/posts"}],"about":[{"href":"https:\/\/diariodominicano.com\/index.php?rest_route=\/wp\/v2\/types\/post"}],"author":[{"embeddable":true,"href":"https:\/\/diariodominicano.com\/index.php?rest_route=\/wp\/v2\/users\/28"}],"replies":[{"embeddable":true,"href":"https:\/\/diariodominicano.com\/index.php?rest_route=%2Fwp%2Fv2%2Fcomments&post=383785"}],"version-history":[{"count":3,"href":"https:\/\/diariodominicano.com\/index.php?rest_route=\/wp\/v2\/posts\/383785\/revisions"}],"predecessor-version":[{"id":383790,"href":"https:\/\/diariodominicano.com\/index.php?rest_route=\/wp\/v2\/posts\/383785\/revisions\/383790"}],"wp:featuredmedia":[{"embeddable":true,"href":"https:\/\/diariodominicano.com\/index.php?rest_route=\/wp\/v2\/media\/383786"}],"wp:attachment":[{"href":"https:\/\/diariodominicano.com\/index.php?rest_route=%2Fwp%2Fv2%2Fmedia&parent=383785"}],"wp:term":[{"taxonomy":"category","embeddable":true,"href":"https:\/\/diariodominicano.com\/index.php?rest_route=%2Fwp%2Fv2%2Fcategories&post=383785"},{"taxonomy":"post_tag","embeddable":true,"href":"https:\/\/diariodominicano.com\/index.php?rest_route=%2Fwp%2Fv2%2Ftags&post=383785"}],"curies":[{"name":"wp","href":"https:\/\/api.w.org\/{rel}","templated":true}]}}