{"id":383782,"date":"2022-09-18T08:45:58","date_gmt":"2022-09-18T12:45:58","guid":{"rendered":"http:\/\/diariodominicano.com\/?p=383782"},"modified":"2022-09-18T08:45:58","modified_gmt":"2022-09-18T12:45:58","slug":"celebra-chile-212-anos-del-inicio-del-proceso-independentista","status":"publish","type":"post","link":"https:\/\/diariodominicano.com\/?p=383782","title":{"rendered":"Celebra Chile 212 a\u00f1os del inicio del proceso independentista"},"content":{"rendered":"\n<p>Santiago de Chile, 18 Sep (Prensa Latina) Chile celebra hoy las Fiestas Patrias en conmemoraci\u00f3n del aniversario 212 de la primera Junta Nacional de Gobierno, que dio inicio al proceso hacia su definitiva independencia de la corona espa\u00f1ola.&nbsp;&nbsp;&nbsp;&nbsp;<\/p>\n\n\n\n<ul class=\"wp-block-list\"><li>septiembre 18, 2022<\/li><li>CDT00:02 (GMT) -0400<\/li><\/ul>\n\n\n\n<p>Conocido popularmente como el 18, este evento es el m\u00e1s esperado por los chilenos durante el a\u00f1o y se festeja tanto en las casas como en las fondas, donde familiares y amigos disfrutan de comidas y bebidas tradicionales.<\/p>\n\n\n\n<p>En el capitalino Parque O\u2019Higgins, uno de los sitios de celebraci\u00f3n m\u00e1s emblem\u00e1ticos del pa\u00eds en el mes de la patria, miles de personas se re\u00fanen para degustar platillos t\u00edpicos como las empanadas, los asados y la chicha al son del baile nacional: la cueca.<\/p>\n\n\n\n<p>Con motivo de la efem\u00e9rides, el presidente chileno, Gabriel Boric, participar\u00e1 este domingo en el Te Deum Ecum\u00e9nico de Acci\u00f3n de Gracias en la Catedral Metropolitana, oficio religioso efectuado en Chile desde 1811 en el primer aniversario de la Junta Nacional de Gobierno.<\/p>\n\n\n\n<p>Durante la jornada tambi\u00e9n tendr\u00e1 lugar el llamado \u201cesquinazo de La Moneda\u201d, a cargo del grupo folcl\u00f3rico Ventisquero, integrado por trabajadores del palacio y que tiene como fin deleitar con su canto y baile a hogares de ancianos y de menores y encuentros de beneficencia.<\/p>\n\n\n\n<p>En horas de la noche habr\u00e1 una funci\u00f3n de gala en el Teatro Municipal de Santiago, donde se presentar\u00e1 el ballet y \u00f3pera Noche de Primavera.<\/p>\n\n\n\n<p>Este a\u00f1o las celebraciones tienen una connotaci\u00f3n especial, porque se reanudan despu\u00e9s de dos a\u00f1os de pausa por la pandemia de la Covid-19.<\/p>\n\n\n\n<p>Aunque el pa\u00eds alcanz\u00f3 su independencia el 12 de febrero de 1818, el 18 de septiembre de 1810 qued\u00f3 marcado como el inicio del camino hacia la soberan\u00eda y la consiguiente formaci\u00f3n de Chile como un estado naci\u00f3n.<\/p>\n\n\n\n<p>mem\/car<\/p>\n","protected":false},"excerpt":{"rendered":"<p>Santiago de Chile, 18 Sep (Prensa Latina) Chile celebra hoy las Fiestas Patrias en conmemoraci\u00f3n del aniversario 212 de la primera Junta Nacional de Gobierno, que dio inicio al proceso hacia su definitiva independencia de la corona espa\u00f1ola.&nbsp;&nbsp;&nbsp;&nbsp; septiembre 18, 2022 CDT00:02 (GMT) -0400 Conocido popularmente como el 18, este evento es el m\u00e1s esperado [&hellip;]<\/p>\n","protected":false},"author":28,"featured_media":383783,"comment_status":"closed","ping_status":"","sticky":true,"template":"","format":"standard","meta":{"footnotes":""},"categories":[26,23,27],"tags":[],"class_list":["post-383782","post","type-post","status-publish","format-standard","has-post-thumbnail","hentry","category-efemerides","category-internacional","category-portada"],"_links":{"self":[{"href":"https:\/\/diariodominicano.com\/index.php?rest_route=\/wp\/v2\/posts\/383782","targetHints":{"allow":["GET"]}}],"collection":[{"href":"https:\/\/diariodominicano.com\/index.php?rest_route=\/wp\/v2\/posts"}],"about":[{"href":"https:\/\/diariodominicano.com\/index.php?rest_route=\/wp\/v2\/types\/post"}],"author":[{"embeddable":true,"href":"https:\/\/diariodominicano.com\/index.php?rest_route=\/wp\/v2\/users\/28"}],"replies":[{"embeddable":true,"href":"https:\/\/diariodominicano.com\/index.php?rest_route=%2Fwp%2Fv2%2Fcomments&post=383782"}],"version-history":[{"count":1,"href":"https:\/\/diariodominicano.com\/index.php?rest_route=\/wp\/v2\/posts\/383782\/revisions"}],"predecessor-version":[{"id":383784,"href":"https:\/\/diariodominicano.com\/index.php?rest_route=\/wp\/v2\/posts\/383782\/revisions\/383784"}],"wp:featuredmedia":[{"embeddable":true,"href":"https:\/\/diariodominicano.com\/index.php?rest_route=\/wp\/v2\/media\/383783"}],"wp:attachment":[{"href":"https:\/\/diariodominicano.com\/index.php?rest_route=%2Fwp%2Fv2%2Fmedia&parent=383782"}],"wp:term":[{"taxonomy":"category","embeddable":true,"href":"https:\/\/diariodominicano.com\/index.php?rest_route=%2Fwp%2Fv2%2Fcategories&post=383782"},{"taxonomy":"post_tag","embeddable":true,"href":"https:\/\/diariodominicano.com\/index.php?rest_route=%2Fwp%2Fv2%2Ftags&post=383782"}],"curies":[{"name":"wp","href":"https:\/\/api.w.org\/{rel}","templated":true}]}}