{"id":383758,"date":"2022-09-17T09:18:03","date_gmt":"2022-09-17T13:18:03","guid":{"rendered":"http:\/\/diariodominicano.com\/?p=383758"},"modified":"2022-09-17T09:18:03","modified_gmt":"2022-09-17T13:18:03","slug":"angola-celebra-centenario-de-agostinho-neto-fotos","status":"publish","type":"post","link":"https:\/\/diariodominicano.com\/?p=383758","title":{"rendered":"Angola celebra centenario de Agostinho Neto (+Fotos)"},"content":{"rendered":"\n<p>Luanda, 17 sep (Prensa Latina) Angola celebra hoy el centenario del natalicio de su primer presidente, Ant\u00f3nio Agostinho Neto, cuyo legado sirve de inspiraci\u00f3n para los tiempos presentes.&nbsp;&nbsp;&nbsp;&nbsp;<\/p>\n\n\n\n<ul class=\"wp-block-list\"><li>septiembre 17, 2022<\/li><li>CDT05:04 (GMT) -0400<\/li><\/ul>\n\n\n\n<p>En mensaje por la efem\u00e9ride, el jefe de Estado y de Gobierno, Jo\u00e3o Louren\u00e7o, elogi\u00f3 el ideario pol\u00edtico y humanista del intelectual y patriota (17 de septiembre de 1922-10 de septiembre de 1979), a sabiendas de que \u00abtodos juntos podemos construir, en armon\u00eda y con compromiso, la Naci\u00f3n que ser\u00eda motivo de orgullo para su fundador\u201d.<\/p>\n\n\n\n<figure class=\"wp-block-image\"><img decoding=\"async\" src=\"https:\/\/www.prensa-latina.cu\/wp-content\/uploads\/2022\/09\/Neto2.jpg\" alt=\" angola-celebra-centenario-de-agostinho-neto\" class=\"wp-image-322606\"\/><\/figure>\n\n\n\n<p>Seguir el ejemplo de Neto significa mantener el compromiso de trabajar por una vida mejor en t\u00e9rminos de salud, educaci\u00f3n, vivienda, trabajo, cultura y ocio, consider\u00f3 el tambi\u00e9n l\u00edder del Movimiento Popular de Liberaci\u00f3n de Angola (MPLA), quien el pasado 24 de agosto result\u00f3 reelecto para un segundo mandato al frente del Estado y el Gobierno.<\/p>\n\n\n\n<p>En tal sentido, rememor\u00f3 la concepci\u00f3n del otrora estadista y dirigente del MPLA, que en lapidaria frase advirti\u00f3: \u201cLo m\u00e1s importante es resolver los problemas del pueblo\u201d.<\/p>\n\n\n\n<p>La fecha del 17 de septiembre invita a exaltar no solo las cualidades del \u201cluchador intransigente por la independencia, la libertad y el bienestar de todos los angole\u00f1os\u201d, sino tambi\u00e9n \u201cla visi\u00f3n prof\u00e9tica y movilizadora de su obra po\u00e9tica, el esp\u00edritu humanista y su vocaci\u00f3n solidaria e internacionalista\u201d, estim\u00f3.<\/p>\n\n\n\n<p>Ant\u00f3nio Agostinho Neto, agreg\u00f3, \u201cnos ense\u00f1\u00f3 a confiar en nuestra fuerza y en la justeza de nuestra lucha\u201d y a tener certeza en la victoria final, a pesar de los eventuales contratiempos en el proceso libertador.<\/p>\n\n\n\n<p>De igual forma destac\u00f3 la visi\u00f3n internacionalista del intelectual y combatiente revolucionario, que contribuy\u00f3 al fin del Apartheid y a la liberaci\u00f3n de \u00c1frica austral, e inst\u00f3 a trasmitir el legado de Neto a las nuevas generaciones.<\/p>\n\n\n\n<p>La Plaza de la Independencia, en Luanda, recibi\u00f3 esta semana la visita de personalidades nacionales y extranjeras, quienes llegaron a depositar ofrendas florales en merecido tributo al hijo ilustre de esta naci\u00f3n africana.<\/p>\n\n\n\n<figure class=\"wp-block-image\"><img decoding=\"async\" src=\"https:\/\/www.prensa-latina.cu\/wp-content\/uploads\/2022\/09\/Neto3.jpg\" alt=\" angola-celebra-centenario-de-agostinho-neto\" class=\"wp-image-322607\"\/><\/figure>\n\n\n\n<p>La delegaci\u00f3n de Cuba a la toma de posesi\u00f3n de Louren\u00e7o estuvo all\u00ed antes de regresar a La Habana, con el vicepresidente Salvador Vald\u00e9s al frente de la comitiva, que recibi\u00f3 un mensaje de saludo de la viuda del H\u00e9roe Nacional, Maria Eug\u00e9nia Neto.<\/p>\n\n\n\n<p>ro\/mjm<\/p>\n","protected":false},"excerpt":{"rendered":"<p>Luanda, 17 sep (Prensa Latina) Angola celebra hoy el centenario del natalicio de su primer presidente, Ant\u00f3nio Agostinho Neto, cuyo legado sirve de inspiraci\u00f3n para los tiempos presentes.&nbsp;&nbsp;&nbsp;&nbsp; septiembre 17, 2022 CDT05:04 (GMT) -0400 En mensaje por la efem\u00e9ride, el jefe de Estado y de Gobierno, Jo\u00e3o Louren\u00e7o, elogi\u00f3 el ideario pol\u00edtico y humanista del [&hellip;]<\/p>\n","protected":false},"author":28,"featured_media":383759,"comment_status":"closed","ping_status":"","sticky":false,"template":"","format":"standard","meta":{"footnotes":""},"categories":[26,23],"tags":[],"class_list":["post-383758","post","type-post","status-publish","format-standard","has-post-thumbnail","hentry","category-efemerides","category-internacional"],"_links":{"self":[{"href":"https:\/\/diariodominicano.com\/index.php?rest_route=\/wp\/v2\/posts\/383758","targetHints":{"allow":["GET"]}}],"collection":[{"href":"https:\/\/diariodominicano.com\/index.php?rest_route=\/wp\/v2\/posts"}],"about":[{"href":"https:\/\/diariodominicano.com\/index.php?rest_route=\/wp\/v2\/types\/post"}],"author":[{"embeddable":true,"href":"https:\/\/diariodominicano.com\/index.php?rest_route=\/wp\/v2\/users\/28"}],"replies":[{"embeddable":true,"href":"https:\/\/diariodominicano.com\/index.php?rest_route=%2Fwp%2Fv2%2Fcomments&post=383758"}],"version-history":[{"count":1,"href":"https:\/\/diariodominicano.com\/index.php?rest_route=\/wp\/v2\/posts\/383758\/revisions"}],"predecessor-version":[{"id":383760,"href":"https:\/\/diariodominicano.com\/index.php?rest_route=\/wp\/v2\/posts\/383758\/revisions\/383760"}],"wp:featuredmedia":[{"embeddable":true,"href":"https:\/\/diariodominicano.com\/index.php?rest_route=\/wp\/v2\/media\/383759"}],"wp:attachment":[{"href":"https:\/\/diariodominicano.com\/index.php?rest_route=%2Fwp%2Fv2%2Fmedia&parent=383758"}],"wp:term":[{"taxonomy":"category","embeddable":true,"href":"https:\/\/diariodominicano.com\/index.php?rest_route=%2Fwp%2Fv2%2Fcategories&post=383758"},{"taxonomy":"post_tag","embeddable":true,"href":"https:\/\/diariodominicano.com\/index.php?rest_route=%2Fwp%2Fv2%2Ftags&post=383758"}],"curies":[{"name":"wp","href":"https:\/\/api.w.org\/{rel}","templated":true}]}}