{"id":383730,"date":"2022-09-17T00:25:06","date_gmt":"2022-09-17T04:25:06","guid":{"rendered":"http:\/\/diariodominicano.com\/?p=383730"},"modified":"2022-09-17T00:35:45","modified_gmt":"2022-09-17T04:35:45","slug":"los-monarcas-mas-longevos-1-de-2","status":"publish","type":"post","link":"https:\/\/diariodominicano.com\/?p=383730","title":{"rendered":"LOS MONARCAS M\u00c1S LONGEVOS (1 de 2)"},"content":{"rendered":"\n<p>Isabel II<\/p>\n\n\n\n<p>POR TE\u00d3FILO LAPPOT ROBLES<\/p>\n\n\n\n<p>Antes de las revoluciones democr\u00e1ticas del siglo 18, envueltas en convulsiones pol\u00edticas, sociales y econ\u00f3micas, la instituci\u00f3n de la monarqu\u00eda era el r\u00e9gimen pol\u00edtico predominante en varios pa\u00edses de Europa, algunos de Asia, peque\u00f1os territorios insulares del Pac\u00edfico &nbsp;y en tribus de \u00c1frica. Hubo hasta reyes y emperadores de opereta.<\/p>\n\n\n\n<p>En este siglo 21 las monarqu\u00edas son r\u00e9moras del pasado. Pocos pa\u00edses las mantienen, generalmente atendiendo a supuestos motivos de pol\u00edtica interna.<\/p>\n\n\n\n<p>Hoy generalmente las funciones de algunos reyes y emperadores son protocolares y simb\u00f3licas, puesto que est\u00e1n enmarcadas en lo que en derecho constitucional se denomina monarqu\u00edas parlamentarias.<\/p>\n\n\n\n<p>Son poqu\u00edsimos los monarcas de hoy que tienen un poder real sobre sus s\u00fabditos. S\u00f3lo quedan unos pocos con mando directo en peque\u00f1os territorios insulares y uno que otro pa\u00eds de esos que viven socialmente en una especie de permanente \u201chibernaci\u00f3n\u201d, tom\u00e1ndole prestada aqu\u00ed esa palabra a la fisiolog\u00eda.<\/p>\n\n\n\n<p>Lo que antes la antropolog\u00eda defin\u00eda como creencia primitiva atribu\u00eda poderes divinos a los soberanos, primero bajo el supuesto de que eran en s\u00ed dioses y luego de que eran enviados de Dios.<\/p>\n\n\n\n<p>Se trataba de una codificaci\u00f3n elaborada para mantener alienadas a sociedades como las egipcia, japonesa y china, por ejemplo, que durante siglos sostuvieron que sus etnarcas eran \u201cHijos del Cielo.\u201d<\/p>\n\n\n\n<p>En eso reconozco el esfuerzo de investigaci\u00f3n del historiador franc\u00e9s Albert Mathiez, quien al referirse a la religi\u00f3n como pilar de los poderes &nbsp;imperiales de anta\u00f1o concluy\u00f3 que \u201cera la clave de b\u00f3veda de la monarqu\u00eda.\u201d (Los or\u00edgenes de los cultos revolucionarios.)<\/p>\n\n\n\n<p>Por la pertinencia del tema, con motivo del fallecimiento el d\u00eda 8 de los corrientes de la reina Isabel II, me centro en los motivos del t\u00edtulo de estas notas para referirme brevemente a los tres monarcas m\u00e1s longevos registrados por la historia:<\/p>\n\n\n\n<p>El franc\u00e9s Luis XIV, la inglesa Isabel II y el tailand\u00e9s Bhumibol.<\/p>\n\n\n\n<figure class=\"wp-block-image size-full\"><img loading=\"lazy\" decoding=\"async\" width=\"268\" height=\"268\" src=\"https:\/\/diariodominicano.com\/wp-content\/uploads\/2022\/09\/LuisXIV0.jpg\" alt=\"\" class=\"wp-image-383736\" srcset=\"https:\/\/diariodominicano.com\/wp-content\/uploads\/2022\/09\/LuisXIV0.jpg 268w, https:\/\/diariodominicano.com\/wp-content\/uploads\/2022\/09\/LuisXIV0-150x150.jpg 150w, https:\/\/diariodominicano.com\/wp-content\/uploads\/2022\/09\/LuisXIV0-88x88.jpg 88w\" sizes=\"auto, (max-width: 268px) 100vw, 268px\" \/><figcaption>Luis XIV<\/figcaption><\/figure>\n\n\n\n<figure class=\"wp-block-image size-full is-resized\"><img loading=\"lazy\" decoding=\"async\" src=\"https:\/\/diariodominicano.com\/wp-content\/uploads\/2022\/09\/Bhumibol-00.jpg\" alt=\"\" class=\"wp-image-383739\" width=\"616\" height=\"346\" srcset=\"https:\/\/diariodominicano.com\/wp-content\/uploads\/2022\/09\/Bhumibol-00.jpg 700w, https:\/\/diariodominicano.com\/wp-content\/uploads\/2022\/09\/Bhumibol-00-300x169.jpg 300w\" sizes=\"auto, (max-width: 616px) 100vw, 616px\" \/><figcaption>  Bhumibol de Irlanda<\/figcaption><\/figure>\n\n\n\n<p><strong>Luis XIV<\/strong><\/p>\n\n\n\n<p>De los tres personajes arriba mencionados el que m\u00e1s tiempo vivi\u00f3 con el t\u00edtulo de rey fue el Borb\u00f3n Luis XIV, un hombre de acci\u00f3n que emprendi\u00f3 tres guerras para expandir sus dominios imperiales al mismo tiempo que daba protecci\u00f3n a escritores, comediantes, escultores y arquitectos que elevaron la cultura del pueblo franc\u00e9s.<\/p>\n\n\n\n<p>Fue el titular del trono de Francia desde que ten\u00eda 5 a\u00f1os de edad. Tambi\u00e9n ostent\u00f3 la condici\u00f3n de monarca de la regi\u00f3n de Navarra y&nbsp; copr\u00edncipe de Andorra, un peque\u00f1o Estado ubicado entre macizos monta\u00f1osos que separan a Francia y Espa\u00f1a.<\/p>\n\n\n\n<p>Nominalmente fue rey desde el 14 de mayo de 1643 hasta su muerte, el primero de septiembre de 1715. La aritm\u00e9tica arroja en su favor un per\u00edodo mon\u00e1rquico de 72 a\u00f1os, 3 meses y 18 d\u00edas, a pesar de que en ese per\u00edodo tuvo que enfrentar muchos enemigos internos, comenzando por una amplia franja de la nobleza que no comulgaba con sus actitudes de estilo absolutista.<\/p>\n\n\n\n<p>Por m\u00e1s de una d\u00e9cada los que en realidad gobernaron al entonces poderoso imperio franc\u00e9s fueron su madre, Ana de Austria, y el cardenal y pol\u00edtico italiano Jules Mazarino, un protegido del papa Urbano VIII, quien lo elev\u00f3 a cardenal sin haber rezado nunca el Ave Mar\u00eda.<\/p>\n\n\n\n<p>Los actos protocolares para la coronaci\u00f3n de Luis XIV se realizaron en el 1654, con todo el boato parisino; pero todav\u00eda faltaban unos a\u00f1os para que \u00e9l se afianzara como lo que fue, un monarca absoluto, apodado rey Sol, cuya obra de infraestructura principal tal vez fue el palacio de Versalles, un lugar importante en la historia de la humanidad.<\/p>\n\n\n\n<p>La personalidad avasallante del rey Luis XIV qued\u00f3 demostrada en m\u00faltiples ocasiones.<\/p>\n\n\n\n<p>El culmen m\u00e1s elocuente de su condici\u00f3n de d\u00e9spota qued\u00f3 grabado cuando en momentos dram\u00e1ticos para el destino de Francia se defini\u00f3 as\u00ed mismo, frente a oponentes poderosos y desafiantes, con la contundente expresi\u00f3n: \u201cEl Estado soy yo.\u201d<\/p>\n\n\n\n<figure class=\"wp-block-image size-full\"><img loading=\"lazy\" decoding=\"async\" width=\"816\" height=\"419\" src=\"https:\/\/diariodominicano.com\/wp-content\/uploads\/2022\/09\/Reina-Isabel-II-W.jpg\" alt=\"\" class=\"wp-image-382002\" srcset=\"https:\/\/diariodominicano.com\/wp-content\/uploads\/2022\/09\/Reina-Isabel-II-W.jpg 816w, https:\/\/diariodominicano.com\/wp-content\/uploads\/2022\/09\/Reina-Isabel-II-W-300x154.jpg 300w, https:\/\/diariodominicano.com\/wp-content\/uploads\/2022\/09\/Reina-Isabel-II-W-768x394.jpg 768w\" sizes=\"auto, (max-width: 816px) 100vw, 816px\" \/><figcaption>Isabel II<\/figcaption><\/figure>\n\n\n\n<p><strong>Isabel II<\/strong><\/p>\n\n\n\n<p>El Reino Unido (Inglaterra, Escocia, Gales e Irlanda del Norte) tuvo a Isabel II como reina durante 70 a\u00f1os y 214 d\u00edas. Al nacer el 21 de abril de 1926 sus padres la registraron con el nombre de Isabel Alexandra Mary Windsor.<\/p>\n\n\n\n<p>Aunque naci\u00f3 en el seno de la Casa real Windsor ella no figuraba con muchas posibilidades ciertas de ocupar el trono.<\/p>\n\n\n\n<p>Su destin\u00f3 vari\u00f3 cuando ten\u00eda10 a\u00f1os de edad, con motivo de hechos inesperados que cambiaron el curso de la historia de su familia, de su pa\u00eds y de una parte importante del mundo.<\/p>\n\n\n\n<p>El 11 de diciembre de 1936 Eduardo VIII abdic\u00f3 del trono, prefiriendo disfrutar los encantos femeninos de la se\u00f1ora Wallis Simpson en Bahamas, EE.UU.,&nbsp; Francia y con interminables paseos por el mar Mediterr\u00e1neo.<\/p>\n\n\n\n<p>Por esa decisi\u00f3n fue que su hermano Alberto Federico Arturo Jorge se convirti\u00f3 en el&nbsp; rey Jorge VI. A \u00e9l lo sucedi\u00f3 despu\u00e9s su hija Isabel II, la nieta del rey Jorge V, quien gustaba llamarla Lilibeth.<\/p>\n\n\n\n<p>La reina reci\u00e9n fallecida lleg\u00f3 a tener tambi\u00e9n, con el paso del tiempo y los cambios en la geopol\u00edtica mundial, la condici\u00f3n de m\u00e1xima dirigente de la llamada Mancomunidad de Naciones, (Commonwealth) integrada por m\u00e1s de 50 pa\u00edses que antes fueron colonias del reino de Inglaterra.<\/p>\n\n\n\n<p>La aludida Commonwealth es en t\u00e9rminos pr\u00e1cticos un h\u00e1bil artificio de pol\u00edtica internacional para proyectar la sensaci\u00f3n de que el imperio que hace d\u00e9cadas no es tal siga esparciendo en el imaginario popular la idea de que es la poderosa potencia que fue siglos atr\u00e1s.<\/p>\n\n\n\n<p>El reinado de Isabel II puede considerarse en realidad como el m\u00e1s longevo de la historia, por lo que indiqu\u00e9 m\u00e1s arriba sobre la regencia que hubo en Francia cuando Luis XIV.<\/p>\n\n\n\n<p>Ella subi\u00f3 al trono el 6 de febrero de 1952, cuando era una joven de 25 a\u00f1os de edad, y ces\u00f3 en dichas funciones, hace pocos d\u00edas, cuando falleci\u00f3 a los 96 a\u00f1os, en su castillo de Balmoral, situado en Escocia.<\/p>\n\n\n\n<p>Isabel II fue parte importante de los principales acontecimientos mundiales de la segunda mitad del siglo pasado y de algunos de las dos d\u00e9cadas que lleva este.<\/p>\n\n\n\n<p>Termin\u00f3 su par\u00e1bola vital siendo una respetada lideresa con un gran dominio del tablero de la pol\u00edtica, lo cual le permiti\u00f3 capear muchos vendavales de su reino e influir en otros lugares del mundo.<\/p>\n\n\n\n<p>A pesar del discreto protagonismo de Isabel II, el famoso poeta y prosista argentino Jorge Luis Borges lleg\u00f3 a escribir que si Inglaterra se convirtiera en una rep\u00fablica \u201cno s\u00e9 si cambiar\u00edan mucho las cosas; posiblemente no cambiar\u00edan nada. Porque la gente seguir\u00eda siendo la misma.\u201d(Siete conversaciones con J.L.B.\/Fernando Sorrentino, 1973.)<\/p>\n\n\n\n<p>Alfonso Pessoa, un periodista especializado en temas religiosos, report\u00f3 desde la agencia noticiosa cat\u00f3lica Gaudium Press que la de Isabel II fue \u201cuna muerte suave, elegante, tranquila y discreta como fue su vida.\u201d<\/p>\n","protected":false},"excerpt":{"rendered":"<p>Isabel II POR TE\u00d3FILO LAPPOT ROBLES Antes de las revoluciones democr\u00e1ticas del siglo 18, envueltas en convulsiones pol\u00edticas, sociales y econ\u00f3micas, la instituci\u00f3n de la monarqu\u00eda era el r\u00e9gimen pol\u00edtico predominante en varios pa\u00edses de Europa, algunos de Asia, peque\u00f1os territorios insulares del Pac\u00edfico &nbsp;y en tribus de \u00c1frica. Hubo hasta reyes y emperadores de [&hellip;]<\/p>\n","protected":false},"author":28,"featured_media":382003,"comment_status":"closed","ping_status":"","sticky":true,"template":"","format":"standard","meta":{"footnotes":""},"categories":[21,26,27],"tags":[],"class_list":["post-383730","post","type-post","status-publish","format-standard","has-post-thumbnail","hentry","category-cultura","category-efemerides","category-portada"],"_links":{"self":[{"href":"https:\/\/diariodominicano.com\/index.php?rest_route=\/wp\/v2\/posts\/383730","targetHints":{"allow":["GET"]}}],"collection":[{"href":"https:\/\/diariodominicano.com\/index.php?rest_route=\/wp\/v2\/posts"}],"about":[{"href":"https:\/\/diariodominicano.com\/index.php?rest_route=\/wp\/v2\/types\/post"}],"author":[{"embeddable":true,"href":"https:\/\/diariodominicano.com\/index.php?rest_route=\/wp\/v2\/users\/28"}],"replies":[{"embeddable":true,"href":"https:\/\/diariodominicano.com\/index.php?rest_route=%2Fwp%2Fv2%2Fcomments&post=383730"}],"version-history":[{"count":7,"href":"https:\/\/diariodominicano.com\/index.php?rest_route=\/wp\/v2\/posts\/383730\/revisions"}],"predecessor-version":[{"id":383740,"href":"https:\/\/diariodominicano.com\/index.php?rest_route=\/wp\/v2\/posts\/383730\/revisions\/383740"}],"wp:featuredmedia":[{"embeddable":true,"href":"https:\/\/diariodominicano.com\/index.php?rest_route=\/wp\/v2\/media\/382003"}],"wp:attachment":[{"href":"https:\/\/diariodominicano.com\/index.php?rest_route=%2Fwp%2Fv2%2Fmedia&parent=383730"}],"wp:term":[{"taxonomy":"category","embeddable":true,"href":"https:\/\/diariodominicano.com\/index.php?rest_route=%2Fwp%2Fv2%2Fcategories&post=383730"},{"taxonomy":"post_tag","embeddable":true,"href":"https:\/\/diariodominicano.com\/index.php?rest_route=%2Fwp%2Fv2%2Ftags&post=383730"}],"curies":[{"name":"wp","href":"https:\/\/api.w.org\/{rel}","templated":true}]}}