{"id":383728,"date":"2022-09-17T00:15:36","date_gmt":"2022-09-17T04:15:36","guid":{"rendered":"http:\/\/diariodominicano.com\/?p=383728"},"modified":"2022-09-17T00:15:36","modified_gmt":"2022-09-17T04:15:36","slug":"muere-nicolas-casimiro-el-grande-bueno-y-noble-colas","status":"publish","type":"post","link":"https:\/\/diariodominicano.com\/?p=383728","title":{"rendered":"Muere Nicol\u00e1s Casimiro: el \u201cgrande, bueno y noble Col\u00e1s"},"content":{"rendered":"\n<p>SANTO DOMINGO, el\u00a0 17 de septiembre de 1964, muri\u00f3 en  ciudad de Santo Domingo, el cantante Jos\u00e9 Nicol\u00e1s Casimiro, quien se hab\u00eda destacado\u00a0 como uno de los artistas m\u00e1s populares a partir de la d\u00e9cada de los a\u00f1os 40.<\/p>\n\n\n\n<p>&nbsp;&nbsp;&nbsp;&nbsp; Col\u00e1s Casimiro, como era llamado por sus admiradores, muri\u00f3 luego de sufrir el deterioro su salud por las consecuencias de una diabetes cr\u00f3nica.<\/p>\n\n\n\n<p>&nbsp;&nbsp;&nbsp;&nbsp; Con Fellita Cabrera, Nicol\u00e1s Casimiro form\u00f3 el d\u00fao de \u201cFellita y Col\u00e1s\u201d, considerado el de mayor popularidad en la historia de la canci\u00f3n en la Rep\u00fablica Dominicana.<\/p>\n\n\n\n<p>&nbsp;&nbsp;&nbsp;&nbsp; Asimismo, la voz de Nicol\u00e1s Casimiro fue considerada fuera de serie.<\/p>\n\n\n\n<p>&nbsp;&nbsp;&nbsp; Sus admiradores lo llamaban el \u201cgrande, bueno y noble Col\u00e1s\u201d y estimaban que ten\u00eda una voz de \u00e1ngel.<\/p>\n","protected":false},"excerpt":{"rendered":"<p>SANTO DOMINGO, el\u00a0 17 de septiembre de 1964, muri\u00f3 en ciudad de Santo Domingo, el cantante Jos\u00e9 Nicol\u00e1s Casimiro, quien se hab\u00eda destacado\u00a0 como uno de los artistas m\u00e1s populares a partir de la d\u00e9cada de los a\u00f1os 40. &nbsp;&nbsp;&nbsp;&nbsp; Col\u00e1s Casimiro, como era llamado por sus admiradores, muri\u00f3 luego de sufrir el deterioro su [&hellip;]<\/p>\n","protected":false},"author":28,"featured_media":0,"comment_status":"closed","ping_status":"","sticky":true,"template":"","format":"standard","meta":{"footnotes":""},"categories":[26,27],"tags":[],"class_list":["post-383728","post","type-post","status-publish","format-standard","hentry","category-efemerides","category-portada"],"_links":{"self":[{"href":"https:\/\/diariodominicano.com\/index.php?rest_route=\/wp\/v2\/posts\/383728","targetHints":{"allow":["GET"]}}],"collection":[{"href":"https:\/\/diariodominicano.com\/index.php?rest_route=\/wp\/v2\/posts"}],"about":[{"href":"https:\/\/diariodominicano.com\/index.php?rest_route=\/wp\/v2\/types\/post"}],"author":[{"embeddable":true,"href":"https:\/\/diariodominicano.com\/index.php?rest_route=\/wp\/v2\/users\/28"}],"replies":[{"embeddable":true,"href":"https:\/\/diariodominicano.com\/index.php?rest_route=%2Fwp%2Fv2%2Fcomments&post=383728"}],"version-history":[{"count":1,"href":"https:\/\/diariodominicano.com\/index.php?rest_route=\/wp\/v2\/posts\/383728\/revisions"}],"predecessor-version":[{"id":383729,"href":"https:\/\/diariodominicano.com\/index.php?rest_route=\/wp\/v2\/posts\/383728\/revisions\/383729"}],"wp:attachment":[{"href":"https:\/\/diariodominicano.com\/index.php?rest_route=%2Fwp%2Fv2%2Fmedia&parent=383728"}],"wp:term":[{"taxonomy":"category","embeddable":true,"href":"https:\/\/diariodominicano.com\/index.php?rest_route=%2Fwp%2Fv2%2Fcategories&post=383728"},{"taxonomy":"post_tag","embeddable":true,"href":"https:\/\/diariodominicano.com\/index.php?rest_route=%2Fwp%2Fv2%2Ftags&post=383728"}],"curies":[{"name":"wp","href":"https:\/\/api.w.org\/{rel}","templated":true}]}}