{"id":383725,"date":"2022-09-17T00:07:07","date_gmt":"2022-09-17T04:07:07","guid":{"rendered":"http:\/\/diariodominicano.com\/?p=383725"},"modified":"2022-09-17T00:13:26","modified_gmt":"2022-09-17T04:13:26","slug":"confirman-asesinan-al-general-meme-caceres","status":"publish","type":"post","link":"https:\/\/diariodominicano.com\/?p=383725","title":{"rendered":"Confirman asesinan al general Mem\u00e9\u00a0 C\u00e1ceres"},"content":{"rendered":"\n<p>Por HTN<\/p>\n\n\n\n<p>Diariodominicano.com<\/p>\n\n\n\n<p><\/p>\n\n\n\n<p>SANTO DOMINGO, el&nbsp; 17 de septiembre de 1878, desconocidos asesinaron en la ciudad de&nbsp; Santo Domingo al general Manuel Altagracia (Mem\u00e9)&nbsp; C\u00e1ceres,&nbsp; quien disputaba la candidatura&nbsp; presidencial del Partido Rojo, con el general Ces\u00e1reo Guillermo.<\/p>\n\n\n\n<p>&nbsp;&nbsp;&nbsp; Guillermo logr\u00f3 ser electo Presidente de la Rep\u00fablica en enero de 1879 y tom\u00f3 posesi\u00f3n el 27 de febrero de ese a\u00f1o. En el momento de su elecci\u00f3n era Ministro de Interior&nbsp; y Polic\u00eda&nbsp; del Gobierno interino del Presidente Jacinto de Castro.<\/p>\n\n\n\n<p>&nbsp;&nbsp; El asesinato de C\u00e1ceres fue atribuido a miembros del Partido Azul, especialmente al General Ulises (Lil\u00eds) Heureaux, pero la versi\u00f3n nunca fue confirmada.<\/p>\n\n\n\n<p>&nbsp;&nbsp;&nbsp;&nbsp; El historiador Rufino Mart\u00ednez recoge la versi\u00f3n de que los azules recurrieron al asesinato porque tem\u00edan el retorno&nbsp; al poder del Partido Rojo que hab\u00eda liderado el ex presidente Buenaventura, organizaci\u00f3n que consideraban liquidaba, pero que la candidatura&nbsp; de Mem\u00e9&nbsp; C\u00e1ceres podr\u00eda retornar al poder.<\/p>\n\n\n\n<p>&nbsp;&nbsp;&nbsp; Mem\u00e9 C\u00e1ceres hab\u00eda nacido en Azua en el a\u00f1o 1838, pero a temprana edad se estableci\u00f3 en el Cibao.&nbsp; Desde muy joven fue un seguidor del l\u00edder del Partido Rojo, Buenaventura B\u00e1ez.<\/p>\n\n\n\n<p>&nbsp;&nbsp;&nbsp;&nbsp; Una versi\u00f3n de la \u00e9poca da&nbsp;&nbsp; cuenta de que era hijo de Buenaventura B\u00e1ez.&nbsp; El historiador Rufino Mart\u00ednez dice que Mem\u00e9 C\u00e1ceres ten\u00eda parecido en el f\u00edsico a Buenaventura B\u00e1ez.<\/p>\n\n\n\n<p>&nbsp;&nbsp;&nbsp; El 7&nbsp; de julio de 1857, cuando estall\u00f3 la \u00abRevoluci\u00f3n Liberal del Cibao\u00bb, Mem\u00e9 C\u00e1ceres fue contrario al movimiento.<\/p>\n\n\n\n<p>&nbsp;&nbsp;&nbsp; Adem\u00e1s fue procesado junto a Pepillo Salcedo acusado de conspirar contra el Gobierno de Santiago, que presid\u00eda Jos\u00e9 Desiderio Valverde.<\/p>\n\n\n\n<p>&nbsp;&nbsp; Seg\u00fan la acusaci\u00f3n, Mem\u00e9 C\u00e1ceres y Pepillo Salcedo trataban de reinstalar en el poder al ex Presidente Buenaventura B\u00e1ez.<\/p>\n\n\n\n<p>&nbsp;&nbsp;&nbsp; En el Gobierno de los 6 a\u00f1os del Presidente Buenaventura B\u00e1ez, ocup\u00f3 varias funciones p\u00fablicas hasta llegar a desempe\u00f1arse como vicepresidente de la Rep\u00fablica.<\/p>\n\n\n\n<p>&nbsp;&nbsp; No obstante, en el a\u00f1o 1873 se involucr\u00f3 en un plan con el Gobernador de Puerto Plata, Ignacio Mar\u00eda Gonz\u00e1lez, y lograron derrocar al Jefe del Estado.<\/p>\n\n\n\n<p>&nbsp;&nbsp;&nbsp;&nbsp; Al lograr su objetivo, Mem\u00e9 C\u00e1ceres se mantuvo al margen de la lucha pol\u00edtica, y asumi\u00f3 la Presidencia de la Rep\u00fablica Ignacio Mar\u00eda Gonz\u00e1lez, a quien combati\u00f3 meses despu\u00e9s desde un movimiento conspirativo que se desat\u00f3 en Santiago.<\/p>\n\n\n\n<p>&nbsp;&nbsp; Al fracasar, Mem\u00e9 C\u00e1ceres tuvo que embarcarse al exilio y fue acogido por el ex Presidente&nbsp; B\u00e1ez, en su residencia de exiliado en Mayag\u00fcez, Puerto Rico.<\/p>\n\n\n\n<p>&nbsp;&nbsp;&nbsp; El reencuentro se produjo a pesar de que en el a\u00f1o 1873, Mem\u00e9 C\u00e1ceres particip\u00f3 en el plan que culmin\u00f3 con la ca\u00edda del Gobierno de B\u00e1ez.<\/p>\n\n\n\n<p>&nbsp;&nbsp; &nbsp;En el a\u00f1o 1876,&nbsp; Mem\u00e9 C\u00e1ceres vino a Rep\u00fablica&nbsp; con otros baecistas a tratar de tomar el poder en el ambiente de confusi\u00f3n que se produjo tras la ca\u00edda del Gobierno de Ignacio Mar\u00eda Gonz\u00e1lez, pero fracasaron y tuvieron que volver al exilio, al embarcarse con destino a Saint Thomas.<\/p>\n\n\n\n<p>&nbsp;&nbsp; No obstante, cuando a finales del a\u00f1o 1876 cay\u00f3 el Gobierno del civilista Ulises Francisco Espaillat, retorn\u00f3 al pa\u00eds y apoy\u00f3 un movimiento que retorn\u00f3 a&nbsp; B\u00e1ez a la Presidencia.<\/p>\n\n\n\n<p>&nbsp;&nbsp;&nbsp; Mem\u00e9 C\u00e1ceres fue nombrado ministro de Hacienda.<\/p>\n\n\n\n<p>&nbsp;&nbsp;&nbsp; En el a\u00f1o 1878, encabez\u00f3&nbsp; junto con el General Ulises&nbsp; (Lil\u00eds) Heureraux un movimiento que acab\u00f3 con el \u00faltimo Gobierno de Ignacio Mar\u00eda Gonz\u00e1lez. Fue en esa circunstancia que Mem\u00e9&nbsp; C\u00e1ceres emergi\u00f3 en septiembre de 1878, como el candidato favorito para retornar al poder al Partido Rojo, pero fue asesinado al poco tiempo.<\/p>\n\n\n\n<p>&nbsp;&nbsp;&nbsp;&nbsp; Manuel Altagracia C\u00e1ceres&nbsp; tambi\u00e9n hab\u00eda sido el ministro de Relaciones Exteriores del Gobierno de&nbsp; Jacinto de Castro.<\/p>\n\n\n\n<p>&nbsp;&nbsp;&nbsp; Su vida termin\u00f3 cuando fue atacado por desconocidos en horas de la noche mientras conversaba en la casa de un amigo en la ciudad de Santo Domingo, el d\u00eda 17 de septiembre de 1878.<\/p>\n","protected":false},"excerpt":{"rendered":"<p>Por HTN Diariodominicano.com SANTO DOMINGO, el&nbsp; 17 de septiembre de 1878, desconocidos asesinaron en la ciudad de&nbsp; Santo Domingo al general Manuel Altagracia (Mem\u00e9)&nbsp; C\u00e1ceres,&nbsp; quien disputaba la candidatura&nbsp; presidencial del Partido Rojo, con el general Ces\u00e1reo Guillermo. &nbsp;&nbsp;&nbsp; Guillermo logr\u00f3 ser electo Presidente de la Rep\u00fablica en enero de 1879 y tom\u00f3 posesi\u00f3n el [&hellip;]<\/p>\n","protected":false},"author":28,"featured_media":0,"comment_status":"closed","ping_status":"","sticky":true,"template":"","format":"standard","meta":{"footnotes":""},"categories":[26,27],"tags":[],"class_list":["post-383725","post","type-post","status-publish","format-standard","hentry","category-efemerides","category-portada"],"_links":{"self":[{"href":"https:\/\/diariodominicano.com\/index.php?rest_route=\/wp\/v2\/posts\/383725","targetHints":{"allow":["GET"]}}],"collection":[{"href":"https:\/\/diariodominicano.com\/index.php?rest_route=\/wp\/v2\/posts"}],"about":[{"href":"https:\/\/diariodominicano.com\/index.php?rest_route=\/wp\/v2\/types\/post"}],"author":[{"embeddable":true,"href":"https:\/\/diariodominicano.com\/index.php?rest_route=\/wp\/v2\/users\/28"}],"replies":[{"embeddable":true,"href":"https:\/\/diariodominicano.com\/index.php?rest_route=%2Fwp%2Fv2%2Fcomments&post=383725"}],"version-history":[{"count":2,"href":"https:\/\/diariodominicano.com\/index.php?rest_route=\/wp\/v2\/posts\/383725\/revisions"}],"predecessor-version":[{"id":383727,"href":"https:\/\/diariodominicano.com\/index.php?rest_route=\/wp\/v2\/posts\/383725\/revisions\/383727"}],"wp:attachment":[{"href":"https:\/\/diariodominicano.com\/index.php?rest_route=%2Fwp%2Fv2%2Fmedia&parent=383725"}],"wp:term":[{"taxonomy":"category","embeddable":true,"href":"https:\/\/diariodominicano.com\/index.php?rest_route=%2Fwp%2Fv2%2Fcategories&post=383725"},{"taxonomy":"post_tag","embeddable":true,"href":"https:\/\/diariodominicano.com\/index.php?rest_route=%2Fwp%2Fv2%2Ftags&post=383725"}],"curies":[{"name":"wp","href":"https:\/\/api.w.org\/{rel}","templated":true}]}}