{"id":383723,"date":"2022-09-17T00:04:16","date_gmt":"2022-09-17T04:04:16","guid":{"rendered":"http:\/\/diariodominicano.com\/?p=383723"},"modified":"2022-09-17T00:04:16","modified_gmt":"2022-09-17T04:04:16","slug":"el-ejercito-de-haiti-pierde-la-batalla-de-la-estrelleta","status":"publish","type":"post","link":"https:\/\/diariodominicano.com\/?p=383723","title":{"rendered":"El Ej\u00e9rcito de Hait\u00ed pierde la Batalla de La Estrelleta"},"content":{"rendered":"\n<p><\/p>\n\n\n\n<p>LA ESTRELLETA,&nbsp; el&nbsp; 17 de septiembre&nbsp; de 1845,&nbsp; los dominicanos&nbsp; comandados&nbsp; por el General Jos\u00e9 Joaqu\u00edn Puello,&nbsp; derrotaron a los haitianos&nbsp; en la Batalla de La Estrelleta.<\/p>\n\n\n\n<p>El&nbsp; Ej\u00e9rcito haitiano estuvo&nbsp; comandado por los generales Morisette,&nbsp; Alexis Toussaint y Samed\u00ed.<\/p>\n\n\n\n<p>&nbsp;&nbsp;&nbsp; Un informe del General Jos\u00e9 Joaqu\u00edn Puello, destaca que luego de tres horas de combate, los haitianos huyeron y dejaron abandonados miles de muertos y algunos heridos, as\u00ed como pertrechos militares.<\/p>\n\n\n\n<p>&nbsp;&nbsp; El d\u00eda anterior a la Batalla de La Estrelleta, el General Jos\u00e9 Joaqu\u00edn Puello y el General Jos\u00e9 Mar\u00eda Cabral,&nbsp; recibieron militares de infanter\u00eda de tres brigadas, lo que les permiti\u00f3 tomar los cerros de La Estrelleta y dirigir las tropas hacia Potro Blanco por el camino de Los Jobos. En la madrugada marcharon hacia Matayaya en direcci\u00f3n a La Estrelleta.<\/p>\n\n\n\n<p>&nbsp;&nbsp;&nbsp; El combate entre los dominicanos y los haitianos&nbsp; comenz\u00f3 a las 8&nbsp; de la ma\u00f1ana luego que las tropas nacionales reaccionaron a una agresi\u00f3n del general Alexis Toussaint.&nbsp; En esa circunstancia el General Jos\u00e9 Joaqu\u00edn Puello&nbsp; dispuso cubrir las entradas en los cerros de la Estrelleta.<\/p>\n\n\n\n<p>&nbsp;&nbsp; A las 10 de la ma\u00f1ana del d\u00eda 17 de septiembre,&nbsp; los haitianos contraatacaron, pero fueron vencidos por los dominicanos&nbsp; comandados por el General Jos\u00e9 Joaqu\u00edn Puello.<\/p>\n\n\n\n<p>&nbsp;&nbsp;&nbsp;&nbsp;&nbsp; En opini\u00f3n del Ej\u00e9rcito Nacional, el triunfo de las tropas dominicanas en la Batalla de la Estrelleta, fue la acci\u00f3n m\u00e1s militarista de la campa\u00f1a de 1845, porque ella fue marcada para dar un golpe contundente a punta de bayoneta y ataque de caballer\u00eda.<\/p>\n\n\n\n<p>&nbsp;&nbsp;&nbsp; Adem\u00e1s del General Jos\u00e9 Joaqu\u00edn Puello, en la Batalla de La Estrelleta se destacaron&nbsp; los coroneles Jos\u00e9 Mar\u00eda Cabral, Valent\u00edn Alc\u00e1ntara y Bernab\u00e9&nbsp; Sandoval.<\/p>\n\n\n\n<p>&nbsp;&nbsp;&nbsp; En una nota acerca de&nbsp; la Batalla de la Estrelleta,&nbsp; el General Jos\u00e9 Joaqu\u00edn Puello&nbsp; anot\u00f3: \u00abSe lanzaron contra el enemigo burl\u00e1ndose de sus balas y metrallas. Los haitianos se alejaron abandonando pertrechos, artiller\u00eda, cajas de guerra, fusiles, y dejaron miles de muertos abandonados y algunos heridos. El combate s\u00f3lo dur\u00f3 tres horas. El mismo,&nbsp; puso en alto el grado de organizaci\u00f3n y disciplina que hab\u00eda alcanzado el Ej\u00e9rcito dominicano\u00bb.<\/p>\n\n\n\n<p>&nbsp;&nbsp; El General&nbsp; Puello hab\u00eda sido un colaborador de los trinitarios. En el a\u00f1o 1844 cuando los trinitarios encabezados por Francisco del Rosario S\u00e1nchez, quitaron el control de la Junta Central Gubernativa a los conservadores que encabezaba Tom\u00e1s Bobadilla y Briones, el pr\u00f3cer de<\/p>\n\n\n\n<p>La Estrelleta se encontraba entre los que apoyaron el movimiento.<\/p>\n\n\n\n<p>&nbsp;&nbsp;&nbsp; En el a\u00f1o 1845 el General&nbsp; Puello fue nombrado ministro de Interior y Polic\u00eda, pero el 21 de diciembre de 1847 fue acusado por el Presidente Pedro Santana de conspirar contra el Gobierno y el d\u00eda 23 de diciembre de 1847, fue condenado a muerte.<\/p>\n\n\n\n<p>&nbsp;&nbsp;&nbsp; Jos\u00e9 Joaqu\u00edn Pueblo fue fusilado junto a su hermano Gabino Puello.&nbsp;&nbsp;<\/p>\n","protected":false},"excerpt":{"rendered":"<p>LA ESTRELLETA,&nbsp; el&nbsp; 17 de septiembre&nbsp; de 1845,&nbsp; los dominicanos&nbsp; comandados&nbsp; por el General Jos\u00e9 Joaqu\u00edn Puello,&nbsp; derrotaron a los haitianos&nbsp; en la Batalla de La Estrelleta. El&nbsp; Ej\u00e9rcito haitiano estuvo&nbsp; comandado por los generales Morisette,&nbsp; Alexis Toussaint y Samed\u00ed. &nbsp;&nbsp;&nbsp; Un informe del General Jos\u00e9 Joaqu\u00edn Puello, destaca que luego de tres horas de [&hellip;]<\/p>\n","protected":false},"author":28,"featured_media":318613,"comment_status":"closed","ping_status":"","sticky":true,"template":"","format":"standard","meta":{"footnotes":""},"categories":[26,27],"tags":[],"class_list":["post-383723","post","type-post","status-publish","format-standard","has-post-thumbnail","hentry","category-efemerides","category-portada"],"_links":{"self":[{"href":"https:\/\/diariodominicano.com\/index.php?rest_route=\/wp\/v2\/posts\/383723","targetHints":{"allow":["GET"]}}],"collection":[{"href":"https:\/\/diariodominicano.com\/index.php?rest_route=\/wp\/v2\/posts"}],"about":[{"href":"https:\/\/diariodominicano.com\/index.php?rest_route=\/wp\/v2\/types\/post"}],"author":[{"embeddable":true,"href":"https:\/\/diariodominicano.com\/index.php?rest_route=\/wp\/v2\/users\/28"}],"replies":[{"embeddable":true,"href":"https:\/\/diariodominicano.com\/index.php?rest_route=%2Fwp%2Fv2%2Fcomments&post=383723"}],"version-history":[{"count":1,"href":"https:\/\/diariodominicano.com\/index.php?rest_route=\/wp\/v2\/posts\/383723\/revisions"}],"predecessor-version":[{"id":383724,"href":"https:\/\/diariodominicano.com\/index.php?rest_route=\/wp\/v2\/posts\/383723\/revisions\/383724"}],"wp:featuredmedia":[{"embeddable":true,"href":"https:\/\/diariodominicano.com\/index.php?rest_route=\/wp\/v2\/media\/318613"}],"wp:attachment":[{"href":"https:\/\/diariodominicano.com\/index.php?rest_route=%2Fwp%2Fv2%2Fmedia&parent=383723"}],"wp:term":[{"taxonomy":"category","embeddable":true,"href":"https:\/\/diariodominicano.com\/index.php?rest_route=%2Fwp%2Fv2%2Fcategories&post=383723"},{"taxonomy":"post_tag","embeddable":true,"href":"https:\/\/diariodominicano.com\/index.php?rest_route=%2Fwp%2Fv2%2Ftags&post=383723"}],"curies":[{"name":"wp","href":"https:\/\/api.w.org\/{rel}","templated":true}]}}