{"id":38370,"date":"2020-06-22T01:12:41","date_gmt":"2020-06-22T01:12:41","guid":{"rendered":"http:\/\/diariodominicano.ddns.net\/?p=38370"},"modified":"2020-06-22T01:12:41","modified_gmt":"2020-06-22T01:12:41","slug":"los-afanes-del-pld-y-prm","status":"publish","type":"post","link":"https:\/\/diariodominicano.com\/?p=38370","title":{"rendered":"Los afanes del PLD y PRM"},"content":{"rendered":"<p><body><\/p>\n<p><strong>Diariodominicano.com<\/strong><\/p>\n<p><strong>Los afanes del PLD y PRM<\/strong><\/p>\n<p><strong>Franklin Almeyda Rancier <\/strong><\/p>\n<\/p>\n<p>Vale preguntarse \u00bfpor qu\u00e9 los afanes desde los litorales del PLD y del PRM en lanzar una guerra de encuestas, los del Palacio Nacional esforz\u00e1ndose en aparecer en segundo lugar, como si fuera un empate t\u00e9cnico, y el PRM mostr\u00e1ndose ganador en primera vuelta? Ambos, \u00bfpor qu\u00e9 tanto inter\u00e9s en presentar a Leonel en una tercera posici\u00f3n?<\/p>\n<p>Las respuestas a esas dos preguntas est\u00e1n a la vista, s\u00f3lo que escondidas en un mont\u00f3n de malezas que crea la burbuja medi\u00e1tica y con encuestas de escritorios, no de trabajo de campo.<\/p>\n<\/p>\n<p>El PLD se dividi\u00f3 al salir de esa organizaci\u00f3n un nutrido n\u00famero de dirigentes encabezados por Leonel Fern\u00e1ndez. En ese momento ese partido ten\u00eda un posicionamiento de un 54%, aproximadamente; la salida de ese nutrido n\u00famero de dirigentes, arrastr\u00f3 una porci\u00f3n importante de su membres\u00eda, lo que sigue sucediendo indeteniblemente.<\/p>\n<\/p>\n<p>El desangramiento del PLD ni con torniquetes ha podido ser detenido. Ese desplome se agrav\u00f3 con la tozudez de Danilo Medina que, desbordando los l\u00edmites del Poder, pretende ser un \u00abTrujillito del Siglo XXI\u00bb imponi\u00e9ndole a esa organizaci\u00f3n partidaria un candidato que no sabe hablar y s\u00f3lo conoce de hacer fortuna ajena desde el poder.<\/p>\n<\/p>\n<p>Ese hecho recuerda el \u00faltimo t\u00edtere presidencial que coloc\u00f3 Trujillo, su hermano Hector Bienvenido Trujillo (Negro), que tampoco hablaba; lo puso para bajar la presi\u00f3n internacional y seguir en el poder, simulando cambios de mandos pol\u00edticos ante las sanciones de la OEA por atentar contra R\u00f3mulo Betancourt, entonces Presidente de Venezuela, y de la acci\u00f3n patri\u00f3tica militar del 14 de Junio de 1959.<\/p>\n<\/p>\n<p>El PLD necesita colocar a Abinader como su contendor para presentarlo como una amenaza pol\u00edtica a la parte de la membres\u00eda que retiene la c\u00fapula peledeista.<\/p>\n<\/p>\n<p>En este mismo sentido, los \u00abestrategas\u00bb (\u00bf?) de Abinader ya se han dado cuenta de que su candidato no crece m\u00e1s de un 46%; el otro 54% est\u00e1 distribuido entre Leonel y lo que est\u00e1 esforz\u00e1ndose en retener la c\u00fapula oficialista.<\/p>\n<\/p>\n<p>De ah\u00ed que los afanes de ambos, PRM y PLD, como si fueran aliados, es contrarrestar la capacidad y manejo experimentado que va d\u00e1ndole Leonel a la crisis sanitaria y las derivadas de \u00e9sta, la crisis econ\u00f3mica y la crisis social.<\/p>\n<\/p>\n<p>Ambas organizaciones se ven improvisando y no encuentran c\u00f3mo atajar a Leonel. Encontraron un t\u00fanel oscuro y por ah\u00ed se metieron, consiste en las dos hacer ruidos de contra-acusaciones sobre el tema del narcotr\u00e1fico de drogas. Se acusan de cu\u00e1l organizaci\u00f3n es m\u00e1s que la otra.<\/p>\n<\/p>\n<p>El s\u00e1bado pasado la prensa trajo esta informaci\u00f3n: \u00abEl Comit\u00e9 Pol\u00edtico del Partido de la Liberaci\u00f3n Dominicana (PLD) pas\u00f3 balance ayer a todos los aspectos relacionados con las elecciones del 5 de julio y acord\u00f3 seguir presentando a la sociedad casos que demuestran el presunto v\u00ednculo del Partido Revolucionario Moderno con personas ligadas al narcotr\u00e1fico internacional (&#8230;) No obstante, de las filas perreme\u00edstas tambi\u00e9n han presentado denuncias similares contra el PLD\u00bb (Peri\u00f3dico Hoy, s\u00e1bado 20 de junio 2020).<\/p>\n<\/p>\n<p>Como puede verse, ambas organizaciones buscan polarizar y utilizan un tema para demostrar cu\u00e1l tiene m\u00e1s narcotraficantes en sus filas. Pero la poblaci\u00f3n dominicana y mundial est\u00e1 agobiaba por tres crisis que podr\u00edan llegar a ser cuatro. La poblaci\u00f3n dominicana, en su inteligencia colectiva, sabe cu\u00e1l es el camino seguro.<\/p>\n<\/p>\n<h6> 2020-06-22 01:12:41 <\/h6>\n<p><!--\n<link rel=\"stylesheet\" href=\"css\/bootstrap.min.css\">\n\n\n<ul class=\"pagination\">\n\t    \n\t\n\n<li >\n\t<a href='?page_no=178'>Previous<\/a>\n\t<\/li>\n\n\n       \n    \n\n<li><a href='?page_no=1'>1<\/a><\/li>\n\n\n\n<li><a href='?page_no=2'>2<\/a><\/li>\n\n\n\n<li><a>...<\/a><\/li>\n\n\n\n<li><a href='?page_no=177'>177<\/a><\/li>\n\n\n\n<li><a href='?page_no=178'>178<\/a><\/li>\n\n\n\n<li class='active'><a>179<\/a><\/li>\n\n\n\n<li><a href='?page_no=180'>180<\/a><\/li>\n\n\n\n<li><a href='?page_no=181'>181<\/a><\/li>\n\n\n\n<li><a>...<\/a><\/li>\n\n\n\n<li><a href='?page_no=13611'>13611<\/a><\/li>\n\n\n\n<li><a href='?page_no=13612'>13612<\/a><\/li>\n\n    \n\t\n\n<li >\n\t<a href='?page_no=180'>Next<\/a>\n\t<\/li>\n\n\n    \n\n<li><a href='?page_no=13612'>Last &rsaquo;&rsaquo;<\/a><\/li>\n\n<\/ul>\n\n\n--><br \/>\n<\/body><\/p>\n","protected":false},"excerpt":{"rendered":"<p>Diariodominicano.com Los afanes del PLD y PRM Franklin Almeyda Rancier Vale preguntarse \u00bfpor qu\u00e9 los afanes desde los litorales del PLD y del PRM en lanzar una guerra de encuestas, los del Palacio Nacional esforz\u00e1ndose en aparecer en segundo lugar, como si fuera un empate t\u00e9cnico, y el PRM mostr\u00e1ndose ganador en primera vuelta? Ambos, [&hellip;]<\/p>\n","protected":false},"author":3,"featured_media":0,"comment_status":"open","ping_status":"open","sticky":false,"template":"","format":"standard","meta":{"footnotes":""},"categories":[16],"tags":[],"class_list":["post-38370","post","type-post","status-publish","format-standard","hentry","category-opiniones"],"_links":{"self":[{"href":"https:\/\/diariodominicano.com\/index.php?rest_route=\/wp\/v2\/posts\/38370","targetHints":{"allow":["GET"]}}],"collection":[{"href":"https:\/\/diariodominicano.com\/index.php?rest_route=\/wp\/v2\/posts"}],"about":[{"href":"https:\/\/diariodominicano.com\/index.php?rest_route=\/wp\/v2\/types\/post"}],"author":[{"embeddable":true,"href":"https:\/\/diariodominicano.com\/index.php?rest_route=\/wp\/v2\/users\/3"}],"replies":[{"embeddable":true,"href":"https:\/\/diariodominicano.com\/index.php?rest_route=%2Fwp%2Fv2%2Fcomments&post=38370"}],"version-history":[{"count":0,"href":"https:\/\/diariodominicano.com\/index.php?rest_route=\/wp\/v2\/posts\/38370\/revisions"}],"wp:attachment":[{"href":"https:\/\/diariodominicano.com\/index.php?rest_route=%2Fwp%2Fv2%2Fmedia&parent=38370"}],"wp:term":[{"taxonomy":"category","embeddable":true,"href":"https:\/\/diariodominicano.com\/index.php?rest_route=%2Fwp%2Fv2%2Fcategories&post=38370"},{"taxonomy":"post_tag","embeddable":true,"href":"https:\/\/diariodominicano.com\/index.php?rest_route=%2Fwp%2Fv2%2Ftags&post=38370"}],"curies":[{"name":"wp","href":"https:\/\/api.w.org\/{rel}","templated":true}]}}