{"id":38359,"date":"2020-06-23T23:19:24","date_gmt":"2020-06-23T23:19:24","guid":{"rendered":"http:\/\/diariodominicano.ddns.net\/?p=38359"},"modified":"2020-06-23T23:19:24","modified_gmt":"2020-06-23T23:19:24","slug":"la-teologia-de-la-liberacion","status":"publish","type":"post","link":"https:\/\/diariodominicano.com\/?p=38359","title":{"rendered":"&#13;La Teolog\u00eda de la Liberaci\u00f3n"},"content":{"rendered":"<p><body><\/p>\n<p><strong>A Pleno Sol<\/strong><\/p>\n<p><strong>La Teolog\u00eda de la Liberaci\u00f3n<\/strong><\/p>\n<p><strong>Por Manuel Hern\u00e1ndez Villeta<\/strong><\/p>\n<\/p>\n<\/p>\n<p>La Teolog\u00eda de la  Liberaci\u00f3n  surgi\u00f3 como la cara humana y social  de la iglesia cat\u00f3lica. Cre\u00f3 un gran movimiento, pero paulatinamente fue congelada. Hoy solo queda el recuerdo y algunos de sus principales ide\u00f3logos escribiendo de filosof\u00eda o impartiendo docencia.<\/p>\n<\/p>\n<p> Fue un movimiento de curas del tercer mundo, sin que la c\u00fapula se involucrara. Naci\u00f3  en las llamadas comunidades eclesi\u00e1sticas de base. Estremeci\u00f3 a la iglesia con su mensaje cristiano dirigido a los pobres, y a poner fin a las injusticias en todo el mundo. Planteaba que se le diera a los curas la opci\u00f3n de formar familias.<\/p>\n<\/p>\n<p>Comenz\u00f3 con incienso y olor  a capilla, pero uno de sus m\u00e1ximos exponentes, Camilo Torres,  abandon\u00f3 la sotana y se enrol\u00f3 en el Ej\u00e9rcito de Liberaci\u00f3n Nacional, muriendo en su primer combate en las monta\u00f1as de Colombia, el 15 de febrero de 1966..<\/p>\n<\/p>\n<p>Lo que sepult\u00f3 a la teolog\u00eda de la liberaci\u00f3n fue la posici\u00f3n cerrada e intransigente de la alta curia, que no acept\u00f3 cambios necesarios y vitales para la humanizaci\u00f3n  de la iglesia. Naci\u00f3 en Am\u00e9rica Latina tras la aparici\u00f3n de las Comunidades Eclesiales de Base, el Concilio Vaticano II y la Conferencia de Medell\u00edn, celebrada en Colombia, en el a\u00f1o 1968.<\/p>\n<\/p>\n<p>La corriente   se caracteriz\u00f3 por considerar que el Evangelio exige la opci\u00f3n preferencial por los pobres? y  recurrir a acciones  humanas, sociales y materiales  para definir las formas en que deb\u00eda realizarse la reivindicaci\u00f3n de los marginados.?<\/p>\n<\/p>\n<p>Los primeros en definir esta corriente teol\u00f3gica fueron el sacerdote cat\u00f3lico colombiano Jorge Camilo Torres Restrepo, el educador y ex-pastor presbiteriano brasile\u00f1o Rubem Alves y el sacerdote cat\u00f3lico peruano Gustavo Guti\u00e9rrez Merino.<\/p>\n<\/p>\n<p>Algunas de las ideas de la teolog\u00eda de la liberaci\u00f3n eran: opci\u00f3n preferencial por los pobres; la salvaci\u00f3n cristiana no puede darse sin la liberaci\u00f3n econ\u00f3mica, pol\u00edtica, social e ideol\u00f3gica, como signos visibles de la dignidad del hombre.<\/p>\n<\/p>\n<p>Tambi\u00e9n, la espiritualidad de la liberaci\u00f3n exige hombres nuevos y mujeres nuevas en el Hombre Nuevo Jes\u00fas.; la liberaci\u00f3n como toma de conciencia ante la realidad socioecon\u00f3mica latinoamericana y  la necesidad de eliminar la explotaci\u00f3n, la falta de oportunidades e injusticias de este mundo.<\/p>\n<\/p>\n<p>Se necesitaba ese cambio dentro de la iglesia, que fue aplastado. Una de sus consignas es un golpe en la cara de los farsantes:  \u00abLa situaci\u00f3n actual de la mayor\u00eda de los latinoamericanos contradice el designio hist\u00f3rico de Dios y es consecuencia de un pecado social\u00bb. \u00a1Ay!, se me acab\u00f3 la tinta!.<\/p>\n<\/p>\n<h6> 2020-06-23 23:19:24 <\/h6>\n<p><!--\n<link rel=\"stylesheet\" href=\"css\/bootstrap.min.css\">\n\n\n<ul class=\"pagination\">\n\t    \n\t\n\n<li >\n\t<a href='?page_no=177'>Previous<\/a>\n\t<\/li>\n\n\n       \n    \n\n<li><a href='?page_no=1'>1<\/a><\/li>\n\n\n\n<li><a href='?page_no=2'>2<\/a><\/li>\n\n\n\n<li><a>...<\/a><\/li>\n\n\n\n<li><a href='?page_no=176'>176<\/a><\/li>\n\n\n\n<li><a href='?page_no=177'>177<\/a><\/li>\n\n\n\n<li class='active'><a>178<\/a><\/li>\n\n\n\n<li><a href='?page_no=179'>179<\/a><\/li>\n\n\n\n<li><a href='?page_no=180'>180<\/a><\/li>\n\n\n\n<li><a>...<\/a><\/li>\n\n\n\n<li><a href='?page_no=13611'>13611<\/a><\/li>\n\n\n\n<li><a href='?page_no=13612'>13612<\/a><\/li>\n\n    \n\t\n\n<li >\n\t<a href='?page_no=179'>Next<\/a>\n\t<\/li>\n\n\n    \n\n<li><a href='?page_no=13612'>Last &rsaquo;&rsaquo;<\/a><\/li>\n\n<\/ul>\n\n\n--><br \/>\n<\/body><\/p>\n","protected":false},"excerpt":{"rendered":"<p>A Pleno Sol La Teolog\u00eda de la Liberaci\u00f3n Por Manuel Hern\u00e1ndez Villeta La Teolog\u00eda de la Liberaci\u00f3n surgi\u00f3 como la cara humana y social de la iglesia cat\u00f3lica. Cre\u00f3 un gran movimiento, pero paulatinamente fue congelada. Hoy solo queda el recuerdo y algunos de sus principales ide\u00f3logos escribiendo de filosof\u00eda o impartiendo docencia. Fue un [&hellip;]<\/p>\n","protected":false},"author":3,"featured_media":0,"comment_status":"open","ping_status":"open","sticky":false,"template":"","format":"standard","meta":{"footnotes":""},"categories":[16],"tags":[],"class_list":["post-38359","post","type-post","status-publish","format-standard","hentry","category-opiniones"],"_links":{"self":[{"href":"https:\/\/diariodominicano.com\/index.php?rest_route=\/wp\/v2\/posts\/38359","targetHints":{"allow":["GET"]}}],"collection":[{"href":"https:\/\/diariodominicano.com\/index.php?rest_route=\/wp\/v2\/posts"}],"about":[{"href":"https:\/\/diariodominicano.com\/index.php?rest_route=\/wp\/v2\/types\/post"}],"author":[{"embeddable":true,"href":"https:\/\/diariodominicano.com\/index.php?rest_route=\/wp\/v2\/users\/3"}],"replies":[{"embeddable":true,"href":"https:\/\/diariodominicano.com\/index.php?rest_route=%2Fwp%2Fv2%2Fcomments&post=38359"}],"version-history":[{"count":0,"href":"https:\/\/diariodominicano.com\/index.php?rest_route=\/wp\/v2\/posts\/38359\/revisions"}],"wp:attachment":[{"href":"https:\/\/diariodominicano.com\/index.php?rest_route=%2Fwp%2Fv2%2Fmedia&parent=38359"}],"wp:term":[{"taxonomy":"category","embeddable":true,"href":"https:\/\/diariodominicano.com\/index.php?rest_route=%2Fwp%2Fv2%2Fcategories&post=38359"},{"taxonomy":"post_tag","embeddable":true,"href":"https:\/\/diariodominicano.com\/index.php?rest_route=%2Fwp%2Fv2%2Ftags&post=38359"}],"curies":[{"name":"wp","href":"https:\/\/api.w.org\/{rel}","templated":true}]}}