{"id":383589,"date":"2022-09-16T09:19:21","date_gmt":"2022-09-16T13:19:21","guid":{"rendered":"http:\/\/diariodominicano.com\/?p=383589"},"modified":"2022-09-16T09:19:21","modified_gmt":"2022-09-16T13:19:21","slug":"presidente-de-cuba-saluda-fiesta-patria-de-mexico","status":"publish","type":"post","link":"https:\/\/diariodominicano.com\/?p=383589","title":{"rendered":"Presidente de Cuba saluda fiesta patria de M\u00e9xico"},"content":{"rendered":"\n<p>La Habana, 16 sep (Prensa Latina) El presidente de Cuba, Miguel D\u00edaz-Canel, dese\u00f3 hoy felices fiestas patrias a M\u00e9xico, por conmemorarse el aniversario 212 del grito de independencia en el vecino pa\u00eds.&nbsp;&nbsp;&nbsp;&nbsp;<\/p>\n\n\n\n<ul class=\"wp-block-list\"><li>septiembre 16, 2022<\/li><li>CDT08:44 (GMT) -0400<\/li><\/ul>\n\n\n\n<p>En un mensaje v\u00eda Twitter a su hom\u00f3logo mexicano, Andr\u00e9s Manuel L\u00f3pez Obrador, el mandatario ratific\u00f3 el buen estado de las relaciones bilaterales y reiter\u00f3 que \u201centre todos los hermanos que nos dio Nuestra Am\u00e9rica, M\u00e9xico cuenta, por muchas razones, como uno de los m\u00e1s entra\u00f1ables para Cuba \u00ab. \u201c \u00a1Viva M\u00e9xico!\u201d, subray\u00f3.<\/p>\n\n\n\n<p>Tambi\u00e9n agradeci\u00f3 la solidaridad y apoyo de M\u00e9xico \u201cen las horas dif\u00edciles y gloriosas\u201d. \u201cGracias por la historia, la solidaridad y el valor\u201d, expres\u00f3.<\/p>\n\n\n\n<p>Con motivo de las celebraciones por la fiesta patria mexicana, en la isla se desarrolla un vasto programa de actividades, que incluye conciertos, conversatorios y la puesta de ofrendas florales a los pr\u00f3ceres Jos\u00e9 Mart\u00ed, Miguel Hidalgo y Jos\u00e9 Mar\u00eda Morelos, en los parques Central y de la Fraternidad.<\/p>\n\n\n\n<p>De acuerdo con el presidente de la Sociedad cultural Cubano-Mexicana, Miguel Barnet, el Grito de Dolores, encabezado por el sacerdote Miguel Hidalgo el 16 de septiembre de 1810, fue un trascendental hecho que desencaden\u00f3 los procesos independentistas en Latinoam\u00e9rica. mgt\/mks<\/p>\n","protected":false},"excerpt":{"rendered":"<p>La Habana, 16 sep (Prensa Latina) El presidente de Cuba, Miguel D\u00edaz-Canel, dese\u00f3 hoy felices fiestas patrias a M\u00e9xico, por conmemorarse el aniversario 212 del grito de independencia en el vecino pa\u00eds.&nbsp;&nbsp;&nbsp;&nbsp; septiembre 16, 2022 CDT08:44 (GMT) -0400 En un mensaje v\u00eda Twitter a su hom\u00f3logo mexicano, Andr\u00e9s Manuel L\u00f3pez Obrador, el mandatario ratific\u00f3 el [&hellip;]<\/p>\n","protected":false},"author":28,"featured_media":383591,"comment_status":"closed","ping_status":"","sticky":true,"template":"","format":"standard","meta":{"footnotes":""},"categories":[26,23,27],"tags":[],"class_list":["post-383589","post","type-post","status-publish","format-standard","has-post-thumbnail","hentry","category-efemerides","category-internacional","category-portada"],"_links":{"self":[{"href":"https:\/\/diariodominicano.com\/index.php?rest_route=\/wp\/v2\/posts\/383589","targetHints":{"allow":["GET"]}}],"collection":[{"href":"https:\/\/diariodominicano.com\/index.php?rest_route=\/wp\/v2\/posts"}],"about":[{"href":"https:\/\/diariodominicano.com\/index.php?rest_route=\/wp\/v2\/types\/post"}],"author":[{"embeddable":true,"href":"https:\/\/diariodominicano.com\/index.php?rest_route=\/wp\/v2\/users\/28"}],"replies":[{"embeddable":true,"href":"https:\/\/diariodominicano.com\/index.php?rest_route=%2Fwp%2Fv2%2Fcomments&post=383589"}],"version-history":[{"count":1,"href":"https:\/\/diariodominicano.com\/index.php?rest_route=\/wp\/v2\/posts\/383589\/revisions"}],"predecessor-version":[{"id":383592,"href":"https:\/\/diariodominicano.com\/index.php?rest_route=\/wp\/v2\/posts\/383589\/revisions\/383592"}],"wp:featuredmedia":[{"embeddable":true,"href":"https:\/\/diariodominicano.com\/index.php?rest_route=\/wp\/v2\/media\/383591"}],"wp:attachment":[{"href":"https:\/\/diariodominicano.com\/index.php?rest_route=%2Fwp%2Fv2%2Fmedia&parent=383589"}],"wp:term":[{"taxonomy":"category","embeddable":true,"href":"https:\/\/diariodominicano.com\/index.php?rest_route=%2Fwp%2Fv2%2Fcategories&post=383589"},{"taxonomy":"post_tag","embeddable":true,"href":"https:\/\/diariodominicano.com\/index.php?rest_route=%2Fwp%2Fv2%2Ftags&post=383589"}],"curies":[{"name":"wp","href":"https:\/\/api.w.org\/{rel}","templated":true}]}}