{"id":383568,"date":"2022-09-16T08:41:14","date_gmt":"2022-09-16T12:41:14","guid":{"rendered":"http:\/\/diariodominicano.com\/?p=383568"},"modified":"2022-09-16T08:41:14","modified_gmt":"2022-09-16T12:41:14","slug":"ee-uu-felicita-al-gobierno-y-al-pueblo-mexicano-en-el-dia-nacional-de-mexico","status":"publish","type":"post","link":"https:\/\/diariodominicano.com\/?p=383568","title":{"rendered":"EE UU felicita al Gobierno y al pueblo mexicano en el D\u00eda Nacional de M\u00e9xico"},"content":{"rendered":"\n<p> <strong>D\u00eda Nacional de M\u00e9xico <\/strong><\/p>\n\n\n\n<p>Antony J. Blinken, Secretario de Estado<\/p>\n\n\n\n<p>En nombre del pueblo y el gobierno de los Estados Unidos de Am\u00e9rica, felicito al gobierno mexicano ya su pueblo en la celebraci\u00f3n de la independencia de M\u00e9xico. \u00a1Felicidades por m\u00e1s de 200 a\u00f1os de independencia!<\/p>\n\n\n\n<p>Como dos naciones con una asociaci\u00f3n duradera basada en la soberan\u00eda, el respeto mutuo y el v\u00ednculo extraordinario de la familia y la amistad, tenemos una historia y un futuro compartidos. Este a\u00f1o, al celebrar 200 a\u00f1os de relaciones diplom\u00e1ticas, reflexionamos sobre la invaluable asociaci\u00f3n y el progreso que hemos logrado el a\u00f1o pasado. <\/p>\n\n\n\n<p>Desde el Marco del Bicentenario M\u00e9xico-Estados Unidos para la Seguridad, la Salud P\u00fablica y las Comunidades Seguras hasta la promoci\u00f3n del crecimiento econ\u00f3mico sostenible a trav\u00e9s del Di\u00e1logo Econ\u00f3mico de Alto Nivel y el avance de la exploraci\u00f3n responsable del espacio exterior a trav\u00e9s de los Acuerdos Artemis, apreciamos nuestra amplia y profunda relaci\u00f3n con M\u00e9xico y valoramos mucho las contribuciones de M\u00e9xico a una Am\u00e9rica del Norte fuerte y pr\u00f3spera.<\/p>\n\n\n\n<p>Estados Unidos y M\u00e9xico dependen el uno del otro para la seguridad, la prosperidad y una cultura cada vez m\u00e1s compartida. Le deseo todo lo mejor al pueblo de M\u00e9xico a medida que fortalecemos a\u00fan m\u00e1s nuestra firme asociaci\u00f3n. \u00a1Que viva M\u00e9xico, y que sigamos creciendo juntos!<\/p>\n\n\n\n<p> D\u00eda Nacional de M\u00e9xico<br>16\/09\/2022 08:00 a. m. EDT <\/p>\n","protected":false},"excerpt":{"rendered":"<p>D\u00eda Nacional de M\u00e9xico Antony J. Blinken, Secretario de Estado En nombre del pueblo y el gobierno de los Estados Unidos de Am\u00e9rica, felicito al gobierno mexicano ya su pueblo en la celebraci\u00f3n de la independencia de M\u00e9xico. \u00a1Felicidades por m\u00e1s de 200 a\u00f1os de independencia! Como dos naciones con una asociaci\u00f3n duradera basada en [&hellip;]<\/p>\n","protected":false},"author":28,"featured_media":334532,"comment_status":"closed","ping_status":"","sticky":true,"template":"","format":"standard","meta":{"footnotes":""},"categories":[26,23],"tags":[],"class_list":["post-383568","post","type-post","status-publish","format-standard","has-post-thumbnail","hentry","category-efemerides","category-internacional"],"_links":{"self":[{"href":"https:\/\/diariodominicano.com\/index.php?rest_route=\/wp\/v2\/posts\/383568","targetHints":{"allow":["GET"]}}],"collection":[{"href":"https:\/\/diariodominicano.com\/index.php?rest_route=\/wp\/v2\/posts"}],"about":[{"href":"https:\/\/diariodominicano.com\/index.php?rest_route=\/wp\/v2\/types\/post"}],"author":[{"embeddable":true,"href":"https:\/\/diariodominicano.com\/index.php?rest_route=\/wp\/v2\/users\/28"}],"replies":[{"embeddable":true,"href":"https:\/\/diariodominicano.com\/index.php?rest_route=%2Fwp%2Fv2%2Fcomments&post=383568"}],"version-history":[{"count":1,"href":"https:\/\/diariodominicano.com\/index.php?rest_route=\/wp\/v2\/posts\/383568\/revisions"}],"predecessor-version":[{"id":383569,"href":"https:\/\/diariodominicano.com\/index.php?rest_route=\/wp\/v2\/posts\/383568\/revisions\/383569"}],"wp:featuredmedia":[{"embeddable":true,"href":"https:\/\/diariodominicano.com\/index.php?rest_route=\/wp\/v2\/media\/334532"}],"wp:attachment":[{"href":"https:\/\/diariodominicano.com\/index.php?rest_route=%2Fwp%2Fv2%2Fmedia&parent=383568"}],"wp:term":[{"taxonomy":"category","embeddable":true,"href":"https:\/\/diariodominicano.com\/index.php?rest_route=%2Fwp%2Fv2%2Fcategories&post=383568"},{"taxonomy":"post_tag","embeddable":true,"href":"https:\/\/diariodominicano.com\/index.php?rest_route=%2Fwp%2Fv2%2Ftags&post=383568"}],"curies":[{"name":"wp","href":"https:\/\/api.w.org\/{rel}","templated":true}]}}