{"id":383548,"date":"2022-09-16T00:25:38","date_gmt":"2022-09-16T04:25:38","guid":{"rendered":"http:\/\/diariodominicano.com\/?p=383548"},"modified":"2022-09-16T00:41:02","modified_gmt":"2022-09-16T04:41:02","slug":"el-ejercito-espanol-mata-a-tres-dominicanos-restauradores-en-guaynamoca","status":"publish","type":"post","link":"https:\/\/diariodominicano.com\/?p=383548","title":{"rendered":"El Ej\u00e9rcito Espa\u00f1ol mata a tres dominicanos restauradores en Guaynamoca"},"content":{"rendered":"\n<p>Por HTN<\/p>\n\n\n\n<p>Diariodominicano.com<\/p>\n\n\n\n<p><\/p>\n\n\n\n<p>&nbsp;PUERTO PLATA,&nbsp; el 16 de septiembre de 1863, durante la Guerra de la Restauraci\u00f3n, las tropas espa\u00f1olas se enfrentaron a los restauradores en Guaynamoca.<\/p>\n\n\n\n<p>&nbsp;&nbsp;&nbsp; En el combate mataron a tres dominicanos y ocasionaron heridas a&nbsp; otros 26.<\/p>\n\n\n\n<p>&nbsp;&nbsp;&nbsp; El mismo&nbsp; d\u00eda salieron de Sabaneta hacia&nbsp; la regi\u00f3n&nbsp; sur el general Santiago Rodr\u00edguez y el Coronel Jos\u00e9 Cabrera, con el prop\u00f3sito de promover la lucha por la Restauraci\u00f3n de la Rep\u00fablica.<\/p>\n\n\n\n<p>&nbsp;&nbsp;&nbsp; El objetivo de los dos oficiales superiores del Ej\u00e9rcito de la Restauraci\u00f3n era llegar a la comunidad de Las Matas de Farf\u00e1n.<\/p>\n\n\n\n<p>&nbsp;&nbsp;&nbsp;&nbsp; El General Santiago Rodr\u00edguez y el Coronel Jos\u00e9 Cabrera fueron de las principales figuras de la Guerra de la Restauraci\u00f3n, la cual termin\u00f3 en julio de 1865, con la salida de los \u00faltimos militares espa\u00f1oles y dominicanos que los apoyaron en la lucha contra los pr\u00f3ceres.<\/p>\n","protected":false},"excerpt":{"rendered":"<p>Por HTN Diariodominicano.com &nbsp;PUERTO PLATA,&nbsp; el 16 de septiembre de 1863, durante la Guerra de la Restauraci\u00f3n, las tropas espa\u00f1olas se enfrentaron a los restauradores en Guaynamoca. &nbsp;&nbsp;&nbsp; En el combate mataron a tres dominicanos y ocasionaron heridas a&nbsp; otros 26. &nbsp;&nbsp;&nbsp; El mismo&nbsp; d\u00eda salieron de Sabaneta hacia&nbsp; la regi\u00f3n&nbsp; sur el general Santiago [&hellip;]<\/p>\n","protected":false},"author":28,"featured_media":376786,"comment_status":"closed","ping_status":"","sticky":true,"template":"","format":"standard","meta":{"footnotes":""},"categories":[26,27],"tags":[],"class_list":["post-383548","post","type-post","status-publish","format-standard","has-post-thumbnail","hentry","category-efemerides","category-portada"],"_links":{"self":[{"href":"https:\/\/diariodominicano.com\/index.php?rest_route=\/wp\/v2\/posts\/383548","targetHints":{"allow":["GET"]}}],"collection":[{"href":"https:\/\/diariodominicano.com\/index.php?rest_route=\/wp\/v2\/posts"}],"about":[{"href":"https:\/\/diariodominicano.com\/index.php?rest_route=\/wp\/v2\/types\/post"}],"author":[{"embeddable":true,"href":"https:\/\/diariodominicano.com\/index.php?rest_route=\/wp\/v2\/users\/28"}],"replies":[{"embeddable":true,"href":"https:\/\/diariodominicano.com\/index.php?rest_route=%2Fwp%2Fv2%2Fcomments&post=383548"}],"version-history":[{"count":2,"href":"https:\/\/diariodominicano.com\/index.php?rest_route=\/wp\/v2\/posts\/383548\/revisions"}],"predecessor-version":[{"id":383559,"href":"https:\/\/diariodominicano.com\/index.php?rest_route=\/wp\/v2\/posts\/383548\/revisions\/383559"}],"wp:featuredmedia":[{"embeddable":true,"href":"https:\/\/diariodominicano.com\/index.php?rest_route=\/wp\/v2\/media\/376786"}],"wp:attachment":[{"href":"https:\/\/diariodominicano.com\/index.php?rest_route=%2Fwp%2Fv2%2Fmedia&parent=383548"}],"wp:term":[{"taxonomy":"category","embeddable":true,"href":"https:\/\/diariodominicano.com\/index.php?rest_route=%2Fwp%2Fv2%2Fcategories&post=383548"},{"taxonomy":"post_tag","embeddable":true,"href":"https:\/\/diariodominicano.com\/index.php?rest_route=%2Fwp%2Fv2%2Ftags&post=383548"}],"curies":[{"name":"wp","href":"https:\/\/api.w.org\/{rel}","templated":true}]}}