{"id":383527,"date":"2022-09-15T23:54:36","date_gmt":"2022-09-16T03:54:36","guid":{"rendered":"http:\/\/diariodominicano.com\/?p=383527"},"modified":"2022-09-15T23:54:36","modified_gmt":"2022-09-16T03:54:36","slug":"se-inicia-en-eua-el-mes-de-la-herencia-hispana","status":"publish","type":"post","link":"https:\/\/diariodominicano.com\/?p=383527","title":{"rendered":"Se inicia en EUA el mes de la Herencia Hispana"},"content":{"rendered":"\n<p><\/p>\n\n\n\n<p><strong>Por Ram\u00f3n Mercedes<\/strong><\/p>\n\n\n\n<p><strong>NUEVA YORK.-<\/strong>&nbsp;Inici\u00f3 este jueves 15 hasta el pr\u00f3ximo octubre 15 el \u201cMes de la Herencia Hispana\u201d en Estados Unidos para evocar sus logros, historia, cultura, aportes y contribuciones de esta etnia en territorio estadounidense.<\/p>\n\n\n\n<p>El \u201cMes de la Herencia Hispana\u201d comenz\u00f3 como \u201cLa Semana de la Herencia Hispana\u201d establecida por una legislaci\u00f3n patrocinada por el representante de Los \u00c1ngeles, Edward R. Roybal, y promulgada en 1968 por el presidente Lyndon Johnson, quien inst\u00f3 al pueblo estadounidense a observarla con ceremonias y actividades apropiadas.<\/p>\n\n\n\n<p>Luego, en 1974, el entonces presidente Gerald R. Ford emiti\u00f3 una proclama que instaba a las escuelas y a las organizaciones de derechos humanos a participar de lleno en esa semana.<\/p>\n\n\n\n<p>En 1988, el entonces presidente Ronald Reagan reiter\u00f3 la llamada de Ford a un reconocimiento m\u00e1s amplio de los estadounidenses de origen hispano y para ello el Congreso aprob\u00f3 la Ley 100-402 que ampli\u00f3 su celebraci\u00f3n a un mes y se denomin\u00f3 \u201cMes de la Herencia Hispana en EE.UU.\u201d<\/p>\n\n\n\n<p>Fue proclamado por primera vez por el presidente George Bush, el 14 de septiembre de 1989, y desde entonces todos los presidentes efect\u00faan una Proclamaci\u00f3n Presidencial para conmemorar la fecha.<\/p>\n\n\n\n<p>El origen de la festividad, porque es el aniversario de la independencia de cinco pa\u00edses hispanos: Costa Rica, El Salvador, Guatemala, Honduras y Nicaragua.<\/p>\n\n\n\n<p>Adem\u00e1s, M\u00e9xico, Chile, Belice y Puerto Rico celebran sus independencias el 16, 18, 21 y 23 de septiembre respectivamente. Obviamente, el mes engloba el 12 de octubre d\u00eda de la llegada de los espa\u00f1oles a Am\u00e9rica.<\/p>\n\n\n\n<p>M\u00e1s de 18% de la poblaci\u00f3n en los USA (331,449.281) es de origen hispana. Los estados con m\u00e1s de un mill\u00f3n de residentes hispanos son Arizona, California, Carolina del Norte, Colorado, Florida, Georgia, Illinois, Nueva Jersey, Nuevo M\u00e9xico, Nueva York, Pensilvania, Texas y Washington.<\/p>\n","protected":false},"excerpt":{"rendered":"<p>Por Ram\u00f3n Mercedes NUEVA YORK.-&nbsp;Inici\u00f3 este jueves 15 hasta el pr\u00f3ximo octubre 15 el \u201cMes de la Herencia Hispana\u201d en Estados Unidos para evocar sus logros, historia, cultura, aportes y contribuciones de esta etnia en territorio estadounidense. El \u201cMes de la Herencia Hispana\u201d comenz\u00f3 como \u201cLa Semana de la Herencia Hispana\u201d establecida por una legislaci\u00f3n [&hellip;]<\/p>\n","protected":false},"author":28,"featured_media":383528,"comment_status":"closed","ping_status":"","sticky":true,"template":"","format":"standard","meta":{"footnotes":""},"categories":[26,23,27],"tags":[],"class_list":["post-383527","post","type-post","status-publish","format-standard","has-post-thumbnail","hentry","category-efemerides","category-internacional","category-portada"],"_links":{"self":[{"href":"https:\/\/diariodominicano.com\/index.php?rest_route=\/wp\/v2\/posts\/383527","targetHints":{"allow":["GET"]}}],"collection":[{"href":"https:\/\/diariodominicano.com\/index.php?rest_route=\/wp\/v2\/posts"}],"about":[{"href":"https:\/\/diariodominicano.com\/index.php?rest_route=\/wp\/v2\/types\/post"}],"author":[{"embeddable":true,"href":"https:\/\/diariodominicano.com\/index.php?rest_route=\/wp\/v2\/users\/28"}],"replies":[{"embeddable":true,"href":"https:\/\/diariodominicano.com\/index.php?rest_route=%2Fwp%2Fv2%2Fcomments&post=383527"}],"version-history":[{"count":1,"href":"https:\/\/diariodominicano.com\/index.php?rest_route=\/wp\/v2\/posts\/383527\/revisions"}],"predecessor-version":[{"id":383529,"href":"https:\/\/diariodominicano.com\/index.php?rest_route=\/wp\/v2\/posts\/383527\/revisions\/383529"}],"wp:featuredmedia":[{"embeddable":true,"href":"https:\/\/diariodominicano.com\/index.php?rest_route=\/wp\/v2\/media\/383528"}],"wp:attachment":[{"href":"https:\/\/diariodominicano.com\/index.php?rest_route=%2Fwp%2Fv2%2Fmedia&parent=383527"}],"wp:term":[{"taxonomy":"category","embeddable":true,"href":"https:\/\/diariodominicano.com\/index.php?rest_route=%2Fwp%2Fv2%2Fcategories&post=383527"},{"taxonomy":"post_tag","embeddable":true,"href":"https:\/\/diariodominicano.com\/index.php?rest_route=%2Fwp%2Fv2%2Ftags&post=383527"}],"curies":[{"name":"wp","href":"https:\/\/api.w.org\/{rel}","templated":true}]}}