{"id":383522,"date":"2022-09-15T23:47:10","date_gmt":"2022-09-16T03:47:10","guid":{"rendered":"http:\/\/diariodominicano.com\/?p=383522"},"modified":"2022-09-15T23:47:10","modified_gmt":"2022-09-16T03:47:10","slug":"grandioso-festejo-en-el-zocalo-por-la-independencia-de-mexico","status":"publish","type":"post","link":"https:\/\/diariodominicano.com\/?p=383522","title":{"rendered":"Grandioso festejo en el Z\u00f3calo por la independencia de M\u00e9xico"},"content":{"rendered":"\n<p>Ciudad de M\u00e9xico, 15 sep (Prensa Latina) Los 46 mil 800 metros cuadrados del Z\u00f3calo de Ciudad de M\u00e9xico, no fueron hoy suficientes para albergar a los miles de mexicanos concentrados para celebrar el 212 aniversario del inicio de la independencia.&nbsp;&nbsp;&nbsp;&nbsp;<\/p>\n\n\n\n<ul class=\"wp-block-list\"><li>septiembre 15, 2022<\/li><li>CDT23:22 (GMT) -0400<\/li><\/ul>\n\n\n\n<ul class=\"wp-block-list\"><li><a href=\"https:\/\/www.prensa-latina.cu\/author\/lma\">Por:&nbsp;Luis Manuel Arce Isaac<\/a><\/li><\/ul>\n\n\n\n<p>Los mexicanos estaban ansiosos de que llegara este d\u00eda pues hac\u00eda dos a\u00f1os que, por la Covid-19, no se reun\u00edan frente al Palacio Nacional para escuchar el tradicional Grito de Dolores, un remedo del que dio la noche del 15 y la madrugada del 16 en Guanajuato el cura Miguel Hidalgo y Costilla.<\/p>\n\n\n\n<p>El propio presidente Andr\u00e9s Manuel L\u00f3pez Obrador hizo la convocatoria para que lloviera, tronara o relampagueara, el pueblo se reuniera para iniciar la fiesta a las ocho de la noche, hacer un par\u00e9ntesis a las 11 para escuchar el grito, y seguirla despu\u00e9s de este hasta las tres de la madrugada del 16.<\/p>\n\n\n\n<p>\u00bfCu\u00e1ntas personas se congregaron? Es seguro que m\u00e1s de las 200 mil que caben apretujadas en la explanada, si se cuentan las calles que convergen en el Z\u00f3calo, pero fue una concurrencia de las mayores que se recuerden.<\/p>\n\n\n\n<p>La fiesta la ameniz\u00f3 el popular grupo de m\u00fasica norte\u00f1a Los Tigres del Norte con sus famosos corridos y la alegr\u00eda de su m\u00fasica regional que anim\u00f3 a la multitud, la cual empez\u00f3 a llenar la plaza desde el mediod\u00eda para no quedarse fuera de la plaza.<\/p>\n\n\n\n<p>Los Tigres no dejaron dudas de su fama, de por qu\u00e9 es el \u00fanico grupo mexicano que ha logrado ganar seis premios Grammy y 12 Grammy Latino, que su m\u00fasica haya traspasado fronteras y los motivos por los cuales han filmado 40 pel\u00edculas.<\/p>\n\n\n\n<p>El entorno para el espect\u00e1culo no pudo ser m\u00e1s llamativo con los frontales de las edificaciones iluminados con los colores de la bandera y decorados con la simbolog\u00eda de la lucha por la independencia de 1810 y la Revoluci\u00f3n de 1910 en los que se exaltan los signos patrios y los grandes h\u00e9roes de su rica historia.<\/p>\n\n\n\n<p>Por disposici\u00f3n oficial, el jolgorio no puede esperar la salida del sol a fin de despejar la plaza con tiempo suficiente para ser ocupada poco despu\u00e9s por las tropas que participar\u00e1n en el tradicional desfile militar hacia Campo Marte, donde concluye el 16 la conmemoraci\u00f3n.<\/p>\n\n\n\n<p>jha\/lma<\/p>\n","protected":false},"excerpt":{"rendered":"<p>Ciudad de M\u00e9xico, 15 sep (Prensa Latina) Los 46 mil 800 metros cuadrados del Z\u00f3calo de Ciudad de M\u00e9xico, no fueron hoy suficientes para albergar a los miles de mexicanos concentrados para celebrar el 212 aniversario del inicio de la independencia.&nbsp;&nbsp;&nbsp;&nbsp; septiembre 15, 2022 CDT23:22 (GMT) -0400 Por:&nbsp;Luis Manuel Arce Isaac Los mexicanos estaban ansiosos [&hellip;]<\/p>\n","protected":false},"author":28,"featured_media":335204,"comment_status":"closed","ping_status":"","sticky":false,"template":"","format":"standard","meta":{"footnotes":""},"categories":[26],"tags":[],"class_list":["post-383522","post","type-post","status-publish","format-standard","has-post-thumbnail","hentry","category-efemerides"],"_links":{"self":[{"href":"https:\/\/diariodominicano.com\/index.php?rest_route=\/wp\/v2\/posts\/383522","targetHints":{"allow":["GET"]}}],"collection":[{"href":"https:\/\/diariodominicano.com\/index.php?rest_route=\/wp\/v2\/posts"}],"about":[{"href":"https:\/\/diariodominicano.com\/index.php?rest_route=\/wp\/v2\/types\/post"}],"author":[{"embeddable":true,"href":"https:\/\/diariodominicano.com\/index.php?rest_route=\/wp\/v2\/users\/28"}],"replies":[{"embeddable":true,"href":"https:\/\/diariodominicano.com\/index.php?rest_route=%2Fwp%2Fv2%2Fcomments&post=383522"}],"version-history":[{"count":1,"href":"https:\/\/diariodominicano.com\/index.php?rest_route=\/wp\/v2\/posts\/383522\/revisions"}],"predecessor-version":[{"id":383523,"href":"https:\/\/diariodominicano.com\/index.php?rest_route=\/wp\/v2\/posts\/383522\/revisions\/383523"}],"wp:featuredmedia":[{"embeddable":true,"href":"https:\/\/diariodominicano.com\/index.php?rest_route=\/wp\/v2\/media\/335204"}],"wp:attachment":[{"href":"https:\/\/diariodominicano.com\/index.php?rest_route=%2Fwp%2Fv2%2Fmedia&parent=383522"}],"wp:term":[{"taxonomy":"category","embeddable":true,"href":"https:\/\/diariodominicano.com\/index.php?rest_route=%2Fwp%2Fv2%2Fcategories&post=383522"},{"taxonomy":"post_tag","embeddable":true,"href":"https:\/\/diariodominicano.com\/index.php?rest_route=%2Fwp%2Fv2%2Ftags&post=383522"}],"curies":[{"name":"wp","href":"https:\/\/api.w.org\/{rel}","templated":true}]}}