{"id":38348,"date":"2020-06-23T23:21:03","date_gmt":"2020-06-23T23:21:03","guid":{"rendered":"http:\/\/diariodominicano.ddns.net\/?p=38348"},"modified":"2020-06-23T23:21:03","modified_gmt":"2020-06-23T23:21:03","slug":"maniobra-burda-y-peligrosa","status":"publish","type":"post","link":"https:\/\/diariodominicano.com\/?p=38348","title":{"rendered":"&#13;Maniobra burda y peligrosa"},"content":{"rendered":"<p><body><\/p>\n<p><strong>Diariodominicano.com<\/strong><\/p>\n<p><strong>VISI\u00d3N GLOBAL<\/strong><\/p>\n<p><strong>Por Nelson Encarnaci\u00f3n<\/strong><\/p>\n<p><strong>Maniobra burda y peligrosa<\/strong><\/p>\n<\/p>\n<p>No basta con que el ministro de Salud P\u00fablica lo niegue si est\u00e1 a la vista de todos que en el manejo de la pandemia y en la aplicaci\u00f3n de las pol\u00edticas oficiales ha estado en primer plano el inter\u00e9s electoral de la Administraci\u00f3n Medina.<\/p>\n<\/p>\n<p>Es decir, que el simple desmentido de las alegaciones generalizadas en ese sentido no surte efecto si el mismo no es acompa\u00f1ado con acciones concretas que le saquen de la cabeza a la mayor\u00eda del pa\u00eds esa bien fundada creencia.<\/p>\n<\/p>\n<p>La burda y peligrosa maniobra del Gobierno tendente a sembrar p\u00e1nico entre los sectores m\u00e1s conservadores ha ido quedando en evidencia con el manejo que las autoridades de Salud han dado a los aspectos m\u00e1s relevantes de la lucha contra la pandemia.<\/p>\n<\/p>\n<p>Este juego con la salud de la gente y la salud de la democracia queda al descubierto con la ampliaci\u00f3n de las pruebas de detecci\u00f3n de contagios, un incremento que previsiblemente tiene que dar como resultado un n\u00famero m\u00e1s elevado de infectados.<\/p>\n<\/p>\n<p>Para nadie debe resultar extra\u00f1o que la aplicaci\u00f3n de cinco veces m\u00e1s pruebas respecto de hace dos meses tiene que ver con la proximidad de las elecciones generales del d\u00eda cinco, y que la intenci\u00f3n es generar un n\u00famero alarmante de contagiados por d\u00eda, con el prop\u00f3sito de que los votantes se asusten y no acudan a los colegios.<\/p>\n<\/p>\n<p>Los estrategas de la campa\u00f1a pelede\u00edsta asumen?y con esto no digo nada nuevo?que los votantes m\u00e1s asustadizos corresponden a los segmentos poblacionales pol\u00edticamente menos beligerantes, es decir, sectores de clase media, media alta y alta, cuyo compromiso partidario es muy poco o probablemente nulo.<\/p>\n<\/p>\n<p>En cambio, la base m\u00e1s baja es que se moviliza con m\u00e1s entusiasmo, ya sea porque es realmente militante o porque es motivada por el clientelismo aberrante que el candidato oficialista ha practicado con una desfachatez como nadie lo hizo jam\u00e1s en nuestro pa\u00eds.<\/p>\n<\/p>\n<p>Enfocado en dicho razonamiento, el partido oficialista motiva al Ministerio de Salud P\u00fablica a ir aumentando las pruebas conforme avanzan los d\u00edas, de manera que en el umbral del proceso electoral aparezcan 1,500 \u00f3 1,700 personas infectadas por d\u00eda, con lo cual har\u00edan huir a los votantes menos fervorosos.<\/p>\n<\/p>\n<p>Para conseguir esa cifra que potencialmente alarme a la poblaci\u00f3n s\u00f3lo tendr\u00edan que duplicar la cantidad de pruebas, lo que para Salud P\u00fablica, pero m\u00e1s para quienes manejan la crisis pol\u00edticamente, no es nada dif\u00edcil.<\/p>\n<\/p>\n<p>N\u00f3tese que el manejo politiquero de la crisis sanitaria es tan claro, que las autoridades se negaron desde el comienzo mismo de la pandemia, a masificar las pruebas, lo que viene a poner en pr\u00e1ctica justamente a las puertas de los comicios.<\/p>\n<\/p>\n<p>Nelsonencar10@gmail.com<\/p>\n<\/p>\n<p>Zona de los archivos adjuntos<\/p>\n<h6> 2020-06-23 23:21:03 <\/h6>\n<p><!--\n<link rel=\"stylesheet\" href=\"css\/bootstrap.min.css\">\n\n\n<ul class=\"pagination\">\n\t    \n\t\n\n<li >\n\t<a href='?page_no=176'>Previous<\/a>\n\t<\/li>\n\n\n       \n    \n\n<li><a href='?page_no=1'>1<\/a><\/li>\n\n\n\n<li><a href='?page_no=2'>2<\/a><\/li>\n\n\n\n<li><a>...<\/a><\/li>\n\n\n\n<li><a href='?page_no=175'>175<\/a><\/li>\n\n\n\n<li><a href='?page_no=176'>176<\/a><\/li>\n\n\n\n<li class='active'><a>177<\/a><\/li>\n\n\n\n<li><a href='?page_no=178'>178<\/a><\/li>\n\n\n\n<li><a href='?page_no=179'>179<\/a><\/li>\n\n\n\n<li><a>...<\/a><\/li>\n\n\n\n<li><a href='?page_no=13611'>13611<\/a><\/li>\n\n\n\n<li><a href='?page_no=13612'>13612<\/a><\/li>\n\n    \n\t\n\n<li >\n\t<a href='?page_no=178'>Next<\/a>\n\t<\/li>\n\n\n    \n\n<li><a href='?page_no=13612'>Last &rsaquo;&rsaquo;<\/a><\/li>\n\n<\/ul>\n\n\n--><br \/>\n<\/body><\/p>\n","protected":false},"excerpt":{"rendered":"<p>Diariodominicano.com VISI\u00d3N GLOBAL Por Nelson Encarnaci\u00f3n Maniobra burda y peligrosa No basta con que el ministro de Salud P\u00fablica lo niegue si est\u00e1 a la vista de todos que en el manejo de la pandemia y en la aplicaci\u00f3n de las pol\u00edticas oficiales ha estado en primer plano el inter\u00e9s electoral de la Administraci\u00f3n Medina. [&hellip;]<\/p>\n","protected":false},"author":3,"featured_media":0,"comment_status":"open","ping_status":"open","sticky":false,"template":"","format":"standard","meta":{"footnotes":""},"categories":[16],"tags":[],"class_list":["post-38348","post","type-post","status-publish","format-standard","hentry","category-opiniones"],"_links":{"self":[{"href":"https:\/\/diariodominicano.com\/index.php?rest_route=\/wp\/v2\/posts\/38348","targetHints":{"allow":["GET"]}}],"collection":[{"href":"https:\/\/diariodominicano.com\/index.php?rest_route=\/wp\/v2\/posts"}],"about":[{"href":"https:\/\/diariodominicano.com\/index.php?rest_route=\/wp\/v2\/types\/post"}],"author":[{"embeddable":true,"href":"https:\/\/diariodominicano.com\/index.php?rest_route=\/wp\/v2\/users\/3"}],"replies":[{"embeddable":true,"href":"https:\/\/diariodominicano.com\/index.php?rest_route=%2Fwp%2Fv2%2Fcomments&post=38348"}],"version-history":[{"count":0,"href":"https:\/\/diariodominicano.com\/index.php?rest_route=\/wp\/v2\/posts\/38348\/revisions"}],"wp:attachment":[{"href":"https:\/\/diariodominicano.com\/index.php?rest_route=%2Fwp%2Fv2%2Fmedia&parent=38348"}],"wp:term":[{"taxonomy":"category","embeddable":true,"href":"https:\/\/diariodominicano.com\/index.php?rest_route=%2Fwp%2Fv2%2Fcategories&post=38348"},{"taxonomy":"post_tag","embeddable":true,"href":"https:\/\/diariodominicano.com\/index.php?rest_route=%2Fwp%2Fv2%2Ftags&post=38348"}],"curies":[{"name":"wp","href":"https:\/\/api.w.org\/{rel}","templated":true}]}}