{"id":38337,"date":"2020-06-23T23:39:53","date_gmt":"2020-06-23T23:39:53","guid":{"rendered":"http:\/\/diariodominicano.ddns.net\/?p=38337"},"modified":"2020-06-23T23:39:53","modified_gmt":"2020-06-23T23:39:53","slug":"abinader-consolida-su-triunfo-en-primera-vuelta","status":"publish","type":"post","link":"https:\/\/diariodominicano.com\/?p=38337","title":{"rendered":"&#13;Abinader consolida su triunfo en primera vuelta"},"content":{"rendered":"<p><body><\/p>\n<p><strong>Diariodominicano.com<\/strong><\/p>\n<p><strong>Habl\u00f3 la Gallup<\/strong><\/p>\n<p><strong>Abinader consolida su triunfo en primera vuelta<\/strong><\/p>\n<p><strong>Manuel D\u00edaz Aponte<\/strong><\/p>\n<\/p>\n<p>El panorama pol\u00edtico de cara a las elecciones del 5 de julio tiene ahora un nuevo perfil con los resultados de la firma encuestadora Gallup, que otorga al candidato presidencial del Partido Revolucionario Moderno (PRM), Luis Abinader, un 53.7%, para ganar en primera vuelta.<\/p>\n<\/p>\n<p>En cambio, Gonzalo Castillo, del Partido de la Liberaci\u00f3n Dominicana (PLD), tiene 35.5% de la simpat\u00eda electoral y Leonel Fern\u00e1ndez, de la Fuerza del Pueblo (FP), 8.6%.<\/p>\n<\/p>\n<p>El candidato Guillermo Moreno, del Partido Alianza Pa\u00eds (AL PAIS), cuenta con 1.3% de apoyo.<\/p>\n<\/p>\n<p>Se trata de una de las mediciones electorales m\u00e1s esperada por la ciudadan\u00eda, que fue hecha del 12 al 16 de junio.<\/p>\n<\/p>\n<p>Un dato importante de este estudio indica que por Abinader votar\u00eda el 95.7% de los que simpatizan por el PRM; 27% de los que se identifican con el Partido Revolucionario Dominicano (PRD) y un 35% de los se inclinan por el Partido Reformista Social Cristiano (PRSC).<\/p>\n<\/p>\n<p>Es evidente que el candidato oficialista queda muy mal parado con esta encuesta tom\u00e1ndose en cuenta que fue realizada en plena efervescencia de la pandemia, donde hizo sus mayores  alardes de reparticiones de recursos.  <\/p>\n<\/p>\n<p>Y nos preguntamos: \u00bfEst\u00e1 la poblaci\u00f3n firmemente decidida a votar por el cambio sin importar la repartici\u00f3n de salami y gas propano hecha por el Penco?<\/p>\n<\/p>\n<p>\u00bfHasta qu\u00e9 punto una campa\u00f1a asistencialista utilizando los recursos del Estado se revierte en contra de quienes la propician?<\/p>\n<\/p>\n<p>A juzgar por los resultados de este estudio de la prestigiosa firma Gallup a instancia del diario Hoy, el 75.7% de la poblaci\u00f3n dominicana ya decidi\u00f3 por qui\u00e9n votar\u00e1. S\u00f3lo un 24% a\u00fan no est\u00e1 seguro.<\/p>\n<\/p>\n<p>El Cambio <\/p>\n<\/p>\n<p>La consigna de cambio ha surcado la conciencia nacional y a muchos nos recuerda la similitud con las elecciones presidenciales de 1978, donde el candidato presidencial del PRD, Antonio Guzm\u00e1n, sac\u00f3 del Palacio Nacional, a Joaqu\u00edn Balaguer, tras 12 a\u00f1os consecutivos en el poder.  <\/p>\n<\/p>\n<p>Un factor que igualmente afecta la imagen de Gonzalo Castillo son sus limitaciones expresivas y hasta de coordinaci\u00f3n de ideas, raz\u00f3n por la cual sus estrategas de campa\u00f1a no aceptan que vaya a los programas de televisi\u00f3n a entrevistas ni siquiera a la que realiza el Grupo de Comunicaciones Corripio en su red comunicacional.<\/p>\n<\/p>\n<p>En los segmentos de clases medias y altas del pa\u00eds esas \u00abdebilidades\u00bb del candidato del PLD pueden ser devastadoras y decisivas en su contra cuando llegue la hora cero.     <\/p>\n<\/p>\n<p>Todos a las Urnas   <\/p>\n<\/p>\n<p>Los esfuerzos del principal l\u00edder de la oposici\u00f3n deben concentrarse ahora en exhortaciones para que los ciudadanos acudan a votar, siguiendo las protecciones con el uso de mascarillas y guantes.<\/p>\n<\/p>\n<p>L\u00f3gicamente, tambi\u00e9n el equipo electoral de Luis Abinader, deber\u00e1 duplicar las estrategias con miras a proteger el voto y la voluntad popular que se expresar\u00e1 el domingo cinco de julio.  <\/p>\n<\/p>\n<p>La Junta Central Electoral (JCE) debe incrementar las medidas preventivas y protocolares para que la ciudadana pueda ejercer ese derecho constitucional.<\/p>\n<\/p>\n<p>Que no haya temor porque as\u00ed como hemos estado yendo masivamente a los supermercados; centros laborales,  plazas p\u00fablicas y entidades bancarias, tambi\u00e9n se puede ir a los centros de votaciones para elegir las nuevas autoridades que asumir\u00e1n el 16 de agosto.<\/p>\n<\/p>\n<p>El 60.4% de los entrevistados por la Gallup cree que las elecciones presidenciales venideras se decidir\u00e1n en primera vuelta.<\/p>\n<\/p>\n<p>Art\u00edculo de Manuel D\u00edaz Aponte<\/p>\n<\/p>\n<p>&#8230;<\/p>\n<h6> 2020-06-23 23:39:53 <\/h6>\n<p><!--\n<link rel=\"stylesheet\" href=\"css\/bootstrap.min.css\">\n\n\n<ul class=\"pagination\">\n\t    \n\t\n\n<li >\n\t<a href='?page_no=175'>Previous<\/a>\n\t<\/li>\n\n\n       \n    \n\n<li><a href='?page_no=1'>1<\/a><\/li>\n\n\n\n<li><a href='?page_no=2'>2<\/a><\/li>\n\n\n\n<li><a>...<\/a><\/li>\n\n\n\n<li><a href='?page_no=174'>174<\/a><\/li>\n\n\n\n<li><a href='?page_no=175'>175<\/a><\/li>\n\n\n\n<li class='active'><a>176<\/a><\/li>\n\n\n\n<li><a href='?page_no=177'>177<\/a><\/li>\n\n\n\n<li><a href='?page_no=178'>178<\/a><\/li>\n\n\n\n<li><a>...<\/a><\/li>\n\n\n\n<li><a href='?page_no=13611'>13611<\/a><\/li>\n\n\n\n<li><a href='?page_no=13612'>13612<\/a><\/li>\n\n    \n\t\n\n<li >\n\t<a href='?page_no=177'>Next<\/a>\n\t<\/li>\n\n\n    \n\n<li><a href='?page_no=13612'>Last &rsaquo;&rsaquo;<\/a><\/li>\n\n<\/ul>\n\n\n--><br \/>\n<\/body><\/p>\n","protected":false},"excerpt":{"rendered":"<p>Diariodominicano.com Habl\u00f3 la Gallup Abinader consolida su triunfo en primera vuelta Manuel D\u00edaz Aponte El panorama pol\u00edtico de cara a las elecciones del 5 de julio tiene ahora un nuevo perfil con los resultados de la firma encuestadora Gallup, que otorga al candidato presidencial del Partido Revolucionario Moderno (PRM), Luis Abinader, un 53.7%, para ganar [&hellip;]<\/p>\n","protected":false},"author":3,"featured_media":0,"comment_status":"open","ping_status":"open","sticky":false,"template":"","format":"standard","meta":{"footnotes":""},"categories":[16],"tags":[],"class_list":["post-38337","post","type-post","status-publish","format-standard","hentry","category-opiniones"],"_links":{"self":[{"href":"https:\/\/diariodominicano.com\/index.php?rest_route=\/wp\/v2\/posts\/38337","targetHints":{"allow":["GET"]}}],"collection":[{"href":"https:\/\/diariodominicano.com\/index.php?rest_route=\/wp\/v2\/posts"}],"about":[{"href":"https:\/\/diariodominicano.com\/index.php?rest_route=\/wp\/v2\/types\/post"}],"author":[{"embeddable":true,"href":"https:\/\/diariodominicano.com\/index.php?rest_route=\/wp\/v2\/users\/3"}],"replies":[{"embeddable":true,"href":"https:\/\/diariodominicano.com\/index.php?rest_route=%2Fwp%2Fv2%2Fcomments&post=38337"}],"version-history":[{"count":0,"href":"https:\/\/diariodominicano.com\/index.php?rest_route=\/wp\/v2\/posts\/38337\/revisions"}],"wp:attachment":[{"href":"https:\/\/diariodominicano.com\/index.php?rest_route=%2Fwp%2Fv2%2Fmedia&parent=38337"}],"wp:term":[{"taxonomy":"category","embeddable":true,"href":"https:\/\/diariodominicano.com\/index.php?rest_route=%2Fwp%2Fv2%2Fcategories&post=38337"},{"taxonomy":"post_tag","embeddable":true,"href":"https:\/\/diariodominicano.com\/index.php?rest_route=%2Fwp%2Fv2%2Ftags&post=38337"}],"curies":[{"name":"wp","href":"https:\/\/api.w.org\/{rel}","templated":true}]}}