{"id":383330,"date":"2022-09-15T00:44:29","date_gmt":"2022-09-15T04:44:29","guid":{"rendered":"http:\/\/diariodominicano.com\/?p=383330"},"modified":"2022-09-15T00:44:29","modified_gmt":"2022-09-15T04:44:29","slug":"el-dia-que-fallecio-pedro-francisco-bono-2","status":"publish","type":"post","link":"https:\/\/diariodominicano.com\/?p=383330","title":{"rendered":"El d\u00eda que falleci\u00f3 Pedro Francisco Bon\u00f3"},"content":{"rendered":"\n<p>&nbsp; SAN&nbsp; FRANCISCO DE MACORIS, el 15 de septiembre de 1906, muri\u00f3 en&nbsp; de San Francisco de Macor\u00eds, Pedro Francisco Bon\u00f3, quien se distingui\u00f3 como soci\u00f3logo, abogado y pol\u00edtico.<\/p>\n\n\n\n<p>&nbsp;&nbsp;&nbsp; Bon\u00f3 hab\u00eda nacido en la ciudad de Santiago de los Caballeros, el 18 de Octubre de 1830. Fueron sus padres el comerciante Jos\u00e9 Bon\u00f3 y la se\u00f1ora In\u00e9s Mej\u00eda.<\/p>\n\n\n\n<p>&nbsp;&nbsp;&nbsp; Desde su adolescencia conjug\u00f3 sus actividades de estudiantes con&nbsp; el trabajo de comerciante.<\/p>\n\n\n\n<p>&nbsp;&nbsp;&nbsp; Es considerado como el primer soci\u00f3logo dominicano. Escribi\u00f3 m\u00faltiples ensayos dedicados al examen de la realidad social dominicana.<\/p>\n\n\n\n<p>&nbsp;&nbsp;&nbsp;&nbsp;&nbsp; Entre los temas que trat\u00f3 figuran los modelos de propiedad colonial y considera que \u00ablos conflictos derivados de un sistema de propiedad confuso y desorganizado influ\u00edan de manera decisiva sobre la potencia productiva del pueblo dominicano.<\/p>\n\n\n\n<p>&nbsp;&nbsp; De la ocupaci\u00f3n haitiana de 1822 entiende que trajo elementos transformadores para los dominicanos. Y concluy\u00f3:<\/p>\n\n\n\n<p>&nbsp;&nbsp;&nbsp; \u00ab1. La libertad del esclavo y la igualdad pol\u00edtica y civil; 2. La demostraci\u00f3n de los bienes y vinculados; 3. Gran parte de las tierras entraron al dominio directo de aquellos que las pose\u00edan.<\/p>\n\n\n\n<p>&nbsp;&nbsp;&nbsp;&nbsp; Pedro Francisco Bon\u00f3 tambi\u00e9n escribi\u00f3 la novela \u00abEl Montero\u00bb.<\/p>\n\n\n\n<p>&nbsp;&nbsp; Tambi\u00e9n fue secretario del general Juan Luis Franco Bid\u00f3 y fue uno de los combatientes de la batalla de Sabana Larga en la que los dominicanos derrotaron a los haitianos en el a\u00f1o 1856.<\/p>\n\n\n\n<p>&nbsp;&nbsp;&nbsp;&nbsp; Bon\u00f3 fue el intelectual m\u00e1s importante que apoy\u00f3 el movimiento liberal del&nbsp; 7 de julio de 1857, el cual desat\u00f3 en Santiago de los Caballeros una lucha&nbsp; que culmin\u00f3 con la ca\u00edda del Presidente Buenaventura B\u00e1ez.<\/p>\n\n\n\n<p>&nbsp;&nbsp; El Gobierno fue instalado de inmediato y nombrado Presidente el General Jos\u00e9 Desiderio Valverde&nbsp; y Vicepresidente el abogado Benigno Filomeno Rojas, quienes de inmediato recibieron el apoyo del Cibao.&nbsp; Esto le permiti\u00f3 organizar un movimiento armado para marchar a la ciudad de Santo Domingo, con el fin de derrocar al Presidente Buenaventura B\u00e1ez, quien estaba preparado para resistir.<\/p>\n\n\n\n<p>&nbsp;&nbsp; Las tropas del Gobierno revolucionario del Cibao eran comandadas por el general Juan Luis Franco Bid\u00f3. En Pocos d\u00edas cercaron la Capital, inici\u00e1ndose de esa manera una guerra civil.<\/p>\n\n\n\n<p>&nbsp;&nbsp;&nbsp; Entre los logros del Gobierno Liberal del Cibao figura el hecho que le dio al pa\u00eds la Constituci\u00f3n m\u00e1s democr\u00e1tica que hab\u00eda conocido en su historia.<\/p>\n\n\n\n<p>&nbsp;&nbsp;&nbsp; \u201cLa nueva Constituci\u00f3n fue elaborada en Moca y proclamada el 19 de febrero de 1858\u201d.<\/p>\n\n\n\n<p>&nbsp;&nbsp;&nbsp; La Constituci\u00f3n de Moca aboli\u00f3 la pena de muerte por motivos pol\u00edticos y consagr\u00f3 como&nbsp; derechos&nbsp; la libertad de expresi\u00f3n, el libre tr\u00e1nsito y la libertad de reuni\u00f3n pac\u00edfica.<\/p>\n\n\n\n<p>&nbsp;&nbsp;&nbsp; Pedro Francisco Bon\u00f3 fue de los que m\u00e1s contribuyeron a la producci\u00f3n de la nueva Constituci\u00f3n de la Rep\u00fablica Dominicana.<\/p>\n\n\n\n<p>&nbsp;&nbsp;&nbsp; Durante el Gobierno de la Anexi\u00f3n a Espa\u00f1a fue un opositor y apoy\u00f3 la Guerra de la Restauraci\u00f3n.&nbsp; Durante sus \u00faltimos a\u00f1os sufri\u00f3 por la falta de cohesi\u00f3n del pueblo dominicano y las&nbsp; decisiones de los pol\u00edticos.<\/p>\n\n\n\n<p>El historiador&nbsp; Roberto Cass\u00e1&nbsp; en su obra \u201cPersonajes Dominicanos, Tomo II\u201d, destaca que los \u00faltimos a\u00f1os&nbsp; de Bon\u00f3 transcurrieron matizados&nbsp; por nuevos desencantos, producto de la frustraci\u00f3n de que la muerte del dictador&nbsp; Ulises (Lil\u00eds) Heureaux no fuera seguida por una democratizaci\u00f3n real. Lo que irrumpi\u00f3 fue el desorden protagonizado por los caudillos&nbsp; en forma impune, a causa de la inexperiencia&nbsp; del nuevo grupo gobernante, a&nbsp; su juicio atado a los \u201csofismas\u201d racionalistas&nbsp; y la injerencia de Estados Unidos, sobre cuyo peligro Bon\u00f3 y Meri\u00f1o,&nbsp; se alertaron mutuamente.<\/p>\n\n\n\n<p>El \u00faltimo texto de Bon\u00f3,&nbsp; recogido por Emilio Rodr\u00edguez Demorizi, una carta&nbsp; a Meri\u00f1o fechada el 31 de diciembre de 1903,&nbsp; resume&nbsp; la amargura en que qued\u00f3 embargado y centra su cr\u00edtica en el abandono del cristianismo por parte de las&nbsp; \u00e9lites&nbsp; cultas\u201d.<\/p>\n","protected":false},"excerpt":{"rendered":"<p>&nbsp; SAN&nbsp; FRANCISCO DE MACORIS, el 15 de septiembre de 1906, muri\u00f3 en&nbsp; de San Francisco de Macor\u00eds, Pedro Francisco Bon\u00f3, quien se distingui\u00f3 como soci\u00f3logo, abogado y pol\u00edtico. &nbsp;&nbsp;&nbsp; Bon\u00f3 hab\u00eda nacido en la ciudad de Santiago de los Caballeros, el 18 de Octubre de 1830. Fueron sus padres el comerciante Jos\u00e9 Bon\u00f3 y [&hellip;]<\/p>\n","protected":false},"author":28,"featured_media":383331,"comment_status":"closed","ping_status":"","sticky":true,"template":"","format":"standard","meta":{"footnotes":""},"categories":[26,27],"tags":[],"class_list":["post-383330","post","type-post","status-publish","format-standard","has-post-thumbnail","hentry","category-efemerides","category-portada"],"_links":{"self":[{"href":"https:\/\/diariodominicano.com\/index.php?rest_route=\/wp\/v2\/posts\/383330","targetHints":{"allow":["GET"]}}],"collection":[{"href":"https:\/\/diariodominicano.com\/index.php?rest_route=\/wp\/v2\/posts"}],"about":[{"href":"https:\/\/diariodominicano.com\/index.php?rest_route=\/wp\/v2\/types\/post"}],"author":[{"embeddable":true,"href":"https:\/\/diariodominicano.com\/index.php?rest_route=\/wp\/v2\/users\/28"}],"replies":[{"embeddable":true,"href":"https:\/\/diariodominicano.com\/index.php?rest_route=%2Fwp%2Fv2%2Fcomments&post=383330"}],"version-history":[{"count":1,"href":"https:\/\/diariodominicano.com\/index.php?rest_route=\/wp\/v2\/posts\/383330\/revisions"}],"predecessor-version":[{"id":383332,"href":"https:\/\/diariodominicano.com\/index.php?rest_route=\/wp\/v2\/posts\/383330\/revisions\/383332"}],"wp:featuredmedia":[{"embeddable":true,"href":"https:\/\/diariodominicano.com\/index.php?rest_route=\/wp\/v2\/media\/383331"}],"wp:attachment":[{"href":"https:\/\/diariodominicano.com\/index.php?rest_route=%2Fwp%2Fv2%2Fmedia&parent=383330"}],"wp:term":[{"taxonomy":"category","embeddable":true,"href":"https:\/\/diariodominicano.com\/index.php?rest_route=%2Fwp%2Fv2%2Fcategories&post=383330"},{"taxonomy":"post_tag","embeddable":true,"href":"https:\/\/diariodominicano.com\/index.php?rest_route=%2Fwp%2Fv2%2Ftags&post=383330"}],"curies":[{"name":"wp","href":"https:\/\/api.w.org\/{rel}","templated":true}]}}