{"id":383327,"date":"2022-09-15T00:40:04","date_gmt":"2022-09-15T04:40:04","guid":{"rendered":"http:\/\/diariodominicano.com\/?p=383327"},"modified":"2022-09-15T00:40:27","modified_gmt":"2022-09-15T04:40:27","slug":"el-ejercito-espanol-pierde-mas-de-dos-mil-hombres-en-traslado-a-puerto-plata","status":"publish","type":"post","link":"https:\/\/diariodominicano.com\/?p=383327","title":{"rendered":"El Ej\u00e9rcito espa\u00f1ol pierde m\u00e1s de dos mil hombres en traslado a Puerto Plata"},"content":{"rendered":"\n<p> En el acta,\u00a0 los pr\u00f3ceres reunidos\u00a0 en Santiago de los Caballeros, resaltan los motivos que tuvieron para tomar las armas y restaurar la Rep\u00fablica, en raz\u00f3n de que la Anexi\u00f3n a Espa\u00f1a no fue la voluntad del pueblo dominicano, sino del Presidente Pedro Santana. <\/p>\n\n\n\n<p>\u00a0\u00a0 Por H\u00e9ctor Tineo Nolasco<\/p>\n\n\n\n<p>Diariodominicano.com<\/p>\n\n\n\n<p>SANTIAGO DE LOS CABALLEROS, el\u00a0 15 de septiembre de 1863, las fuerzas restauradoras continuaron los ataques contra las tropas\u00a0 espa\u00f1olas que se desplazaban a Puerto Plata, luego de perder la Batalla de Santiago, que\u00a0 se libr\u00f3\u00a0 durante los d\u00edas del 6 al 13 de septiembre de 1863.<\/p>\n\n\n\n<p>&nbsp;&nbsp;&nbsp;&nbsp; Un informe militar da cuenta de que las tropas espa\u00f1olas llegaron a Puerto Plata, el mismo d\u00eda 15 de septiembre&nbsp; \u00abcon una secuela de 2,774&nbsp; muertos, entre&nbsp; civiles, soldados, mujeres, ni\u00f1os, trece oficiales y 127 heridos, as\u00ed como cinco oficiales y cinco efectivos contusos\u00bb.<\/p>\n\n\n\n<p>&nbsp;Durante la marcha de los espa\u00f1oles a Puerto Plata, los dominicanos los hostilizaron&nbsp; en todo el trayecto con fuegos en&nbsp; todas las&nbsp; direcciones, siendo emboscados en Arroyo Negro, en Bajabonico y en la Cuesta de San Marcos, desde donde llegaron a Puerto Plata, a las 18:00 horas del 15 de septiembre.<\/p>\n\n\n\n<p>&nbsp;&nbsp;&nbsp;&nbsp;&nbsp;&nbsp;&nbsp; El d\u00eda anterior, el&nbsp; 14 de septiembre de 1863, luego del triunfo&nbsp; de los restauradores en la Batalla de Santiago, los dominicanos proclamaron el acta que declar\u00f3 restaurada la Independencia de la Rep\u00fablica Dominicana.<\/p>\n\n\n\n<p>&nbsp;&nbsp;&nbsp; En el acta,&nbsp; los pr\u00f3ceres reunidos&nbsp; en Santiago de los Caballeros, resaltan los motivos que tuvieron para tomar las armas y restaurar la Rep\u00fablica, en raz\u00f3n de que la Anexi\u00f3n a Espa\u00f1a no fue la voluntad del pueblo dominicano, sino del Presidente Pedro Santana.<\/p>\n","protected":false},"excerpt":{"rendered":"<p>En el acta,\u00a0 los pr\u00f3ceres reunidos\u00a0 en Santiago de los Caballeros, resaltan los motivos que tuvieron para tomar las armas y restaurar la Rep\u00fablica, en raz\u00f3n de que la Anexi\u00f3n a Espa\u00f1a no fue la voluntad del pueblo dominicano, sino del Presidente Pedro Santana. \u00a0\u00a0 Por H\u00e9ctor Tineo Nolasco Diariodominicano.com SANTIAGO DE LOS CABALLEROS, el\u00a0 [&hellip;]<\/p>\n","protected":false},"author":28,"featured_media":274138,"comment_status":"closed","ping_status":"","sticky":true,"template":"","format":"standard","meta":{"footnotes":""},"categories":[26,27],"tags":[],"class_list":["post-383327","post","type-post","status-publish","format-standard","has-post-thumbnail","hentry","category-efemerides","category-portada"],"_links":{"self":[{"href":"https:\/\/diariodominicano.com\/index.php?rest_route=\/wp\/v2\/posts\/383327","targetHints":{"allow":["GET"]}}],"collection":[{"href":"https:\/\/diariodominicano.com\/index.php?rest_route=\/wp\/v2\/posts"}],"about":[{"href":"https:\/\/diariodominicano.com\/index.php?rest_route=\/wp\/v2\/types\/post"}],"author":[{"embeddable":true,"href":"https:\/\/diariodominicano.com\/index.php?rest_route=\/wp\/v2\/users\/28"}],"replies":[{"embeddable":true,"href":"https:\/\/diariodominicano.com\/index.php?rest_route=%2Fwp%2Fv2%2Fcomments&post=383327"}],"version-history":[{"count":2,"href":"https:\/\/diariodominicano.com\/index.php?rest_route=\/wp\/v2\/posts\/383327\/revisions"}],"predecessor-version":[{"id":383329,"href":"https:\/\/diariodominicano.com\/index.php?rest_route=\/wp\/v2\/posts\/383327\/revisions\/383329"}],"wp:featuredmedia":[{"embeddable":true,"href":"https:\/\/diariodominicano.com\/index.php?rest_route=\/wp\/v2\/media\/274138"}],"wp:attachment":[{"href":"https:\/\/diariodominicano.com\/index.php?rest_route=%2Fwp%2Fv2%2Fmedia&parent=383327"}],"wp:term":[{"taxonomy":"category","embeddable":true,"href":"https:\/\/diariodominicano.com\/index.php?rest_route=%2Fwp%2Fv2%2Fcategories&post=383327"},{"taxonomy":"post_tag","embeddable":true,"href":"https:\/\/diariodominicano.com\/index.php?rest_route=%2Fwp%2Fv2%2Ftags&post=383327"}],"curies":[{"name":"wp","href":"https:\/\/api.w.org\/{rel}","templated":true}]}}