{"id":383325,"date":"2022-09-15T00:37:24","date_gmt":"2022-09-15T04:37:24","guid":{"rendered":"http:\/\/diariodominicano.com\/?p=383325"},"modified":"2022-09-15T00:37:24","modified_gmt":"2022-09-15T04:37:24","slug":"el-general-jose-joaquin-puello-dispone-establecer-centro-de-operaciones-en-las-matas-de-farfan","status":"publish","type":"post","link":"https:\/\/diariodominicano.com\/?p=383325","title":{"rendered":"El general Jos\u00e9 Joaqu\u00edn Puello dispone establecer centro de operaciones en Las Matas de Farf\u00e1n"},"content":{"rendered":"\n<p>Por HTN<\/p>\n\n\n\n<p>Diariodominicano.com LAS MATAS DE FARFAN,&nbsp; el 15 de septiembre de 1845, el general Jos\u00e9 Joaqu\u00edn Puello dispuso que sus tropas establecieran su centro de operaciones en Las Matas de Farf\u00e1n.<\/p>\n\n\n\n<p>&nbsp;&nbsp;&nbsp; La decisi\u00f3n se produjo tras varios d\u00edas tratando de localizar a las tropas haitianas que invadieron la Rep\u00fablica Dominicana por la regi\u00f3n sur, a las que derrot\u00f3 en la batalla de La Estrelleta, el 17 de septiembre de 1845.<\/p>\n","protected":false},"excerpt":{"rendered":"<p>Por HTN Diariodominicano.com LAS MATAS DE FARFAN,&nbsp; el 15 de septiembre de 1845, el general Jos\u00e9 Joaqu\u00edn Puello dispuso que sus tropas establecieran su centro de operaciones en Las Matas de Farf\u00e1n. &nbsp;&nbsp;&nbsp; La decisi\u00f3n se produjo tras varios d\u00edas tratando de localizar a las tropas haitianas que invadieron la Rep\u00fablica Dominicana por la regi\u00f3n [&hellip;]<\/p>\n","protected":false},"author":28,"featured_media":0,"comment_status":"closed","ping_status":"","sticky":true,"template":"","format":"standard","meta":{"footnotes":""},"categories":[26,27],"tags":[],"class_list":["post-383325","post","type-post","status-publish","format-standard","hentry","category-efemerides","category-portada"],"_links":{"self":[{"href":"https:\/\/diariodominicano.com\/index.php?rest_route=\/wp\/v2\/posts\/383325","targetHints":{"allow":["GET"]}}],"collection":[{"href":"https:\/\/diariodominicano.com\/index.php?rest_route=\/wp\/v2\/posts"}],"about":[{"href":"https:\/\/diariodominicano.com\/index.php?rest_route=\/wp\/v2\/types\/post"}],"author":[{"embeddable":true,"href":"https:\/\/diariodominicano.com\/index.php?rest_route=\/wp\/v2\/users\/28"}],"replies":[{"embeddable":true,"href":"https:\/\/diariodominicano.com\/index.php?rest_route=%2Fwp%2Fv2%2Fcomments&post=383325"}],"version-history":[{"count":1,"href":"https:\/\/diariodominicano.com\/index.php?rest_route=\/wp\/v2\/posts\/383325\/revisions"}],"predecessor-version":[{"id":383326,"href":"https:\/\/diariodominicano.com\/index.php?rest_route=\/wp\/v2\/posts\/383325\/revisions\/383326"}],"wp:attachment":[{"href":"https:\/\/diariodominicano.com\/index.php?rest_route=%2Fwp%2Fv2%2Fmedia&parent=383325"}],"wp:term":[{"taxonomy":"category","embeddable":true,"href":"https:\/\/diariodominicano.com\/index.php?rest_route=%2Fwp%2Fv2%2Fcategories&post=383325"},{"taxonomy":"post_tag","embeddable":true,"href":"https:\/\/diariodominicano.com\/index.php?rest_route=%2Fwp%2Fv2%2Ftags&post=383325"}],"curies":[{"name":"wp","href":"https:\/\/api.w.org\/{rel}","templated":true}]}}