{"id":38326,"date":"2020-06-24T17:52:25","date_gmt":"2020-06-24T17:52:25","guid":{"rendered":"http:\/\/diariodominicano.ddns.net\/?p=38326"},"modified":"2020-06-24T17:52:25","modified_gmt":"2020-06-24T17:52:25","slug":"el-aumento-de-las-pesadillas","status":"publish","type":"post","link":"https:\/\/diariodominicano.com\/?p=38326","title":{"rendered":"EL AUMENTO DE LAS PESADILLAS"},"content":{"rendered":"<p><body><\/p>\n<p><strong>ALGO M\u00c1S QUE PALABRAS<\/strong><\/p>\n<p><strong>EL AUMENTO DE LAS PESADILLAS<\/strong><\/p>\n<p><strong>=============================<\/strong><\/p>\n<p><strong>V\u00edctor CORCOBA HERRERO\/ Escritor<\/strong><\/p>\n<p><strong>corcoba@telefonica.net\t<\/strong><\/p>\n<p><strong>===================<\/strong>========== <\/p>\n<\/p>\n<p>\tHay que tomar conciencia del tiempo y liberarnos de esta permanente atm\u00f3sfera estresante que nos agota el cuerpo, pero tambi\u00e9n el alma. Todo nada en el desequilibrio, en la inmoralidad y en la fibra corrupta, en la manera de comercializar los unos con los otros y en el modo de sacar provecho de la debilidad; y, justamente, con este pulso la vida no es aceptable, en parte por esa falta de respeto natural de todos hacia aquello que nos rodea. La irresponsabilidad humana es tan manifiesta, que hemos de templarnos para conseguir acompasar el deber con el derecho. <\/p>\n<\/p>\n<p>Indudablemente, lo prioritario es empezar por el respeto de uno mismo para lograr achicar los vicios que nos dominan. Tambi\u00e9n se nos han debilitado los sue\u00f1os y han crecido el n\u00famero de pesadillas. La m\u00e1s tremenda, que ninguna especie est\u00e9 a salvo, por el caprichoso impacto nuestro sobre la naturaleza, de cambiar los usos de la tierra y el mar, y no poner l\u00edmites a la sobreexplotaci\u00f3n, ni a los agentes contaminantes. Sin rostro ni rastro de algunos seres vivos, s\u00f3lo nos queda la acci\u00f3n responsable de modificar nuestra interacci\u00f3n con el medio ambiente.<\/p>\n<\/p>\n<p>Ya no podemos continuar destruyendo la biodiversidad. El mercado de la compraventa nos ha usurpado ese ser sensible, con la bondad como principio en el andar, y nos ha reembolsado un mando que nos aplasta entre s\u00ed. Vendidos a un poderoso caballero que nos deja sin entra\u00f1as, las contrariedades fan\u00e1ticas son realmente avasalladoras. Llevamos consigo un eterno esp\u00edritu malvado, con el tanto tienes tanto vales, capaz de echar abajo algo tan innato, como ese sentimiento arm\u00f3nico que es lo que verdaderamente nos ennoblece y sustenta.<\/p>\n<\/p>\n<p>Las personas pueden ser buenas, pero la supremac\u00eda como tal tiende a corromper, pues detr\u00e1s de todo esto, siempre est\u00e1 el dinero abriendo aparentes caminos, activando desigualdades, moviendo falsas razones financieras y removiendo envidias. Por eso, es importante esparcirlo, que nadie lo tenga en exclusiva, pues de esta forma nos conduce a la cat\u00e1strofe, a sentirnos cautivos de una relaci\u00f3n que nos carcome de rabia; pues, en el fondo, todos hemos de ser servidores, no unos amos y otros esclavos. Sin duda, la gran lecci\u00f3n que puede proporcionarnos la actual pandemia, sea la de conseguir un reajuste econ\u00f3mico mundial, fomentando una recuperaci\u00f3n m\u00e1s inclusiva. Ojal\u00e1 florezca as\u00ed el nuevo despertar.<\/p>\n<\/p>\n<p>V\u00edctor CORCOBA HERRERO \/ Escritor<\/p>\n<p>corcoba@telefonica.net<\/p>\n<p>24 de junio de 2020 <\/p>\n<h6> 2020-06-24 17:52:25 <\/h6>\n<p><!--\n<link rel=\"stylesheet\" href=\"css\/bootstrap.min.css\">\n\n\n<ul class=\"pagination\">\n\t    \n\t\n\n<li >\n\t<a href='?page_no=174'>Previous<\/a>\n\t<\/li>\n\n\n       \n    \n\n<li><a href='?page_no=1'>1<\/a><\/li>\n\n\n\n<li><a href='?page_no=2'>2<\/a><\/li>\n\n\n\n<li><a>...<\/a><\/li>\n\n\n\n<li><a href='?page_no=173'>173<\/a><\/li>\n\n\n\n<li><a href='?page_no=174'>174<\/a><\/li>\n\n\n\n<li class='active'><a>175<\/a><\/li>\n\n\n\n<li><a href='?page_no=176'>176<\/a><\/li>\n\n\n\n<li><a href='?page_no=177'>177<\/a><\/li>\n\n\n\n<li><a>...<\/a><\/li>\n\n\n\n<li><a href='?page_no=13611'>13611<\/a><\/li>\n\n\n\n<li><a href='?page_no=13612'>13612<\/a><\/li>\n\n    \n\t\n\n<li >\n\t<a href='?page_no=176'>Next<\/a>\n\t<\/li>\n\n\n    \n\n<li><a href='?page_no=13612'>Last &rsaquo;&rsaquo;<\/a><\/li>\n\n<\/ul>\n\n\n--><br \/>\n<\/body><\/p>\n","protected":false},"excerpt":{"rendered":"<p>ALGO M\u00c1S QUE PALABRAS EL AUMENTO DE LAS PESADILLAS ============================= V\u00edctor CORCOBA HERRERO\/ Escritor corcoba@telefonica.net ============================= Hay que tomar conciencia del tiempo y liberarnos de esta permanente atm\u00f3sfera estresante que nos agota el cuerpo, pero tambi\u00e9n el alma. Todo nada en el desequilibrio, en la inmoralidad y en la fibra corrupta, en la manera de [&hellip;]<\/p>\n","protected":false},"author":3,"featured_media":0,"comment_status":"open","ping_status":"open","sticky":false,"template":"","format":"standard","meta":{"footnotes":""},"categories":[16],"tags":[],"class_list":["post-38326","post","type-post","status-publish","format-standard","hentry","category-opiniones"],"_links":{"self":[{"href":"https:\/\/diariodominicano.com\/index.php?rest_route=\/wp\/v2\/posts\/38326","targetHints":{"allow":["GET"]}}],"collection":[{"href":"https:\/\/diariodominicano.com\/index.php?rest_route=\/wp\/v2\/posts"}],"about":[{"href":"https:\/\/diariodominicano.com\/index.php?rest_route=\/wp\/v2\/types\/post"}],"author":[{"embeddable":true,"href":"https:\/\/diariodominicano.com\/index.php?rest_route=\/wp\/v2\/users\/3"}],"replies":[{"embeddable":true,"href":"https:\/\/diariodominicano.com\/index.php?rest_route=%2Fwp%2Fv2%2Fcomments&post=38326"}],"version-history":[{"count":0,"href":"https:\/\/diariodominicano.com\/index.php?rest_route=\/wp\/v2\/posts\/38326\/revisions"}],"wp:attachment":[{"href":"https:\/\/diariodominicano.com\/index.php?rest_route=%2Fwp%2Fv2%2Fmedia&parent=38326"}],"wp:term":[{"taxonomy":"category","embeddable":true,"href":"https:\/\/diariodominicano.com\/index.php?rest_route=%2Fwp%2Fv2%2Fcategories&post=38326"},{"taxonomy":"post_tag","embeddable":true,"href":"https:\/\/diariodominicano.com\/index.php?rest_route=%2Fwp%2Fv2%2Ftags&post=38326"}],"curies":[{"name":"wp","href":"https:\/\/api.w.org\/{rel}","templated":true}]}}