{"id":383061,"date":"2022-09-14T00:36:07","date_gmt":"2022-09-14T04:36:07","guid":{"rendered":"http:\/\/diariodominicano.com\/?p=383061"},"modified":"2022-09-14T07:31:56","modified_gmt":"2022-09-14T11:31:56","slug":"gobierno-de-republica-dominicana-aprueba-politica-de-dar-terrenos-a-inmigrantes-europeos","status":"publish","type":"post","link":"https:\/\/diariodominicano.com\/?p=383061","title":{"rendered":"Gobierno de Rep\u00fablica Dominicana aprueba pol\u00edtica de dar terrenos a inmigrantes europeos"},"content":{"rendered":"\n<p><strong> En ese momento, el Gobierno dominicano ten\u00eda inter\u00e9s en promover las inmigraciones europeas para aumentar la producci\u00f3n\u00a0 agr\u00edcola. <\/strong><\/p>\n\n\n\n<p> El presidente Alejandro Woss y Gil <\/p>\n\n\n\n<p>&nbsp;Por H\u00e9ctor Tineo Nolasco<\/p>\n\n\n\n<p>Diariodominicano.com<\/p>\n\n\n\n<p>SANTO DOMINGO, el&nbsp; 14 de Septiembre&nbsp; de 1885, el Presidente Alejandro Woss y Gil, orden\u00f3 al ministro de Hacienda que realizara una investigaci\u00f3n para establecer en cu\u00e1les terrenos del Estado se podr\u00edan asentar inmigrantes europeos.<\/p>\n\n\n\n<p>\u00a0\u00a0 En ese momento, el Gobierno dominicano ten\u00eda inter\u00e9s en promover las inmigraciones europeas para aumentar la producci\u00f3n\u00a0 agr\u00edcola.<\/p>\n\n\n\n<p>&nbsp;&nbsp; Primaba la idea de que los europeos pod\u00edan hacer importantes aportes para el progreso de la Rep\u00fablica Dominicana.<\/p>\n\n\n\n<p>&nbsp;&nbsp;&nbsp; El Presidente Alejandro Moss y Gil, de esa manera le&nbsp; dio continuidad a la pol\u00edtica que hab\u00eda iniciado el Presidente Francisco Gregorio Billini, quien hab\u00eda presentado renuncia&nbsp; el 16 de mayo de 1885.<\/p>\n\n\n\n<p>&nbsp;&nbsp;&nbsp; Woss y Gil asumi\u00f3 la Presidencia porque era el Vicepresidente de la Rep\u00fablica, en el Gobierno del Presidente Billini, quien&nbsp; renunci\u00f3 al cargo.<\/p>\n\n\n\n<p>&nbsp;&nbsp;&nbsp;&nbsp; El uno de septiembre de 1884, Francisco Gregorio Billini hab\u00eda asumido la Presidencia&nbsp; de la Rep\u00fablica, al ser declarado ganador de unas elecciones que el pr\u00f3cer Gregorio Luper\u00f3n calific\u00f3 de fraudulentas.<\/p>\n\n\n\n<p>&nbsp;&nbsp;&nbsp;&nbsp; Billini&nbsp; lleg\u00f3 al poder con su compa\u00f1ero de boleta Alejandro Woss y G\u00edl. Los dos eran sustentados por el general Ulises&nbsp; (Lil\u00eds) Heureaux.<\/p>\n\n\n\n<p>&nbsp;&nbsp;&nbsp; A Francisco Gregorio Billini le toc\u00f3 un per\u00edodo de Gobierno&nbsp; dif\u00edcil, ya que los miembros del Partido Azul, considerados m\u00e1s liberales, le hicieron la vida dif\u00edcil, porque persegu\u00edan evitar que siguiera creciendo el poder pol\u00edtico y militar del general Ulises (Lil\u00eds) Heureaux.<\/p>\n\n\n\n<p>&nbsp;&nbsp;&nbsp;<strong> Ulises Heureaux, quer\u00eda dirigir el Gobierno desde su Ministerio de Guerra y Marina. Ante esa situaci\u00f3n,&nbsp; el Presidente Francisco Gregorio Billini renunci\u00f3 a la jefatura del Estado y entreg\u00f3 el Gobierno al Vicepresidente Alejandro Woss y G\u00edl, el 16 de Mayo de 1885.<\/strong><\/p>\n\n\n\n<p>&nbsp;&nbsp;&nbsp; En el discurso que pronunci\u00f3 para anunciar su renuncia a la Presidencia de la Rep\u00fablica, Francisco Gregorio Billini cit\u00f3 entre los logros de su Gobierno la llegada de la inmigraci\u00f3n de canarios&nbsp; contratada por el Ministerio de Fomento.<\/p>\n\n\n\n<p>&nbsp;&nbsp;&nbsp;&nbsp; Al dirigirse a los diputados expres\u00f3: \u00abSatisfacci\u00f3n leg\u00edtima siento de que se haya comenzado durante mi Gobierno a establecer esa corriente de inmigraci\u00f3n laboriosa en el pa\u00eds\u00bb.<\/p>\n\n\n\n<p>&nbsp;&nbsp; Anunci\u00f3 que en breve vendr\u00edan otros brazos a darle empuje a nuestra abatida agricultura y aconsej\u00f3 al nuevo Gobierno&nbsp; no omitir sacrificios por seguir fomentando la inmigraci\u00f3n de canarios.<\/p>\n\n\n\n<p>&nbsp;&nbsp;&nbsp;&nbsp; La pol\u00edtica a la que dio continuidad el Presidente Alejandro Woss Gil aseguraba terrenos propios a&nbsp; los trabajadores canarios que vinieran al pa\u00eds en virtud de contratos con el Gobierno dominicano.<\/p>\n","protected":false},"excerpt":{"rendered":"<p>En ese momento, el Gobierno dominicano ten\u00eda inter\u00e9s en promover las inmigraciones europeas para aumentar la producci\u00f3n\u00a0 agr\u00edcola. El presidente Alejandro Woss y Gil &nbsp;Por H\u00e9ctor Tineo Nolasco Diariodominicano.com SANTO DOMINGO, el&nbsp; 14 de Septiembre&nbsp; de 1885, el Presidente Alejandro Woss y Gil, orden\u00f3 al ministro de Hacienda que realizara una investigaci\u00f3n para establecer en [&hellip;]<\/p>\n","protected":false},"author":28,"featured_media":352133,"comment_status":"closed","ping_status":"","sticky":true,"template":"","format":"standard","meta":{"footnotes":""},"categories":[26,27],"tags":[],"class_list":["post-383061","post","type-post","status-publish","format-standard","has-post-thumbnail","hentry","category-efemerides","category-portada"],"_links":{"self":[{"href":"https:\/\/diariodominicano.com\/index.php?rest_route=\/wp\/v2\/posts\/383061","targetHints":{"allow":["GET"]}}],"collection":[{"href":"https:\/\/diariodominicano.com\/index.php?rest_route=\/wp\/v2\/posts"}],"about":[{"href":"https:\/\/diariodominicano.com\/index.php?rest_route=\/wp\/v2\/types\/post"}],"author":[{"embeddable":true,"href":"https:\/\/diariodominicano.com\/index.php?rest_route=\/wp\/v2\/users\/28"}],"replies":[{"embeddable":true,"href":"https:\/\/diariodominicano.com\/index.php?rest_route=%2Fwp%2Fv2%2Fcomments&post=383061"}],"version-history":[{"count":4,"href":"https:\/\/diariodominicano.com\/index.php?rest_route=\/wp\/v2\/posts\/383061\/revisions"}],"predecessor-version":[{"id":383083,"href":"https:\/\/diariodominicano.com\/index.php?rest_route=\/wp\/v2\/posts\/383061\/revisions\/383083"}],"wp:featuredmedia":[{"embeddable":true,"href":"https:\/\/diariodominicano.com\/index.php?rest_route=\/wp\/v2\/media\/352133"}],"wp:attachment":[{"href":"https:\/\/diariodominicano.com\/index.php?rest_route=%2Fwp%2Fv2%2Fmedia&parent=383061"}],"wp:term":[{"taxonomy":"category","embeddable":true,"href":"https:\/\/diariodominicano.com\/index.php?rest_route=%2Fwp%2Fv2%2Fcategories&post=383061"},{"taxonomy":"post_tag","embeddable":true,"href":"https:\/\/diariodominicano.com\/index.php?rest_route=%2Fwp%2Fv2%2Ftags&post=383061"}],"curies":[{"name":"wp","href":"https:\/\/api.w.org\/{rel}","templated":true}]}}